{"id":576749,"date":"2026-07-09T10:48:16","date_gmt":"2026-07-09T10:48:16","guid":{"rendered":"https:\/\/www.europesays.com\/it\/576749\/"},"modified":"2026-07-09T10:48:16","modified_gmt":"2026-07-09T10:48:16","slug":"mediaset-tutti-i-palinsesti-della-nuova-stagione-selvaggia-lucarelli-allisola-e-torna-ok-il-prezzo-e-giusto","status":"publish","type":"post","link":"https:\/\/www.europesays.com\/it\/576749\/","title":{"rendered":"Mediaset, tutti i palinsesti della nuova stagione: Selvaggia Lucarelli all&#8217;Isola e torna \u00abOk il prezzo \u00e8 giusto\u00bb"},"content":{"rendered":"<p><a href=\"https:\/\/www.ilmattino.it\/t\/mediaset\" rel=\"nofollow noopener\" target=\"_blank\">Mediaset<\/a> presenta la nuova stagione televisiva tra conferme, ritorni e novit\u00e0. A <a href=\"https:\/\/www.ilmattino.it\/t\/cologno-monzese\" rel=\"nofollow noopener\" target=\"_blank\">Cologno Monzese<\/a> il racconto dei palinsesti parte da un\u2019idea chiara, sintetizzata da Federico Di Chio, Direttore Marketing Strategico del gruppo: <strong>\u00abLa televisione \u00e8 abitudine, un rituale\u00bb<\/strong>.<\/p>\n<p>A rilanciare il concetto \u00e8 <a href=\"https:\/\/www.ilmattino.it\/t\/pier-silvio-berlusconi\" rel=\"nofollow noopener\" target=\"_blank\">Pier Silvio Berlusconi<\/a>, amministratore delegato di Mfe-MediaForEurope, che durante la presentazione dei prodotti confermati manda anche un messaggio alla concorrenza: <strong>\u00abNon bisogna togliere ma trovare come aggiungere\u00bb<\/strong>.<\/p>\n<p>La prossima stagione Mediaset punter\u00e0 su fiction, reality, game show, musica, informazione e sport. Tra le novit\u00e0 pi\u00f9 rilevanti ci sono <strong><a href=\"https:\/\/www.ilmattino.it\/t\/selvaggia-lucarelli\" rel=\"nofollow noopener\" target=\"_blank\">Selvaggia Lucarelli<\/a><\/strong> all\u2019<a href=\"https:\/\/www.ilmattino.it\/t\/isola-dei-famosi\" rel=\"nofollow noopener\" target=\"_blank\">Isola dei Famosi<\/a>, <strong>Milo Infante<\/strong> con un doppio appuntamento su Rete 4, l\u2019ingresso di <strong>Giorgio Panariello<\/strong>, il film su <strong><a href=\"https:\/\/www.ilmattino.it\/t\/carlo-acutis\" rel=\"nofollow noopener\" target=\"_blank\">Carlo Acutis<\/a><\/strong>, il ritorno di <strong>Sabrina Ferilli<\/strong> e nuove serie con <strong>Can Yaman<\/strong> e <strong>Vanessa Incontrada<\/strong>.<\/p>\n","protected":false},"excerpt":{"rendered":"Mediaset presenta la nuova stagione televisiva tra conferme, ritorni e novit\u00e0. A Cologno Monzese il racconto dei palinsesti&hellip;\n","protected":false},"author":3,"featured_media":576750,"comment_status":"","ping_status":"","sticky":false,"template":"","format":"standard","meta":{"footnotes":"","_share_on_mastodon":"0"},"categories":[1444],"tags":[148264,8865,64761,190506,29873,203,10748,71991,19131,204,14322,1537,90,89,317735,9060,16277,35986,53628,6270,44206,84787,35988,253,51711],"class_list":["post-576749","post","type-post","status-publish","format-standard","has-post-thumbnail","category-tv","tag-anna-valle","tag-can-yaman","tag-carlo-acutis","tag-cologno-monzese","tag-daniele-pecci","tag-entertainment","tag-francesca-chillemi","tag-giorgio-panariello","tag-grande-fratello-vip","tag-intrattenimento","tag-isola-dei-famosi","tag-it","tag-italia","tag-italy","tag-maria-sole-pollio","tag-mediaset","tag-mediaset-infinity","tag-milo-infante","tag-palinsesti","tag-pier-silvio-berlusconi","tag-rete-4","tag-sabrina-ferilli","tag-selvaggia-lucarelli","tag-tv","tag-vanessa-incontrada"],"share_on_mastodon":{"url":"https:\/\/pubeurope.com\/@it\/116889630096439655","error":""},"_links":{"self":[{"href":"https:\/\/www.europesays.com\/it\/wp-json\/wp\/v2\/posts\/576749","targetHints":{"allow":["GET"]}}],"collection":[{"href":"https:\/\/www.europesays.com\/it\/wp-json\/wp\/v2\/posts"}],"about":[{"href":"https:\/\/www.europesays.com\/it\/wp-json\/wp\/v2\/types\/post"}],"author":[{"embeddable":true,"href":"https:\/\/www.europesays.com\/it\/wp-json\/wp\/v2\/users\/3"}],"replies":[{"embeddable":true,"href":"https:\/\/www.europesays.com\/it\/wp-json\/wp\/v2\/comments?post=576749"}],"version-history":[{"count":0,"href":"https:\/\/www.europesays.com\/it\/wp-json\/wp\/v2\/posts\/576749\/revisions"}],"wp:featuredmedia":[{"embeddable":true,"href":"https:\/\/www.europesays.com\/it\/wp-json\/wp\/v2\/media\/576750"}],"wp:attachment":[{"href":"https:\/\/www.europesays.com\/it\/wp-json\/wp\/v2\/media?parent=576749"}],"wp:term":[{"taxonomy":"category","embeddable":true,"href":"https:\/\/www.europesays.com\/it\/wp-json\/wp\/v2\/categories?post=576749"},{"taxonomy":"post_tag","embeddable":true,"href":"https:\/\/www.europesays.com\/it\/wp-json\/wp\/v2\/tags?post=576749"}],"curies":[{"name":"wp","href":"https:\/\/api.w.org\/{rel}","templated":true}]}}