{"id":576795,"date":"2026-07-09T11:22:16","date_gmt":"2026-07-09T11:22:16","guid":{"rendered":"https:\/\/www.europesays.com\/it\/576795\/"},"modified":"2026-07-09T11:22:16","modified_gmt":"2026-07-09T11:22:16","slug":"frammenti-di-ferruccio-de-bortoli-salari-reali-piu-bassi-una-vergogna-italiana","status":"publish","type":"post","link":"https:\/\/www.europesays.com\/it\/576795\/","title":{"rendered":"Frammenti di Ferruccio de Bortoli | Salari reali pi\u00f9 bassi, una vergogna italiana"},"content":{"rendered":"<p class=\"chapter-paragraph\">Marco Leonardi sul Foglio di oggi torna su una vergogna italiana. Perch\u00e9 tale \u00e8 e tale dovrebbe essere considerata a livello nazionale. Invece, ci indigniamo poco. Troppo poco. <b>Il potere d\u2019acquisto delle retribuzioni,<\/b> secondo gli ultimi dati Ocse, \u00e8 inferiore del 6,1 per cento rispetto al 2021. L\u2019organizzazione che riunisce i Paesi industriali, con sede a Parigi, prevede un nuovo calo dello 0,9 per cento nell\u2019anno in corso e un modesto recupero (0,2 per cento) l\u2019anno prossimo.\u00a0<\/p>\n<p class=\"chapter-paragraph\">Un primato negativo solo italiano. <b>Il ritardo cronico con cui vengono rinnovati i principali contratti collettivi,<\/b> nonostante qualche forma negoziale di compensazione, impedisce il recupero totale dell\u2019erosione causata dall\u2019inflazione. Secondo Leonardi il danno a carico dei lavoratori rischia di ripetersi anche con questa nuova ondata inflattiva. Come porvi rimedio? Un ritorno alla scala mobile, come vorrebbe per esempio Alleanza Verdi e Sinistra, \u00e8 del tutto sconsigliabile visto quello che accadde negli anni Settanta e Ottanta del secolo scorso con l\u2019innestarsi di un\u2019insidiosa spirale tra prezzi e salari. <b>E oggi, con la moneta unica, difficilmente praticabile.<\/b>\u00a0    &#13;<br \/>\n&#13;<br \/>\n&#13;<br \/>\n&#13;<br \/>\n&#13;<br \/>\n&#13;<br \/>\n&#13;<br \/>\n&#13;<br \/>\n&#13;<br \/>\n&#13;<br \/>\n&#13;<br \/>\n&#13;<br \/>\n&#13;<br \/>\n&#13;<br \/>\n&#13;<br \/>\n&#13;<br \/>\n&#13;<br \/>\n&#13;<br \/>\n&#13;<br \/>\n&#13;<br \/>\n&#13;<br \/>\n&#13;<br \/>\n&#13;<br \/>\n&#13;<br \/>\n&#13;<br \/>\n&#13;<br \/>\n&#13;<br \/>\n&#13;<br \/>\n&#13;<br \/>\n&#13;<br \/>\n&#13;<br \/>\n&#13;<br \/>\n&#13;<br \/>\n&#13;<br \/>\n&#13;<br \/>\n&#13;<br \/>\n&#13;<br \/>\n&#13;<br \/>\n&#13;<br \/>\n&#13;<br \/>\n&#13;<br \/>\n&#13;<br \/>\n&#13;<br \/>\n&#13;<br \/>\n&#13;<br \/>\n&#13;<br \/>\n&#13;<br \/>\n&#13;<br \/>\n&#13;<br \/>\n&#13;<br \/>\n&#13;<br \/>\n&#13;<br \/>\n&#13;\n<\/p>\n<p class=\"chapter-paragraph\">L\u2019economista e docente dell\u2019Universit\u00e0 degli Studi di Milano propone un patto per la fabbrica su produttivit\u00e0, rappresentanza e partecipazione che avrebbe anche l\u2019effetto di rafforzare i sindacati pi\u00f9 rappresentativi cio\u00e8 <b>quelli in grado di difendere meglio diritti e potere d\u2019acquisto di salari e stipendi<\/b>. La frammentazione degli attori, datoriali e sindacali, non innalza il livello della contrattazione, anzi. La detassazione degli aumenti, proposta dalla Uil, avrebbe l\u2019effetto di scaricarne il costo sull\u2019intera collettivit\u00e0 come gi\u00e0 peraltro avvenuto con la riduzione del cuneo fiscale contributivo. Il governo ha per\u00f2 un\u2019altra arma di pressione. Non trascurabile. E cio\u00e8 quella di minacciare, ed eventualmente imporre, <b>la sospensione di sussidi di varia natura per quelle categorie produttive che non rinnovano<\/b> <b>per tempo i contratti scaduti<\/b>. Il ritardo sistematico non pu\u00f2 essere modo per posticipare e depotenziare adeguamenti non solo salariali. Degrada a strumento di flessibilit\u00e0 con una componente, assai pi\u00f9 costosa, di ingiustizia nei confronti di chi lavora.<\/p>\n<p class=\"is-last-update\" datetime=\"2026-07-09T12:02:33+02:00\" content=\"2026-07-09\">9 luglio 2026<\/p>\n<p class=\"is-copyright\">\u00a9 RIPRODUZIONE RISERVATA<\/p>\n","protected":false},"excerpt":{"rendered":"Marco Leonardi sul Foglio di oggi torna su una vergogna italiana. Perch\u00e9 tale \u00e8 e tale dovrebbe essere&hellip;\n","protected":false},"author":3,"featured_media":442507,"comment_status":"","ping_status":"","sticky":false,"template":"","format":"standard","meta":{"footnotes":"","_share_on_mastodon":"0"},"categories":[172],"tags":[16519,238748,317768,2842,317769,317770,317771,317772,164557,178,177,2042,9943,3880,1537,90,4945,89,259240,6110,2428,78726,3279,16887,9318,19955,317767],"class_list":["post-576795","post","type-post","status-publish","format-standard","has-post-thumbnail","category-affari","tag-accadde","tag-accadde-settanta","tag-accadde-settanta-secolo","tag-acquisto","tag-acquisto-retribuzioni","tag-acquisto-retribuzioni-ultimi","tag-acquisto-salari","tag-acquisto-salari-stipendi","tag-adeguamenti","tag-affari","tag-business","tag-cioe","tag-contratti","tag-effetto","tag-it","tag-italia","tag-italiana","tag-italy","tag-leonardi","tag-livello","tag-potere","tag-potere-acquisto","tag-recupero","tag-ritardo","tag-salari","tag-vergogna","tag-vergogna-italiana"],"share_on_mastodon":{"url":"https:\/\/pubeurope.com\/@it\/116889763821673277","error":""},"_links":{"self":[{"href":"https:\/\/www.europesays.com\/it\/wp-json\/wp\/v2\/posts\/576795","targetHints":{"allow":["GET"]}}],"collection":[{"href":"https:\/\/www.europesays.com\/it\/wp-json\/wp\/v2\/posts"}],"about":[{"href":"https:\/\/www.europesays.com\/it\/wp-json\/wp\/v2\/types\/post"}],"author":[{"embeddable":true,"href":"https:\/\/www.europesays.com\/it\/wp-json\/wp\/v2\/users\/3"}],"replies":[{"embeddable":true,"href":"https:\/\/www.europesays.com\/it\/wp-json\/wp\/v2\/comments?post=576795"}],"version-history":[{"count":0,"href":"https:\/\/www.europesays.com\/it\/wp-json\/wp\/v2\/posts\/576795\/revisions"}],"wp:featuredmedia":[{"embeddable":true,"href":"https:\/\/www.europesays.com\/it\/wp-json\/wp\/v2\/media\/442507"}],"wp:attachment":[{"href":"https:\/\/www.europesays.com\/it\/wp-json\/wp\/v2\/media?parent=576795"}],"wp:term":[{"taxonomy":"category","embeddable":true,"href":"https:\/\/www.europesays.com\/it\/wp-json\/wp\/v2\/categories?post=576795"},{"taxonomy":"post_tag","embeddable":true,"href":"https:\/\/www.europesays.com\/it\/wp-json\/wp\/v2\/tags?post=576795"}],"curies":[{"name":"wp","href":"https:\/\/api.w.org\/{rel}","templated":true}]}}