{"id":576879,"date":"2026-07-09T12:32:20","date_gmt":"2026-07-09T12:32:20","guid":{"rendered":"https:\/\/www.europesays.com\/it\/576879\/"},"modified":"2026-07-09T12:32:20","modified_gmt":"2026-07-09T12:32:20","slug":"mercato-inter-una-squadra-di-giovani-in-serie-b-da-cocchi-a-topalovic-i-movimenti","status":"publish","type":"post","link":"https:\/\/www.europesays.com\/it\/576879\/","title":{"rendered":"Mercato Inter, una squadra di giovani in Serie B: da Cocchi a Topalovic, i movimenti"},"content":{"rendered":"<p>                                Sono tanti i giovani dell&#8217;Under 23 che nella scorsa stagione in C si sono messi in mostra e adesso vengono richiesti per il salto nella categoria superiore<\/p>\n<p class=\"paragraph\" spellcheck=\"true\">Il primo giovane nerazzurro a scegliere la Serie B per crescere ulteriormente \u00e8 stato Giacomo De Pieri, con direzione Ascoli Piceno. Ma la lista di ragazzi pronti al salto dalla Serie C con l&#8217;Under 23 alla B \u00e8 destinata ad allungarsi profondamente, perch\u00e9 sono molti i ragazzi di Vecchi per cui svariate societ\u00e0 della cadetteria hanno chiesto informazioni o, ancora di pi\u00f9, stanno gi\u00e0 trattando con convinzione. Tra chi si \u00e8 fatto notare in prima squadra, chi ha gi\u00e0 giocato proprio in B la stagione passata come De Pieri (tra Juve Stabia e Bari) e chi invece ha vissuto tutta l&#8217;annata in C con l&#8217;Under 23. Topalovic, Cocchi, Kamate, Stante, Di Maggio. L&#8217;appello \u00e8 lungo. Del resto, il progetto dell&#8217;Inter per formare gli Aleks Stankovic e i Pio Esposito del futuro \u00e8 chiaro: permettere ai ragazzi di crescere e formarsi lontano da Milano dove non potrebbero essere subito protagonisti, per poi tornare e ritagliarsi fin da subito un ruolo determinante.\u00a0<\/p>\n<p>        una squadra in uscita\u2014 \u00a0<\/p>\n<p class=\"paragraph\" spellcheck=\"true\">Chi ha aperto le acque, come detto, \u00e8 stato De Pieri, che con l&#8217;Ascoli spera di vivere una stagione profondamente diversa rispetto all&#8217;ultima divisa tra Juve Stabia e Bari ma con un solo gol all&#8217;attivo. Per\u00f2 di richieste ne sono piovute quasi a decine. Spinacc\u00e8 e Stante potrebbero ritrovarsi a Mantova ma sul difensore restano parecchio vigili anche il Vicenza, la Carrarese e l&#8217;Avellino che studia pure come arrivare a Di Maggio. Quest&#8217;ultimo, in prestito a Padova nella scorsa stagione, potrebbe passare il testimone a Kamate mentre Stabile &#8211; che ha vissuto la stessa stagione di De Pieri tra Juve Stabia e Bari l&#8217;anno scorso &#8211; dovrebbe ripartire dal Sudtirol. Poi ci sono i diamanti gi\u00e0 un po&#8217; pi\u00f9 sgrezzati, quelli che qualche mese fa si sono messi in mostra gi\u00e0 in Serie A. Ovvero Akinsanmiro, Cocchi e Topalovic. Il Pisa non ha potuto esercitare il riscatto per il nigeriano a causa di un cavillo burocratico ma potrebbe riportarlo in Toscana attraverso una formula diversa, ma soprattutto monitora pure il terzino mancino cresciuto nel mito di Dimarco. E infine Topalovic. L&#8217;assist da urlo per l&#8217;ultimo centro stagionale dell&#8217;Inter (quello di Diouf a Bologna) ha acceso diversi fari attorno al suo nome. Quelli pi\u00f9 illuminati portano a Catanzaro, club che ha gi\u00e0 chiesto in prestito all&#8217;Inter la stellina slovena. Insomma, il progetto Under 23 sta gi\u00e0 portando i suoi frutti. Ai ragazzi, ai club che li strappano da Milano con un contratto a tempo determinato e soprattutto all&#8217;Inter, che i propri talenti &#8211; come Pio e Stankovic &#8211; li aspetta sempre a braccia aperte.\u00a0<\/p>\n","protected":false},"excerpt":{"rendered":"Sono tanti i giovani dell&#8217;Under 23 che nella scorsa stagione in C si sono messi in mostra e&hellip;\n","protected":false},"author":3,"featured_media":576880,"comment_status":"","ping_status":"","sticky":false,"template":"","format":"standard","meta":{"footnotes":"","_share_on_mastodon":"0"},"categories":[1452],"tags":[50781,1682,721,1061,554,43325,3081,277,43015,317822,2729,1740,350,1537,90,89,565,15648,317820,18037,707,59,317823,28,167020,1699,1821,1739,245,244,15649,317821,577,37634,15752,4315],"class_list":["post-576879","post","type-post","status-publish","format-standard","has-post-thumbnail","category-calcio","tag-ascoli","tag-bari","tag-calcio","tag-chiesto","tag-club","tag-cocchi","tag-crescere","tag-de","tag-de-pieri","tag-de-pieri-juve","tag-diversa","tag-football","tag-inter","tag-it","tag-italia","tag-italy","tag-juve","tag-juve-stabia","tag-juve-stabia-bari","tag-kamate","tag-maggio","tag-messi","tag-messi-mostra","tag-milano","tag-pieri","tag-ragazzi","tag-serie","tag-soccer","tag-sport","tag-sports","tag-stabia","tag-stabia-bari","tag-stagione","tag-stante","tag-topalovic","tag-under"],"share_on_mastodon":{"url":"https:\/\/pubeurope.com\/@it\/116890039030018526","error":""},"_links":{"self":[{"href":"https:\/\/www.europesays.com\/it\/wp-json\/wp\/v2\/posts\/576879","targetHints":{"allow":["GET"]}}],"collection":[{"href":"https:\/\/www.europesays.com\/it\/wp-json\/wp\/v2\/posts"}],"about":[{"href":"https:\/\/www.europesays.com\/it\/wp-json\/wp\/v2\/types\/post"}],"author":[{"embeddable":true,"href":"https:\/\/www.europesays.com\/it\/wp-json\/wp\/v2\/users\/3"}],"replies":[{"embeddable":true,"href":"https:\/\/www.europesays.com\/it\/wp-json\/wp\/v2\/comments?post=576879"}],"version-history":[{"count":0,"href":"https:\/\/www.europesays.com\/it\/wp-json\/wp\/v2\/posts\/576879\/revisions"}],"wp:featuredmedia":[{"embeddable":true,"href":"https:\/\/www.europesays.com\/it\/wp-json\/wp\/v2\/media\/576880"}],"wp:attachment":[{"href":"https:\/\/www.europesays.com\/it\/wp-json\/wp\/v2\/media?parent=576879"}],"wp:term":[{"taxonomy":"category","embeddable":true,"href":"https:\/\/www.europesays.com\/it\/wp-json\/wp\/v2\/categories?post=576879"},{"taxonomy":"post_tag","embeddable":true,"href":"https:\/\/www.europesays.com\/it\/wp-json\/wp\/v2\/tags?post=576879"}],"curies":[{"name":"wp","href":"https:\/\/api.w.org\/{rel}","templated":true}]}}