{"id":576908,"date":"2026-07-09T12:55:15","date_gmt":"2026-07-09T12:55:15","guid":{"rendered":"https:\/\/www.europesays.com\/it\/576908\/"},"modified":"2026-07-09T12:55:15","modified_gmt":"2026-07-09T12:55:15","slug":"live-tour-de-france-2026-tappa-di-oggi-in-diretta-oconnor-in-fuga-solitaria-a-100-km-dallarrivo","status":"publish","type":"post","link":"https:\/\/www.europesays.com\/it\/576908\/","title":{"rendered":"LIVE Tour de France 2026, tappa di oggi in DIRETTA: O&#8217;Connor in fuga solitaria a 100 km dall&#8217;arrivo"},"content":{"rendered":"<p><a href=\"https:\/\/www.oasport.it\/2026\/07\/live-tour-de-france-2026-tappa-di-oggi-in-diretta-duello-titanico-pogacar-vingegaard-sul-mitico-tourmalet\/\" rel=\"nofollow noopener\" target=\"_blank\"><strong>CLICCA QUI PER AGGIORNARE LA DIRETTA LIVE<\/strong><\/a><\/p>\n<p><a href=\"https:\/\/www.oasport.it\/2026\/07\/classifica-tour-de-france-2026-quinta-tappa-traeen-in-maglia-gialla-pogacar-e-vingegaard-alla-pari-prima-del-tourmalet\/\" target=\"_blank\" rel=\"noopener nofollow\"><strong>LA CLASSIFICA GENERALE DEL TOUR DE FRANCE 2026<\/strong><\/a><\/p>\n<p>14:53 Si sta ben disimpegnando anche l\u2019Uno-X-Mobility, squadra della maglia gialla Traeen. Il leader della classifica generale dovr\u00e0 chiaramente difendersi nelle prossime durissime due salite.<\/p>\n<p>14:50 Gli uomini di Tadej Pogacar iniziano a presidiare le prime posizioni del gruppo. L\u2019UAE Team Emirates XRG vuole imporre il proprio ritmo sin dai primi km dell\u2019Aspin.<\/p>\n<p>14:47 Continua a crescere il margine di Ben O\u2019Connor, che tocca per la prima volta il minuto.<\/p>\n<p>14:44 Ritmo moderato ora nel plotone dopo 40 chilometri corsi ad andatura folle.<\/p>\n<p>14:41 Poco pi\u00f9 di 15 chilometri ci separano dalle prime rampe del Col d\u2019Aspin, salita di prima categoria che misura 12 km ed offre una pendenza media del 6.5%.<\/p>\n<p>14:38 Lo spagnolo Azparren si \u00e8 rialzato lasciando da solo al comando Ben O\u2019Connor. Per l\u2019australiano vantaggio sul gruppo maglia gialla di circa 40 secondi.<\/p>\n<p>14:36 100 chilometri all\u2019arrivo della sesta tappa del Tour de France 2026.<\/p>\n<p>14:33 Corridori che attraversano uno dei rari tratti pianeggianti nella marcia di avvicinamento verso Col d\u2019Aspin.<\/p>\n<p>14:30 Gruppo che tuttavia non lascia spazio ai due attaccanti, con il vantaggio che non supera i 15 secondi.<\/p>\n<p>14:27 Si \u00e8 formato il cosiddetto \u201cgruppetto\u201d dei velocisti. Tanta fatica quest\u2019oggi per gli sprinter, che domani avranno per\u00f2 una nuova chance.<\/p>\n<p>14:24 O\u2019Connor transita in prima posizione aggiudicandosi il GPM di C\u00f4te de Mauvezin, terza categoria.<\/p>\n<p>14:21 Una decina di secondi di margine per Ben O\u2019Connor (Team Jayco AlUla) e Xabier Mikel Azparren (Pinarello Q36.5 Pro Cycling Team).<\/p>\n<p>14:18 Tappa durissima, e siamo ancora lontani da Col d\u2019Aspin e Tourmalet.<\/p>\n<p>14:15 Tratto di discesa in cui cercano di avvantaggiarsi in cinque. Corsa che si avvicina a C\u00f4te de Mauvezin (3 km al 6,8%, terza categoria).<\/p>\n<p>14:12 Intanto \u00e8 rientrato Remco Evenepoel, che ha pagato la scelta di operare un pit-stop nel momento sbagliato.<\/p>\n<p>14:10 Pogacar \u00e8 come sempre vigile nelle primissime posizioni di un plotone ormai sezionato in pi\u00f9 tronconi. Vingegaard \u00e8 ovviamente incollato alla ruota del Campione del Mondo.<\/p>\n<p>14:07 Il Team Visma \u2013 Lease a Bike prova a far corsa dura con un attivissimo Jorgenson. Gruppo allungatissimo lungo questo breve ma duro strappo che ci proietter\u00e0 verso una rapida discesa.<\/p>\n<p>14:06 Ripreso Pedersen, resta da solo al comando Campenaerts, ma intanto riprendono gli scatti con diversi corridori che provano a fuoriuscire dal gruppo.<\/p>\n<p>14:03 Il gruppo maglia gialla \u00e8 ormai ad una dozzina di secondi dalla coppia di testa.<\/p>\n<p>14.00 Mads Pedersen conquista lo sprint intermedio di Pouzac.<\/p>\n<p>13.57 Remco Evenepoel si \u00e8 staccato dal gruppo maglia gialla, intorno ai \u201935\u201d il suo distacco: pessimo segnale per il belga, che potrebbe faticare tantissimo su un percorso duro come quello odierno.<\/p>\n<p>13.54 Ha abbandonato la corsa l\u2019olandese Arvid De Kleijn (Tudor Pro Cycling Team); non aveva preso il via, invece, il connazionale Alex Molenaar (Caja Rural-Seguros RGA).<\/p>\n<p>13.51 L\u2019accelerata del gruppo ha ridotto notevolmente il margine dei battistrada: il vantaggio di Pedersen e Campenaerts, ora, \u00e8 di \u201934\u201d.<\/p>\n<p>13.48 Si anima la corsa sulla prima salita di giornata: Mads Pedersen scollina per primo, dietro iniziano a muoversi anche gli uomini di classifica.<\/p>\n<p>13.45 La media oraria della prima ora di corsa \u00e8 di 49,2 km\/h.<\/p>\n<p>13.42 Iniziata l\u2019ascesa verso la C\u00f4te de Loucroup (1,9 al 7,1%, quarta categoria).<\/p>\n<p>13.39 Il margine dei due battistrada sul gruppo \u00e8 di 1\u201913\u201d.<\/p>\n<p>13.36 Ripreso dal gruppo il ventiseienne elvetico.<\/p>\n<p>13.33 Attacca Mauro Schmid (Team Jayco AlUla).<\/p>\n<p>13.30 I due battistrada hanno fatto il loro ingresso all\u2019interno del centro abitato di Lourdes.<\/p>\n<p>13.27 Al comando sono rimasti solo Mads Pedersen e Victor Campenaerts.<\/p>\n<p>13.24 Huub Artz si \u00e8 staccato dalla testa della corsa perch\u00e8 \u00e8 stato richiamato dalla giuria per una posizione non regolamentare tenuta sulla bici: rischio squalifica per il corridore olandese?<\/p>\n<p>13.21 Altri due uomini provano a evadere dal gruppo.<\/p>\n<p>13.18 La corsa sta transitando nel comune di Saint-P\u00e9-de-Bigorre.<\/p>\n<p>13.15 Rientra in gruppo Vacek dopo il problema meccanico.<\/p>\n<p>13.12 Sale il margine dei battistrada: plotone a 1\u201923\u201d.<\/p>\n<p>13.09 A tirare in testa al gruppo ci sono gli uomini della NSN Cycling Team.<\/p>\n<p>13.06 Cambio della bici per Mathias Vacek (Lidl-Trek).<\/p>\n<p>13.03 Il vantaggio dei tre attaccanti sul gruppo \u00e8 di \u201956\u201d.<\/p>\n<p>13.00 Mancano 45 km allo sprint intermedio di Pouzac.<\/p>\n<p>12.57 Ripreso dal gruppo il tedesco della EF Education-EasyPost.<\/p>\n<p>12.54 C\u2019\u00e8 Georg Steinhauser (EF Education-EasyPost) all\u2019inseguimento dei tre uomini al comando<\/p>\n<p>12.51 Il margine dei tre battistrada sul gruppo \u00e8 di \u201924\u201d.<\/p>\n<p>12.48 Anche Mads Pedersen (Lidl-Trek) si \u00e8 riportato sui due attaccanti.<\/p>\n<p>12.45 Victor Campenaerts (Team Visma | Lease a Bike) e Huub Artz (Lotto Intermarch\u00e9) allungano subito sul gruppo.<\/p>\n<p>12.42 Partita ufficialmente la sesta tappa!<\/p>\n<p>12.41 Il pubblico francese \u00e8 tutto per il classe 2006 Paul Seixas.<\/p>\n<p>12.38 Anche Alex Baudin (EF Education-EasyPost) ha avuto un problema alla bici durante il tratto di corsa neutralizzato.<\/p>\n<p>12.35 Fa caldissimo a Pau: temperatura intorno ai 33\u00b0.<\/p>\n<p>12.32 Problemi meccanici per Matej Mohoric (Bahrain-Victorious).<\/p>\n<p>12.29 Tadej Pogacar prover\u00e0 a dare il primo scossone in classifica generale gi\u00e0 nella tappa odierna?<\/p>\n<p>12.26 Iniziato il tratto di trasferimento.<\/p>\n<p>12.23 Una frazione che si preannuncia spettacolare, con il Col d\u2019Aspin e il Col du Tourmalet protagonisti.<\/p>\n<p>12.20 Tra circa 20\u2032 prender\u00e0 il via la sesta tappa del Tour de France 2026.<\/p>\n<p>Buongiorno e bentrovati\u00a0<strong>amici di OA Sport alla Diretta Live testuale della sesta tappa del Tour de France 2026, <\/strong>con partenza da Pau e arrivo a Gavarnie-G\u00e8dre, per un totale di 186 km. <strong>Frazione con i Pirenei assoluti protagonisti, dove assisteremo alla prima vera e propria battaglia tra gli uomini di classifica.<\/strong><\/p>\n<p>Il norvegese Torstein Traen (Uno-X Mobility) \u00e8 il leader della classifica generale e il suo obiettivo sar\u00e0 quello di restare in maglia gialla nonostante <strong>un percorso che presenta ben cinque GPM, tra cui il Col d\u2019Aspin e il Col du Tourmalet.<\/strong><\/p>\n<p>Chiaramente <strong>i fari sono tutti puntati sullo sloveno Tadej Pogacar (UAE Team Emirates-XRG) e sul danese Jonas Vingegaard (Team Visma Lease a Bike)<\/strong>, al primo esame di questa edizione della Grande Boucle, in una tappa dove lo spettacolo non mancher\u00e0. Oltre ai due campioni citati, le numerose ascese che la corsa affronter\u00e0 potrebbero gi\u00e0 dare dei verdetti in chiave classifica generale: <strong>lo scudiero dell\u2019iridato in carica, il messicano Isaac Del Toro (UAE Team Emirates-XRG) prover\u00e0 a tenere testa al suo capitano?<\/strong><\/p>\n<p>Si capiranno tante cose anche in<strong> casa Red Bull \u2013 BORA \u2013 hansgrohe, con Remco Evenpoel e Florian Lipowitz<\/strong> che dovranno lottare per tenere testa a Pogacar e Vingegaard. Dopo gli ottimi segnali in questo inizio di Tour de France attenzione anche al <strong>norvegese Tobias Halland Johannessen (Uno-X Mobility)<\/strong>, che ha buonissime doti da scalatore. Infine, il pubblico di casa spera in una grande prestazione del talento <strong>Paul Seixas (Decathlon CMA CGM Team)<\/strong>, che potrebbe ricevere diverse risposte sul suo attuale livello in una frazione cos\u00ec tosta dal punto di vista altimetrico.<\/p>\n<p>Si riparte, dunque, da Pau, sede di arrivo della tappa di ieri, e i <strong>primi 100 km non presenteranno particolari difficolt\u00e0<\/strong>, se non i GPM di C\u00f4te de Loucroup (1,9 al 7,1%, quarta categoria), dopo 44,8 km, e di C\u00f4te de Mauvezin (3 km al 6,8%, terza categoria), al km 77,3, intermezzati dal traguardo volante di Pouzac (km 59). <strong>A 80 km dall\u2019arrivo ecco la prima vera difficolt\u00e0 di giornata: il Col d\u2019Aspin (12 km al 6,5%, prima categoria)<\/strong>. Dopo un breve tratto in discesa, quando mancheranno 56 km alla conclusione della tappa arriver\u00e0 il momento pi\u00f9 importante della frazione, <strong>con la scalata del Col du Tourmalet (17,1 km al 7,3%, Hors Cat\u00e9gorie)<\/strong>, che regaler\u00e0 il Souvenir Jacques Goddet a colui che scolliner\u00e0 per primo. Poi si torna a scendere prima della <strong>salita finale verso il traguardo di Gavarnie-G\u00e8dre (18,7 km al 3,7%, seconda categoria).<\/strong> Il dislivello che presenta il percorso \u00e8 di 4100 metri.<\/p>\n<p>La partenza della sesta tappa \u00e8 prevista alle ore 12.25 ed <strong>OA Sport<\/strong> vi offrir\u00e0 la <strong>DIRETTA LIVE testuale.<\/strong> Segui con noi la sesta frazione del Tour de France 2026 per non perderti neanche un istante di gara. Buon divertimento a tutti!<\/p>\n","protected":false},"excerpt":{"rendered":"CLICCA QUI PER AGGIORNARE LA DIRETTA LIVE LA CLASSIFICA GENERALE DEL TOUR DE FRANCE 2026 14:53 Si sta&hellip;\n","protected":false},"author":3,"featured_media":576909,"comment_status":"","ping_status":"","sticky":false,"template":"","format":"standard","meta":{"footnotes":"","_share_on_mastodon":"0"},"categories":[1456],"tags":[1824,1825,1522,1523,1525,1526,10943,1537,90,89,1527,1528,1529,29034,6647,245,244,1531,3652,26869],"class_list":["post-576908","post","type-post","status-publish","format-standard","has-post-thumbnail","category-ciclismo","tag-ciclismo","tag-cycling","tag-diretta-ciclismo","tag-diretta-live-ciclismo","tag-diretta-tour-de-france","tag-florian-lipowitz","tag-isaac-del-toro","tag-it","tag-italia","tag-italy","tag-jonas-vingegaard","tag-live-ciclismo","tag-live-tour-de-france","tag-paul-seixas","tag-remco-evenepoel","tag-sport","tag-sports","tag-tadej-pogacar","tag-tobias-halland-johannessen","tag-tour-de-france-2026"],"share_on_mastodon":{"url":"https:\/\/pubeurope.com\/@it\/116890129306979125","error":""},"_links":{"self":[{"href":"https:\/\/www.europesays.com\/it\/wp-json\/wp\/v2\/posts\/576908","targetHints":{"allow":["GET"]}}],"collection":[{"href":"https:\/\/www.europesays.com\/it\/wp-json\/wp\/v2\/posts"}],"about":[{"href":"https:\/\/www.europesays.com\/it\/wp-json\/wp\/v2\/types\/post"}],"author":[{"embeddable":true,"href":"https:\/\/www.europesays.com\/it\/wp-json\/wp\/v2\/users\/3"}],"replies":[{"embeddable":true,"href":"https:\/\/www.europesays.com\/it\/wp-json\/wp\/v2\/comments?post=576908"}],"version-history":[{"count":0,"href":"https:\/\/www.europesays.com\/it\/wp-json\/wp\/v2\/posts\/576908\/revisions"}],"wp:featuredmedia":[{"embeddable":true,"href":"https:\/\/www.europesays.com\/it\/wp-json\/wp\/v2\/media\/576909"}],"wp:attachment":[{"href":"https:\/\/www.europesays.com\/it\/wp-json\/wp\/v2\/media?parent=576908"}],"wp:term":[{"taxonomy":"category","embeddable":true,"href":"https:\/\/www.europesays.com\/it\/wp-json\/wp\/v2\/categories?post=576908"},{"taxonomy":"post_tag","embeddable":true,"href":"https:\/\/www.europesays.com\/it\/wp-json\/wp\/v2\/tags?post=576908"}],"curies":[{"name":"wp","href":"https:\/\/api.w.org\/{rel}","templated":true}]}}