{"id":577067,"date":"2026-07-09T15:14:16","date_gmt":"2026-07-09T15:14:16","guid":{"rendered":"https:\/\/www.europesays.com\/it\/577067\/"},"modified":"2026-07-09T15:14:16","modified_gmt":"2026-07-09T15:14:16","slug":"milan-il-piano-per-modric-ecco-cosa-cambiera","status":"publish","type":"post","link":"https:\/\/www.europesays.com\/it\/577067\/","title":{"rendered":"Milan, il piano per Modric: ecco cosa cambier\u00e0"},"content":{"rendered":"<p>                                Luka \u00e8 in vacanza, presto dar\u00e0 una risposta al Milan e tutto fa pensare che continui. Le parole dell&#8217;allenatore per\u00f2 fanno capire che sar\u00e0 usato in modo diverso<\/p>\n<p class=\"paragraph\" spellcheck=\"true\">Luka Modric cambier\u00e0 vita anche se non la cambier\u00e0. In questi giorni \u00e8 in vacanza, sta smaltendo la delusione per l&#8217;eliminazione della Croazia dal Mondiale e sa che quel capitolo \u00e8 chiuso: non giocher\u00e0 pi\u00f9 con la maglia a scacchi. Ora deve prendere una decisione sul Milan e tutto fa pensare che rester\u00e0 a Milano un altro anno. Gerry Cardinale lo ha invitato a rimanere, Ruben Amorim lo ha chiamato (due volte) per convincerlo a non darci un taglio e Modric \u00e8 intenzionato a restare. Le possibilit\u00e0 alternative non mancano &#8211; la sua vita a Madrid, pianificata negli anni scorsi, lo aspetta &#8211; ma al Milan si trova bene, i tifosi lo amano e un po&#8217; di voglia di riconquistare la Champions c&#8217;\u00e8. Nelle ultime ore, semmai, si \u00e8 chiarito come sarebbe il suo futuro milanista. Un futuro diverso dal passato.<\/p>\n<p>        che cosa ha detto amorim\u2014 \u00a0<\/p>\n<p class=\"paragraph\" spellcheck=\"true\">Amorim ha parlato di Modric nella prima conferenza stampa da allenatore del Milan: &#8220;\u00c8 un giocatore che vogliamo tenere, ho parlato con lui due volte. Se serve posso andare a parlarci ancora, non mi stanco. \u00c8 incredibile, \u00e8 un punto di riferimento per noi&#8221;. E poi, pi\u00f9 nel dettaglio: &#8220;Non vi dico che far\u00e0 tutte le partite, ma vogliamo contare su Modric per la prossima stagione. Il board ha parlato con lui, io ho parlato con lui: credo di riaverlo tra qualche giorno, ora deve riposare dopo il Mondiale&#8221;. L&#8217;ottimismo si legge facilmente: Amorim, nei suoi ragionamenti sul 2026-27, considera Modric uno dei 25 della rosa.<\/p>\n<p>        milan-modric, che cosa cambier\u00e0\u2014 \u00a0<\/p>\n<p class=\"paragraph\" spellcheck=\"true\">E allora, che Modric sar\u00e0? Luka avr\u00e0 un ruolo diverso rispetto alla sua prima stagione, in entrambi i sensi della parola. Ruolo in campo: non pi\u00f9 playmaker come con Allegri ma mediano in un centrocampo a due, come con la Croazia. E ruolo in squadra: non pi\u00f9 un titolare garantito ma un campione da gestire. Il Milan da agosto giocher\u00e0 in campionato ed Europa League, sono almeno otto partite in pi\u00f9 rispetto alla scorsa stagione con tanti viaggi, tante settimane da domenica-gioved\u00ec-domenica. A 41 anni, che Modric compir\u00e0 il 9 settembre, non si pu\u00f2 restare sempre in campo. La soluzione, che si legge anche nelle parole di Amorim, \u00e8 il dosaggio. Luka giocher\u00e0 le partite importanti, da titolare oppure da subentrato di qualit\u00e0 per l&#8217;ultima mezz&#8217;ora, e prender\u00e0 qualche momento di riposo. A inizio ottobre, non ci saranno problemi: la pausa nazionale gli dar\u00e0 tre settimane libere. In altri momenti, far\u00e0 qualche panchina in pi\u00f9&#8230; o magari salter\u00e0 una trasferta di Europa League non essenziale.<\/p>\n<p><a class=\"is-partner-link\" href=\"https:\/\/abbonamenti.gazzetta.it\/de-promo-mondiali\/?pwcmp=cta&amp;forceBrowser=true\" rel=\"nofollow noopener\" target=\"_blank\">Gazzetta Mondiale: ogni notte un\u2019edizione straordinaria esclusiva. Non perdertela, abbonati a 1\u20ac\/mese!<\/a><\/p>\n<p>        l&#8217;esempio di madrid\u2014 \u00a0<\/p>\n<p class=\"paragraph\" spellcheck=\"true\">La stagione 2024-25, l&#8217;ultima di Luka al Real Madrid, d\u00e0 un indizio. Modric in Liga gioc\u00f2 17 partite da titolare e 18 volte entr\u00f2 dalla panchina. In Champions, 7 partite da titolare e 7 da subentrato. Dosaggio, motivato anche dal livello (altissimo) della rosa del Real. Con Valverde, Bellingham, Arda Guler, Camavinga, Tchouameni, Dani Ceballos, era normale che in alcune partite non venisse scelto un Modric 39enne. Tra quelle 7 partite giocate dall&#8217;inizio, per\u00f2, ci sono anche il ritorno degli ottavi contro l&#8217;Atletico (derby&#8230;) e l&#8217;andata dei quarti con l&#8217;Arsenal: serate fondamentali. In campionato, con il Barcellona entr\u00f2 due volte nel secondo tempo, con l&#8217;Atletico fu titolare all&#8217;andata e non al ritorno. Al Milan potrebbe andare allo stesso modo, magari con qualche partita in pi\u00f9 (anche se Luka ha due anni in pi\u00f9, la concorrenza non \u00e8 dello stesso livello&#8230;) e molto dipender\u00e0 dalla chimica con il nuovo allenatore. Amorim chiede molto ai due centrocampisti centrali ma Modric ha giocato sempre, con tutti gli allenatori avuti in carriera. Difficile smetta a 41 anni&#8230;<\/p>\n<p class=\"is-copyright\">\u00a9 RIPRODUZIONE RISERVATA<\/p>\n","protected":false},"excerpt":{"rendered":"Luka \u00e8 in vacanza, presto dar\u00e0 una risposta al Milan e tutto fa pensare che continui. Le parole&hellip;\n","protected":false},"author":3,"featured_media":577068,"comment_status":"","ping_status":"","sticky":false,"template":"","format":"standard","meta":{"footnotes":"","_share_on_mastodon":"0"},"categories":[1452],"tags":[1960,50020,32,1961,5358,721,58821,1856,921,1969,7144,11476,5225,1112,32163,3882,3085,39015,1740,2250,1302,1537,90,89,1980,1207,6110,18569,5382,553,317878,5904,317879,1353,3484,66,4979,4283,59742,5385,11377,138,1739,245,244,577,26462],"class_list":["post-577067","post","type-post","status-publish","format-standard","has-post-thumbnail","category-calcio","tag-allenatore","tag-amorim","tag-andare","tag-andata","tag-atletico","tag-calcio","tag-cambiera","tag-campionato","tag-campo","tag-champions","tag-croazia","tag-dara","tag-diverso","tag-domenica","tag-dosaggio","tag-entro","tag-europa","tag-europa-league","tag-football","tag-giochera","tag-inizio","tag-it","tag-italia","tag-italy","tag-league","tag-legge","tag-livello","tag-luka","tag-madrid","tag-milan","tag-milan-pensare","tag-modric","tag-modric-cambiera","tag-mondiale","tag-panchina","tag-parlato","tag-parole","tag-partite","tag-partite-titolare","tag-pensare","tag-real","tag-ruolo","tag-soccer","tag-sport","tag-sports","tag-stagione","tag-titolare"],"share_on_mastodon":{"url":"https:\/\/pubeurope.com\/@it\/116890676069541274","error":""},"_links":{"self":[{"href":"https:\/\/www.europesays.com\/it\/wp-json\/wp\/v2\/posts\/577067","targetHints":{"allow":["GET"]}}],"collection":[{"href":"https:\/\/www.europesays.com\/it\/wp-json\/wp\/v2\/posts"}],"about":[{"href":"https:\/\/www.europesays.com\/it\/wp-json\/wp\/v2\/types\/post"}],"author":[{"embeddable":true,"href":"https:\/\/www.europesays.com\/it\/wp-json\/wp\/v2\/users\/3"}],"replies":[{"embeddable":true,"href":"https:\/\/www.europesays.com\/it\/wp-json\/wp\/v2\/comments?post=577067"}],"version-history":[{"count":0,"href":"https:\/\/www.europesays.com\/it\/wp-json\/wp\/v2\/posts\/577067\/revisions"}],"wp:featuredmedia":[{"embeddable":true,"href":"https:\/\/www.europesays.com\/it\/wp-json\/wp\/v2\/media\/577068"}],"wp:attachment":[{"href":"https:\/\/www.europesays.com\/it\/wp-json\/wp\/v2\/media?parent=577067"}],"wp:term":[{"taxonomy":"category","embeddable":true,"href":"https:\/\/www.europesays.com\/it\/wp-json\/wp\/v2\/categories?post=577067"},{"taxonomy":"post_tag","embeddable":true,"href":"https:\/\/www.europesays.com\/it\/wp-json\/wp\/v2\/tags?post=577067"}],"curies":[{"name":"wp","href":"https:\/\/api.w.org\/{rel}","templated":true}]}}