{"id":577069,"date":"2026-07-09T15:15:15","date_gmt":"2026-07-09T15:15:15","guid":{"rendered":"https:\/\/www.europesays.com\/it\/577069\/"},"modified":"2026-07-09T15:15:15","modified_gmt":"2026-07-09T15:15:15","slug":"principi-e-vip-a-roma-celebrano-il-legame-tra-italia-e-monaco-presto-nuove-occasioni-per-mettere-in-luce-leccezionale-vicinanza","status":"publish","type":"post","link":"https:\/\/www.europesays.com\/it\/577069\/","title":{"rendered":"Principi e vip a Roma celebrano il legame tra Italia e Monaco. \u00abPresto nuove occasioni per mettere in luce l&#8217;eccezionale vicinanza\u00bb"},"content":{"rendered":"<p>    di<br \/>\n    Enrica Roddolo<\/p>\n<p class=\"summary-art is-line-h-12\">L&#8217;Ambasciatore del Principato in Italia, Anne Eastwood ha riunito personalit\u00e0 dei due Paesi, dal presidente Coni, Buonfiglio al principe Pallavicino di Genova ad Anna Fendi ed Ezio Greggio,  per celebrare il 21mo anniversario il 12 luglio dell&#8217;ascesa al trono di Alberto II<\/p>\n<p class=\"chapter-paragraph\"><b>Un anno fa il 12 luglio Monaco celebrava i due decenni sul trono del principe<\/b> Alberto, sulla Place du Palais. \u00abNon sempre tutto \u00e8 facile, ma s\u00ec sono soddisfatto di questi vent\u2019anni di regno\u00bb. Il principe Alberto aveva confidato al Corriere alla domanda sulle due decadi sul trono che fu di Ranieri III. E alla domanda su cosa lo aiuti nell\u2019impegno quotidiano di guidare il Principato ereditato dal padre, aveva risposto: \u00abIl sostegno di Charl\u00e8ne e di tutta la famiglia\u00bb.\u00a0<\/p>\n<p class=\"chapter-paragraph\">Vent&#8217;anni di regno che erano stati festeggiati con quella che il principe chiama \u00abla famiglia monegasca\u00bb , <b>anche se Alberto II insiste che la grande celebrazione sar\u00e0 tra cinque anni, il Giubileo del regno.<\/b> In fondo, aveva celebrato cos\u00ec il traguardo del quarto di secolo anche il padre Ranieri III.\u00a0    &#13;<br \/>\n&#13;<br \/>\n&#13;<br \/>\n&#13;<br \/>\n&#13;<br \/>\n&#13;<br \/>\n&#13;<br \/>\n&#13;<br \/>\n&#13;<br \/>\n&#13;<br \/>\n&#13;<br \/>\n&#13;<br \/>\n&#13;<br \/>\n&#13;<br \/>\n&#13;<br \/>\n&#13;<br \/>\n&#13;<br \/>\n&#13;<br \/>\n&#13;<br \/>\n&#13;<br \/>\n&#13;<br \/>\n&#13;<br \/>\n&#13;<br \/>\n&#13;<br \/>\n&#13;<br \/>\n&#13;<br \/>\n&#13;<br \/>\n&#13;<br \/>\n&#13;<br \/>\n&#13;<br \/>\n&#13;<br \/>\n&#13;<br \/>\n&#13;<br \/>\n&#13;<br \/>\n&#13;<br \/>\n&#13;<br \/>\n&#13;<br \/>\n&#13;<br \/>\n&#13;<br \/>\n&#13;<br \/>\n&#13;<br \/>\n&#13;<br \/>\n&#13;<br \/>\n&#13;<br \/>\n&#13;<br \/>\n&#13;<br \/>\n&#13;<br \/>\n&#13;<br \/>\n&#13;<br \/>\n&#13;<br \/>\n&#13;<br \/>\n&#13;<br \/>\n&#13;\n<\/p>\n<p class=\"chapter-paragraph\"><b>E ieri sera a Roma, l\u2019ambasciatore del Principato in Italia, Anne Eastwoo<\/b>d, ha dato il via alle celebrazioni del ventunesimo anniversario del regno di Alberto in questo 2026 di Alberto II, con <b>un ricevimento che mai come quest\u2019anno rinsalda il legame tra Italia \u2013 terra d\u2019origine dei Grimaldi  \u2013 e il Principato.<\/b>\u00a0<\/p>\n<p class=\"chapter-paragraph\"><a href=\"https:\/\/www.corriere.it\/cronache\/26_marzo_25\/alberto-di-monaco-il-papa-verra-nel-principato-ha-accettato-subito-il-mio-invito-con-charlene-lo-aspetto-sabato-al-rocher-9ad74c0d-caea-42f8-a71b-55d69784dxlk.shtml\" rel=\"nofollow noopener\" target=\"_blank\">\u00abMonaco ha due relazioni speciali, d\u2019elezione, una \u00e8 con la Francia l\u2019altra con l\u2019Italia. In Italia ci sono le nostre radici\u00bb, ha detto il principe Alberto al Corriere <\/a>alla vigilia della visita storica di un papa Leone XIV nel Principato. Anche i gemelli parlano italiano in casa? \u00abOh si sanno un po\u2019 di parole, \u201cgrazie\u201d, \u201cbuongiorno\u201d, \u201ccome va\u201d? E presto sapranno molto di pi\u00f9 della lingua di Dante, perch\u00e9 con Charl\u00e8ne ci piacerebbe che dal prossimo anno scegliessero proprio l\u2019italiano come lingua straniera a scuola\u00bb, ci ha risposto il principe.\u00a0<\/p>\n<p class=\"chapter-paragraph\">Il Principato ha aderito alla Comunit\u00e0 dell\u2019Italofonia, che ha sancito la volont\u00e0 monegasca di contribuire alla diffusione della lingua e della cultura italiani, le quali occupano un posto del tutto particolare nella storia e nell\u2019identit\u00e0 di Monaco.\u00a0<\/p>\n<p class=\"chapter-paragraph\"><b>\u00abE sappiamo di poter contare sul sostegno dell\u2019Italia<\/b> e degli altri nostri paesi amici per portare a termine con successo la Presidenza monegasca del Comitato dei Ministri del Consiglio d\u2019Europa, iniziata lo scorso 15 maggio\u00bb, <b>dice l\u2019Ambasciatore che a giugno ha accompagnato i principi a Viareggio per il via a The Crossing <\/b>la traversata benefica organizzata dalla fondazione della principessa Charl\u00e8ne con il principe Alberto e la sua FpA2.  <a href=\"https:\/\/www.corriere.it\/sport\/26_giugno_17\/charlene-alberto-monaco-intervista-8b6223ba-1858-4a1f-82b7-c67d3aee6xlk.shtml\" rel=\"nofollow noopener\" target=\"_blank\">\u00abDesideravo tanto portare in Italia i progetti della mia Fondazione, \u00e8 la prima volta nel vostro Paese con la mia iniziativa\u00bb, ha detto nell\u2019intervista esclusiva al Corriere la principessa.\u00a0<\/a><\/p>\n<p class=\"chapter-paragraph\">Presenti ieri a Roma per celebrare i legami tra Italia e Monaco, oltre all\u2019ambasciatore d\u2019Italia a Monaco, <b>Manuela Ruosi,  con Gianni Candotti, Consigliere del Presidente della Repubblica<\/b> per gli Affari Militari e Gabriella Biondi, Ministro Plenipotenziario, Consigliere diplomatico aggiunto del Presidente della Repubblica, personalit\u00e0 legate ai due Paesi. Dal <b>principe Domenico Pallavicino ad Anna Fendi e Ezio Greggio <\/b>in quanto presidente del Comites Principato di Monaco. E ancora il principe Guglielmo Giovanelli Marconi e la Principessa Maria Pia Rruspoli, le principesse Giorgia Pacelli e Olimpia Colonna. <b>Con Luciano Buonfiglio presidente del Coni <\/b>e  Francesco Mattarella, e Cesare Zucconi della Comunit\u00e0 di Sant\u2019Egidio. Oltre a personalit\u00e0 di governo.\u00a0<\/p>\n<p class=\"chapter-paragraph\"><b>\u00abCelebriamo due Paesi profondamente legati dalla loro storia e di due popoli<\/b> abituati a frequentarsi, a vivere insieme e a collaborare fianco a fianco: l<b>o scorso anno celebravamo i 150 anni della presenza diplomatica <\/b>di Monaco in Italia e non si pu\u00f2 non constatare che le nostre relazioni non sono mai state cos\u00ec ricche, cos\u00ec diversificate e cos\u00ec dinamiche come oggi\u00bb, <b>dice l\u2019ambasciatore Eastwood<\/b>. Che sottolinea <b>\u00abil sincero attaccamento all\u2019Italia il principe Alberto<\/b>, i rapporti di fiducia che intrattiene sia con le sue massime autorit\u00e0 che con i suoi territori\u00bb, <b>anticipando che i mesi a venire offriranno \u00abnuove occasioni <\/b>per mettere in luce l\u2019eccezionale vicinanza che ci unisce e per scrivere una nuova pagina di una storia che, da oltre centocinquanta anni, non ha mai smesso di guardare al futuro\u00bb.\u00a0<\/p>\n<p class=\"chapter-paragraph\"><b>La  dinamicit\u00e0 della relazione bilaterale si \u00e8 manifestata ancora una volta, negli ultimi mesi a partire dal primo Business Forum Italia- Monaco, <\/b>che ha confermato la vitalit\u00e0 degli scambi e la volont\u00e0 comune di incoraggiare l\u2019innovazione, gli investimenti e le partnership tra le imprese nei due Paesi.<\/p>\n<p class=\"is-last-update\" datetime=\"2026-07-09T16:06:16+02:00\">9 luglio 2026 ( modifica il 9 luglio 2026 | 16:06)<\/p>\n<p class=\"is-copyright\">\n            \u00a9 RIPRODUZIONE RISERVATA\n        <\/p>\n","protected":false},"excerpt":{"rendered":"di Enrica Roddolo L&#8217;Ambasciatore del Principato in Italia, Anne Eastwood ha riunito personalit\u00e0 dei due Paesi, dal presidente&hellip;\n","protected":false},"author":3,"featured_media":577070,"comment_status":"","ping_status":"","sticky":false,"template":"","format":"standard","meta":{"footnotes":"","_share_on_mastodon":"0"},"categories":[1451],"tags":[1493,106859,913,317881,317882,6050,317883,317884,7734,317885,30826,62213,6746,1621,1620,115350,931,14565,41,4864,2341,26258,17860,317886,203,59181,28044,1909,66159,317887,317888,3964,14920,56476,1347,831,204,1537,90,317880,89,3088,20782,20784,857,3458,135,26934,4661,132193,13460,10160,987,1567,53658],"class_list":["post-577069","post","type-post","status-publish","format-standard","has-post-thumbnail","category-celebrita","tag-alberto","tag-alberto-ii","tag-ambasciatore","tag-ambasciatore-principato","tag-ambasciatore-principato-italia","tag-anna","tag-anna-fendi","tag-anna-fendi-ezio","tag-anne","tag-anne-eastwood","tag-anniversario","tag-buonfiglio","tag-celebrare","tag-celebrita","tag-celebrities","tag-charlene","tag-comunita","tag-coni","tag-consigliere","tag-corriere","tag-domanda","tag-eastwood","tag-eccezionale","tag-eccezionale-vicinanza","tag-entertainment","tag-ezio","tag-ezio-greggio","tag-famiglia","tag-fendi","tag-fendi-ezio","tag-fendi-ezio-greggio","tag-fianco","tag-fondazione","tag-greggio","tag-ii","tag-iii","tag-intrattenimento","tag-it","tag-italia","tag-italia-monaco","tag-italy","tag-lingua","tag-monaco","tag-monegasca","tag-paesi","tag-personalita","tag-presidente","tag-principato","tag-principe","tag-principe-alberto","tag-principessa","tag-regno","tag-roma","tag-storia","tag-trono"],"share_on_mastodon":{"url":"","error":"Validation failed: Text character limit of 500 exceeded"},"_links":{"self":[{"href":"https:\/\/www.europesays.com\/it\/wp-json\/wp\/v2\/posts\/577069","targetHints":{"allow":["GET"]}}],"collection":[{"href":"https:\/\/www.europesays.com\/it\/wp-json\/wp\/v2\/posts"}],"about":[{"href":"https:\/\/www.europesays.com\/it\/wp-json\/wp\/v2\/types\/post"}],"author":[{"embeddable":true,"href":"https:\/\/www.europesays.com\/it\/wp-json\/wp\/v2\/users\/3"}],"replies":[{"embeddable":true,"href":"https:\/\/www.europesays.com\/it\/wp-json\/wp\/v2\/comments?post=577069"}],"version-history":[{"count":0,"href":"https:\/\/www.europesays.com\/it\/wp-json\/wp\/v2\/posts\/577069\/revisions"}],"wp:featuredmedia":[{"embeddable":true,"href":"https:\/\/www.europesays.com\/it\/wp-json\/wp\/v2\/media\/577070"}],"wp:attachment":[{"href":"https:\/\/www.europesays.com\/it\/wp-json\/wp\/v2\/media?parent=577069"}],"wp:term":[{"taxonomy":"category","embeddable":true,"href":"https:\/\/www.europesays.com\/it\/wp-json\/wp\/v2\/categories?post=577069"},{"taxonomy":"post_tag","embeddable":true,"href":"https:\/\/www.europesays.com\/it\/wp-json\/wp\/v2\/tags?post=577069"}],"curies":[{"name":"wp","href":"https:\/\/api.w.org\/{rel}","templated":true}]}}