{"id":577095,"date":"2026-07-09T15:34:16","date_gmt":"2026-07-09T15:34:16","guid":{"rendered":"https:\/\/www.europesays.com\/it\/577095\/"},"modified":"2026-07-09T15:34:16","modified_gmt":"2026-07-09T15:34:16","slug":"ha-quasi-ventanni-e-alta-piu-di-due-metri-ed-e-il-nuovo-colpo-di-mondovi-volley","status":"publish","type":"post","link":"https:\/\/www.europesays.com\/it\/577095\/","title":{"rendered":"Ha (quasi) vent&#8217;anni, \u00e8 alta pi\u00f9 di due metri ed \u00e8 il nuovo &#8220;colpo&#8221; di Mondov\u00ec Volley"},"content":{"rendered":"<p><strong>Mondov\u00ec Volley\u00a0<\/strong>annuncia l\u2019arrivo di <strong>Melissa Mattioli<\/strong>, <strong>centrale quasi vent&#8217;enne classe 2006 <\/strong>(compie gli anni il 19 agosto), una delle giocatrici pi\u00f9 interessanti della nuova generazione. Con i suoi <strong>202 cm di altezza<\/strong>, Mattioli porta nel reparto centrale una <strong>presenza fisica di altissimo livello<\/strong>, un <strong>potenziale importante<\/strong> e una <strong>prospettiva di crescita<\/strong> che si inserisce perfettamente nel <strong>progetto tecnico A3 2026\/27<\/strong>.<\/p>\n<p>    <a href=\"https:\/\/www.unionemonregalese.it\/news\/sport\/314241\/ha-vinto-il-campionato-ed-e-la-figlia-di-alberto-brandi-valentina-e-il-nuovo-palleggio-del-puma.html?utm_source=VCMS_correlati\" class=\"vc_cont_image\" rel=\"nofollow noopener\" target=\"_blank\"><img decoding=\"async\" class=\"vc_image\" src=\"https:\/\/www.unionemonregalese.it\/resizer\/150\/-1\/true\/2026_06_20\/val1-1781968884801.jpg--ha_vinto_il_campionato_ed_e_la_figlia_di_alberto_brandi__valentina_e_il_nuovo_palleggio_del_puma.jpg?1781968884828\"\/><\/a><\/p>\n<p>La sua carriera nasce in una delle realt\u00e0 pi\u00f9 prestigiose del panorama giovanile italiano: l\u2019<strong>Anderlini Modena<\/strong>, dove compie tutto il percorso formativo. Successivamente approda al <strong>Volley Modena<\/strong>, con cui nella stagione <strong>2024\/25 conquista la promozione in Serie A2<\/strong>. Nell\u2019ultima annata, <strong>2025\/26<\/strong>, veste la maglia di <strong>Casalmaggiore<\/strong> in <strong>Serie A2<\/strong>, vivendo una <strong>stagione di alto livello<\/strong> e confrontandosi quotidianamente con un contesto tecnico e fisico di grande intensit\u00e0 a livello nazionale.<\/p>\n<p><img loading=\"lazy\" decoding=\"async\" src=\"https:\/\/www.europesays.com\/it\/wp-content\/uploads\/2026\/07\/mat2-1783600544833.jpg\" alt=\"\" width=\"1920\" height=\"1280\"\/><\/p>\n<p>Il direttore sportivo <strong>Max Rubado<\/strong> commenta cos\u00ec il suo arrivo: \u00ab<strong>Melissa \u00e8 una centrale dal potenziale enorme<\/strong>, una giocatrice che unisce un\u2019<strong>altezza fuori dal comune<\/strong> a una <strong>grande voglia di mettersi in gioco<\/strong>. Ha gi\u00e0 vissuto esperienze significative tra Modena e Casalmaggiore, mostrando <strong>capacit\u00e0 di adattamento, seriet\u00e0 e una forte predisposizione al lavoro quotidiano<\/strong>. <strong>Crediamo molto nel suo percorso<\/strong>: ha <strong>margini di crescita importanti<\/strong> e pu\u00f2 diventare un <strong>elemento di grande valore<\/strong> nel nostro sistema di gioco. Siamo felici che abbia scelto <strong>Mondov\u00ec<\/strong> per continuare la sua evoluzione\u00bb.<\/p>\n<p>    <a href=\"https:\/\/www.unionemonregalese.it\/news\/sport\/314827\/mondovi-volley-torna-in-a-ufficiale-l-ingresso-in-serie-a3.html?utm_source=VCMS_correlati\" class=\"vc_cont_image\" rel=\"nofollow noopener\" target=\"_blank\"><img decoding=\"async\" class=\"vc_image\" src=\"https:\/\/www.unionemonregalese.it\/resizer\/150\/-1\/true\/2026_07_03\/489248813_1050910090404704_3023997033785309718_n-1783100052773.jpg--mondovi_volley_torna_in_a__ufficiale_l_ingresso_in_serie_a3.jpg?1783100053426\"\/><\/a><\/p>\n<p>Parole estremamente positive anche da parte della giocatrice: \u00ab<strong>Sono molto entusiasta<\/strong> di entrare a far parte della realt\u00e0 di <strong>Mondov\u00ec<\/strong>, mi ha colpito fin da subito questo progetto. <strong>Sono convinta che imparer\u00f2 molto in questa stagione<\/strong> e <strong>spero di dare il mio contributo alla squadra<\/strong>. <strong>Non vedo l\u2019ora di conoscere le mie nuove compagne, lo staff e i tifosi<\/strong>: <strong>sono felice di iniziare questa nuova avventura\u00bb.<\/strong><\/p>\n<p>Con l\u2019arrivo di <strong>Melissa Mattioli<\/strong>, <strong>Mondov\u00ec Volley<\/strong> aggiunge al roster una <strong>centrale giovane, imponente e determinata<\/strong>, pronta a crescere e a portare <strong>energia, fisicit\u00e0 e ambizione<\/strong> nel nuovo campionato di <strong>Serie A3<\/strong>.<\/p>\n<p>    <a href=\"https:\/\/www.unionemonregalese.it\/news\/sport\/314886\/mondovi-volley-cala-un-altro-colpo-per-la-a3-arriva-la-bomber-vivien-di-diego.html?utm_source=VCMS_correlati\" class=\"vc_cont_image\" rel=\"nofollow noopener\" target=\"_blank\"><img decoding=\"async\" class=\"vc_image\" src=\"https:\/\/www.unionemonregalese.it\/resizer\/150\/-1\/true\/2026_07_05\/69b481aebd301025af317c93e03ea746-1783256270863.jpg--mondovi_volley_cala_un_altro_colpo_per_la_a3__arriva_la_bomber_vivien_di_diego.jpg?1783256270881\"\/><\/a><\/p>\n","protected":false},"excerpt":{"rendered":"Mondov\u00ec Volley\u00a0annuncia l\u2019arrivo di Melissa Mattioli, centrale quasi vent&#8217;enne classe 2006 (compie gli anni il 19 agosto), una&hellip;\n","protected":false},"author":3,"featured_media":577096,"comment_status":"","ping_status":"","sticky":false,"template":"","format":"standard","meta":{"footnotes":"","_share_on_mastodon":"0"},"categories":[1474],"tags":[317901,317900,20992,1537,90,89,290888,317899,3010,8599,4338,200645,245,244,1869,185377],"class_list":["post-577095","post","type-post","status-publish","format-standard","has-post-thumbnail","category-volley","tag-a3-2026-27","tag-anderlini-modena","tag-casalmaggiore","tag-it","tag-italia","tag-italy","tag-max-rubado","tag-melissa-mattioli","tag-mondovi","tag-mondovi-volley","tag-serie-a2","tag-serie-a3","tag-sport","tag-sports","tag-volley","tag-volley-modena"],"share_on_mastodon":{"url":"https:\/\/pubeurope.com\/@it\/116890759308099841","error":""},"_links":{"self":[{"href":"https:\/\/www.europesays.com\/it\/wp-json\/wp\/v2\/posts\/577095","targetHints":{"allow":["GET"]}}],"collection":[{"href":"https:\/\/www.europesays.com\/it\/wp-json\/wp\/v2\/posts"}],"about":[{"href":"https:\/\/www.europesays.com\/it\/wp-json\/wp\/v2\/types\/post"}],"author":[{"embeddable":true,"href":"https:\/\/www.europesays.com\/it\/wp-json\/wp\/v2\/users\/3"}],"replies":[{"embeddable":true,"href":"https:\/\/www.europesays.com\/it\/wp-json\/wp\/v2\/comments?post=577095"}],"version-history":[{"count":0,"href":"https:\/\/www.europesays.com\/it\/wp-json\/wp\/v2\/posts\/577095\/revisions"}],"wp:featuredmedia":[{"embeddable":true,"href":"https:\/\/www.europesays.com\/it\/wp-json\/wp\/v2\/media\/577096"}],"wp:attachment":[{"href":"https:\/\/www.europesays.com\/it\/wp-json\/wp\/v2\/media?parent=577095"}],"wp:term":[{"taxonomy":"category","embeddable":true,"href":"https:\/\/www.europesays.com\/it\/wp-json\/wp\/v2\/categories?post=577095"},{"taxonomy":"post_tag","embeddable":true,"href":"https:\/\/www.europesays.com\/it\/wp-json\/wp\/v2\/tags?post=577095"}],"curies":[{"name":"wp","href":"https:\/\/api.w.org\/{rel}","templated":true}]}}