{"id":577105,"date":"2026-07-09T15:43:11","date_gmt":"2026-07-09T15:43:11","guid":{"rendered":"https:\/\/www.europesays.com\/it\/577105\/"},"modified":"2026-07-09T15:43:11","modified_gmt":"2026-07-09T15:43:11","slug":"lino-banfi-e-quel-ragazzo-pugliese-che-si-e-sempre-nascosto-dietro-la-maschera-del-comico","status":"publish","type":"post","link":"https:\/\/www.europesays.com\/it\/577105\/","title":{"rendered":"Lino Banfi e quel ragazzo pugliese che si \u00e8 sempre nascosto dietro la maschera del comico"},"content":{"rendered":"<p>    di<br \/>\n    Aldo Grasso<\/p>\n<p class=\"summary-art is-line-h-12\">Il documentario \u00abLino d\u2019Italia \u2013 Storia di un itAlieno\u00bb \u00e8 un confronto continuo fra il personaggio pubblico e l&#8217;uomo privato<\/p>\n<p class=\"chapter-paragraph\">In \u00abLino d\u2019Italia \u2013 Storia di un itAlieno\u00bb Lino Banfi mette in scena un autoritratto in cui l\u2019attore dialoga con Pasquale Zagaria, il ragazzo pugliese che non ha mai smesso di abitare dietro la maschera del comico. Lo sdoppiamento \u00e8 la trovata pi\u00f9 felice del documentario di Marco Spagnoli: Banfi conversa con il proprio passato, rievoca il padre, le origini contadine, il seminario, la fame di spettacolo.<\/p>\n<p class=\"chapter-paragraph\"><b>\u00c8 un confronto continuo tra il personaggio pubblico<\/b> e l\u2019uomo privato, tra la celebrit\u00e0 e il ragazzo che cercava un posto nel mondo (Rai1). Il racconto acquista cos\u00ec una dimensione teatrale, quasi pirandelliana, senza perdere il tono popolare che ha sempre contraddistinto Banfi. La memoria personale si intreccia con quella collettiva, facendo riemergere una stagione dello spettacolo italiano ormai scomparsa: la grande scuola dell\u2019avanspettacolo, dove si imparava il mestiere davanti a platee difficili, senza scorciatoie. \u00c8 l\u00ec che nasce l\u2019attore, ed \u00e8 l\u00ec che compare una figura decisiva come Tot\u00f2, che gli suggerisce persino il nome d\u2019arte.    &#13;<br \/>\n&#13;<br \/>\n&#13;<br \/>\n&#13;<br \/>\n&#13;<br \/>\n&#13;<br \/>\n&#13;<br \/>\n&#13;<br \/>\n&#13;<br \/>\n&#13;<br \/>\n&#13;<br \/>\n&#13;<br \/>\n&#13;<br \/>\n&#13;<br \/>\n&#13;<br \/>\n&#13;<br \/>\n&#13;<br \/>\n&#13;<br \/>\n&#13;<br \/>\n&#13;<br \/>\n&#13;<br \/>\n&#13;<br \/>\n&#13;<br \/>\n&#13;<br \/>\n&#13;<br \/>\n&#13;<br \/>\n&#13;<br \/>\n&#13;<br \/>\n&#13;<br \/>\n&#13;<br \/>\n&#13;<br \/>\n&#13;<br \/>\n&#13;<br \/>\n&#13;<br \/>\n&#13;<br \/>\n&#13;<br \/>\n&#13;<br \/>\n&#13;<br \/>\n&#13;<br \/>\n&#13;<br \/>\n&#13;<br \/>\n&#13;<br \/>\n&#13;<br \/>\n&#13;<br \/>\n&#13;<br \/>\n&#13;<br \/>\n&#13;<br \/>\n&#13;<br \/>\n&#13;<br \/>\n&#13;<br \/>\n&#13;<br \/>\n&#13;<br \/>\n&#13;\n<\/p>\n<p class=\"chapter-paragraph\"><b>Il documentario ricorda come Banfi<\/b> abbia inventato una forma originale di umorismo pugliese. Non il folclore da cartolina, ma una lingua reinventata, fatta di parole storpiate, inflessioni dialettali e neologismi capaci di entrare nell\u2019immaginario nazionale.<\/p>\n<p class=\"chapter-paragraph\"><b>Quella parlata, apparentemente improvvisata<\/b>, era in realt\u00e0 una sofisticata macchina comica che trasformava la provincia in linguaggio universale. Prima ancora dei tormentoni televisivi, Banfi aveva capito che il dialetto poteva essere una forma di poesia popolare. Accanto ai materiali d\u2019archivio scorrono le testimonianze di amici e colleghi. Ognuno aggiunge un tassello, confermando un tratto che il pubblico conosce bene: Banfi non \u00e8 stato soltanto una star della commedia sexy o il nonno rassicurante di Un medico in famiglia, ma un interprete capace di attraversare generi, epoche e pubblici diversissimi senza perdere autenticit\u00e0.<\/p>\n<p class=\"chapter-paragraph\"><b>Alla fine, resta l\u2019impressione che l\u2019itAlieno <\/b>del titolo non sia un uomo venuto da un altro pianeta, ma qualcuno che \u00e8 riuscito a restare diverso senza mai smettere di appartenere all\u2019Italia pi\u00f9 popolare.<\/p>\n<p class=\"is-last-update\" datetime=\"2026-07-09T16:26:08+02:00\">9 luglio 2026 ( modifica il 9 luglio 2026 | 16:26)<\/p>\n<p class=\"is-copyright\">\n            \u00a9 RIPRODUZIONE RISERVATA\n        <\/p>\n","protected":false},"excerpt":{"rendered":"di Aldo Grasso Il documentario \u00abLino d\u2019Italia \u2013 Storia di un itAlieno\u00bb \u00e8 un confronto continuo fra il&hellip;\n","protected":false},"author":3,"featured_media":577106,"comment_status":"","ping_status":"","sticky":false,"template":"","format":"standard","meta":{"footnotes":"","_share_on_mastodon":"0"},"categories":[1451],"tags":[238186,2382,42916,1621,1620,5464,2491,317916,317917,42,317918,317919,11599,203,2498,204,1537,90,165450,317920,89,1914,42926,42739,317921,317922,13121,179,30709,5402],"class_list":["post-577105","post","type-post","status-publish","format-standard","has-post-thumbnail","category-celebrita","tag-italieno","tag-attore","tag-banfi","tag-celebrita","tag-celebrities","tag-comico","tag-confronto","tag-confronto-continuo","tag-confronto-continuo-personaggio","tag-continuo","tag-continuo-personaggio","tag-continuo-personaggio-pubblico","tag-documentario","tag-entertainment","tag-forma","tag-intrattenimento","tag-it","tag-italia","tag-italia-storia","tag-italia-storia-italieno","tag-italy","tag-li","tag-lino","tag-lino-banfi","tag-lino-italia","tag-lino-italia-storia","tag-popolare","tag-pubblico","tag-pugliese","tag-ragazzo"],"share_on_mastodon":{"url":"https:\/\/pubeurope.com\/@it\/116890790120162929","error":""},"_links":{"self":[{"href":"https:\/\/www.europesays.com\/it\/wp-json\/wp\/v2\/posts\/577105","targetHints":{"allow":["GET"]}}],"collection":[{"href":"https:\/\/www.europesays.com\/it\/wp-json\/wp\/v2\/posts"}],"about":[{"href":"https:\/\/www.europesays.com\/it\/wp-json\/wp\/v2\/types\/post"}],"author":[{"embeddable":true,"href":"https:\/\/www.europesays.com\/it\/wp-json\/wp\/v2\/users\/3"}],"replies":[{"embeddable":true,"href":"https:\/\/www.europesays.com\/it\/wp-json\/wp\/v2\/comments?post=577105"}],"version-history":[{"count":0,"href":"https:\/\/www.europesays.com\/it\/wp-json\/wp\/v2\/posts\/577105\/revisions"}],"wp:featuredmedia":[{"embeddable":true,"href":"https:\/\/www.europesays.com\/it\/wp-json\/wp\/v2\/media\/577106"}],"wp:attachment":[{"href":"https:\/\/www.europesays.com\/it\/wp-json\/wp\/v2\/media?parent=577105"}],"wp:term":[{"taxonomy":"category","embeddable":true,"href":"https:\/\/www.europesays.com\/it\/wp-json\/wp\/v2\/categories?post=577105"},{"taxonomy":"post_tag","embeddable":true,"href":"https:\/\/www.europesays.com\/it\/wp-json\/wp\/v2\/tags?post=577105"}],"curies":[{"name":"wp","href":"https:\/\/api.w.org\/{rel}","templated":true}]}}