{"id":577361,"date":"2026-07-09T19:12:19","date_gmt":"2026-07-09T19:12:19","guid":{"rendered":"https:\/\/www.europesays.com\/it\/577361\/"},"modified":"2026-07-09T19:12:19","modified_gmt":"2026-07-09T19:12:19","slug":"il-fossano-volley-mette-i-giovani-al-centro-del-nuovo-progetto","status":"publish","type":"post","link":"https:\/\/www.europesays.com\/it\/577361\/","title":{"rendered":"Il Fossano Volley mette i giovani al centro del nuovo progetto"},"content":{"rendered":"<p>Si \u00e8 tenuta ieri, mercoled\u00ec 8 luglio nella Sala d&#8217;onore Crf, l&#8217;attesa presentazione della stagione 2026\/27 del <strong>Fossano Volley<\/strong>. Un momento importante per la societ\u00e0, che ha voluto svelare i volti, i progetti e le ambizioni per il futuro davanti ad atleti, dirigenti, sponsor e istituzioni locali.<\/p>\n<p><strong>A fare gli onori di casa \u00e8 stato Omar Pettiti<\/strong>, nuovo volto della dirigenza e direttore sportivo, che ha subito chiarito la filosofia del nuovo corso: non solo risultati sportivi, ma una forte valenza educativa. &#8220;Quando si parla di una societ\u00e0 sportiva, spesso si pensa solo a campionati e vittorie &#8211; ha spiegato Pettiti -. Noi invece siamo partiti da una domanda: <strong>cosa vogliamo per i nostri ragazzi e ragazze?<\/strong> Fare una partita non \u00e8 solo un gesto atletico, \u00e8 condivisione e crescita. Il nostro progetto parte dalle basi, dal minivolley, per arrivare fino alla Prima Divisione, che deve rappresentare non solo un punto d&#8217;arrivo nel percorso agonistico, ma un vero punto di partenza. <strong>Vogliamo che i ricordi, le amicizie e i valori dello sport restino per sempre<\/strong>&#8220;.<\/p>\n<p><img loading=\"lazy\" decoding=\"async\" src=\"https:\/\/www.europesays.com\/it\/wp-content\/uploads\/2026\/07\/la_fedelta_(23)-1783585618385.jpg\" alt=\"\" width=\"1200\" height=\"800\"\/><\/p>\n<p><strong>Forte \u00e8 arrivato anche l&#8217;appoggio delle istituzioni<\/strong>. Giancarlo Fruttero, presidente della Fondazione Crf, ha sottolineato il valore del vivaio: &#8220;Quando una societ\u00e0 parte dai pi\u00f9 giovani, significa che \u00e8 una squadra in crescita. <strong>Un progetto sano<\/strong> che parte dal basso riesce a sostenersi e a creare vera cultura sportiva&#8221;.<\/p>\n<p>Sulla stessa linea il sindaco Dario Tallone, che ha evidenziato la <strong>necessit\u00e0 di supportare queste iniziative<\/strong>: &#8220;Per fare sport in una citt\u00e0 come Fossano c&#8217;\u00e8 bisogno di strutture. La nostra amministrazione \u00e8 attenta, lavoriamo in sinergia con le fondazioni e gli sponsor per migliorare gli impianti e dare spazi adeguati a questi ragazzi&#8221;.<\/p>\n<p>Parole rafforzate dall&#8217;assessore allo sport Danilo Toti: &#8220;Siamo in una fase in cui non tutti i Comuni dedicano questa attenzione alle strutture sportive. A Fossano stiamo investendo, dalla palestra comunale ai nuovi progetti, perch\u00e9 l&#8217;amministrazione deve facilitare la riuscita di queste attivit\u00e0. \u00c8 un bel progetto, che fa bene alla citt\u00e0 e che aiuter\u00e0 Fossano a tornare la realt\u00e0 principale che \u00e8 sempre stata&#8221;.<\/p>\n<p>A chiudere gli interventi istituzionali \u00e8 stato il vicepresidente <strong>Bader Zeroual<\/strong>, che <strong>ha espresso tutto il suo senso di appartenenza<\/strong>: &#8220;Oggi sono felice di essere riuscito a riportare a casa figure storiche, \u00e8 un inizio emozionante per la nostra dirigenza e per i nostri giovani&#8221;.<\/p>\n<p><img loading=\"lazy\" decoding=\"async\" src=\"https:\/\/www.europesays.com\/it\/wp-content\/uploads\/2026\/07\/la_fedelta_(21)-1783585602750.jpg\" alt=\"\" width=\"1200\" height=\"800\"\/><\/p>\n<p>La foto di rito della presentazione nella Sala d&#8217;onore della Crf<\/p>\n<p>Il nuovo organigramma e lo staff tecnico<\/p>\n<p>La societ\u00e0 ha presentato una squadra dirigenziale e tecnica motivata. Il direttivo, guidato dalla presidente Cristina Operti e dal vice Bader Zeroual, vede Omar Pettiti nel ruolo di direttore sportivo, coadiuvato dalla segretaria Paola Dutto e da una nutrita squadra di dirigenti: Gabriele Calandri, Mauro Tortone, Jacopo Torta, Matteo Marassi e Nicol\u00f2 Ferreri. Sul fronte tecnico, la Prima Divisione Femminile sar\u00e0 guidata Anahbi Sankara affiancato dal preparatore atletico Tomas Dhamo e dall&#8217;aiuto allenatore Nicol\u00f2 Ferreri. Il settore Csi sar\u00e0 affidato a Giorgia Rocca, supportata da Gianluca Castellana (aiuto allenatore) e Simone Saretti (vice).<\/p>\n<p>L&#8217;Under 12 vedr\u00e0 in panchina Federico Operto con Elisa Marassi come vice, mentre il settore del minivolley sar\u00e0 curato da Matilda Brero e Valentina Racca, con il prezioso aiuto del volontario Franco Racca. Un gruppo coeso, pronto a scendere in campo per il futuro del volley fossanese.<\/p>\n","protected":false},"excerpt":{"rendered":"Si \u00e8 tenuta ieri, mercoled\u00ec 8 luglio nella Sala d&#8217;onore Crf, l&#8217;attesa presentazione della stagione 2026\/27 del Fossano&hellip;\n","protected":false},"author":3,"featured_media":577362,"comment_status":"","ping_status":"","sticky":false,"template":"","format":"standard","meta":{"footnotes":"","_share_on_mastodon":"0"},"categories":[1474],"tags":[277956,19692,86321,1537,90,89,318072,245,244,1869],"class_list":["post-577361","post","type-post","status-publish","format-standard","has-post-thumbnail","category-volley","tag-fondazione-crf","tag-fossano","tag-fossano-volley","tag-it","tag-italia","tag-italy","tag-omar-pettiti","tag-sport","tag-sports","tag-volley"],"share_on_mastodon":{"url":"https:\/\/pubeurope.com\/@it\/116891612426640945","error":""},"_links":{"self":[{"href":"https:\/\/www.europesays.com\/it\/wp-json\/wp\/v2\/posts\/577361","targetHints":{"allow":["GET"]}}],"collection":[{"href":"https:\/\/www.europesays.com\/it\/wp-json\/wp\/v2\/posts"}],"about":[{"href":"https:\/\/www.europesays.com\/it\/wp-json\/wp\/v2\/types\/post"}],"author":[{"embeddable":true,"href":"https:\/\/www.europesays.com\/it\/wp-json\/wp\/v2\/users\/3"}],"replies":[{"embeddable":true,"href":"https:\/\/www.europesays.com\/it\/wp-json\/wp\/v2\/comments?post=577361"}],"version-history":[{"count":0,"href":"https:\/\/www.europesays.com\/it\/wp-json\/wp\/v2\/posts\/577361\/revisions"}],"wp:featuredmedia":[{"embeddable":true,"href":"https:\/\/www.europesays.com\/it\/wp-json\/wp\/v2\/media\/577362"}],"wp:attachment":[{"href":"https:\/\/www.europesays.com\/it\/wp-json\/wp\/v2\/media?parent=577361"}],"wp:term":[{"taxonomy":"category","embeddable":true,"href":"https:\/\/www.europesays.com\/it\/wp-json\/wp\/v2\/categories?post=577361"},{"taxonomy":"post_tag","embeddable":true,"href":"https:\/\/www.europesays.com\/it\/wp-json\/wp\/v2\/tags?post=577361"}],"curies":[{"name":"wp","href":"https:\/\/api.w.org\/{rel}","templated":true}]}}