{"id":577363,"date":"2026-07-09T19:14:17","date_gmt":"2026-07-09T19:14:17","guid":{"rendered":"https:\/\/www.europesays.com\/it\/577363\/"},"modified":"2026-07-09T19:14:17","modified_gmt":"2026-07-09T19:14:17","slug":"alcaraz-rinuncia-a-montreal-verso-il-rientro-a-cincinnati","status":"publish","type":"post","link":"https:\/\/www.europesays.com\/it\/577363\/","title":{"rendered":"Alcaraz rinuncia a Montreal, verso il rientro a Cincinnati"},"content":{"rendered":"<p>                                Il recupero dall&#8217;infortunio al polso procede bene, Carlos \u00e8 pronto a iniziare la mini-preparazione per la trasferta americana<\/p>\n<p>            <a class=\"image is-50x50\" href=\"https:\/\/www.gazzetta.it\/collaboratori\/luigi-ansaloni\/\" rel=\"nofollow noopener\" target=\"_blank\"><br \/>\n                <img decoding=\"async\" class=\"is-rounded\" src=\"https:\/\/www.europesays.com\/it\/wp-content\/uploads\/2026\/03\/1774472354_735_omino.png\" alt=\"Luigi Ansaloni\"\/><br \/>\n            <\/a><\/p>\n<p>Collaboratore<\/p>\n<p>                    9 luglio 2026 (modifica alle 20:26)  &#8211; MILANO<\/p>\n<p class=\"paragraph\" spellcheck=\"true\">Nessun allarme, nessun caso. <a href=\"https:\/\/www.gazzetta.it\/Tennis\/ATP\/01-07-2026\/alcaraz-vacanze-in-barca-a-procida.shtml?intcmp=hyperlink-articolo-gazit\" rel=\"nofollow noopener\" target=\"_blank\">Carlos Alcaraz<\/a> sta bene e il suo percorso di recupero procede secondo programma, anche se la mancata presenza del suo nome nella entry list dell&#8217;Atp 1000 di Montreal (in programma dal 2 al 13 agosto) aveva fatto scattare qualche preoccupazione. Un torneo, tra l&#8217;altro, che il sette volte vincitore Slam aveva gi\u00e0 saltato lo scorso anno, ma l&#8217;infortunio al polso che tiene lontano il fuoriclasse spagnolo ormai da aprile aveva fatto suonare un campanello d&#8217;allarme. Tutto normale, invece: dalla Spagna arrivano informazioni rassicuranti sul rientro di Carlos.\u00a0Nei prossimi Alcaraz si sottoporr\u00e0 a un ultimo controllo medico a Barcellona con il dottor Cotorro. Se, come filtra dall\u2019entourage, gli esami daranno esito positivo, arriver\u00e0 il via libera definitivo per tornare ad allenarsi senza limitazioni. Da quel momento inizier\u00e0 una vera e propria mini-preparazione. Un piccolo \u201cdicembre\u201d nel cuore dell\u2019estate: una nuova fase atletica per ritrovare ritmo, forza e brillantezza. Alcaraz lavorer\u00e0 insieme al suo staff, con Lled\u00f3 e Juanjo Moreno, puntando inizialmente sulla parte fisica e sul lavoro cardio.\u00a0<\/p>\n<p>    obiettivo cincinnati\u2014 \u00a0<\/p>\n<p class=\"paragraph is-inline\" spellcheck=\"true\">Il rientro in campo sar\u00e0 graduale. Il piano di Alcaraz e del suo team prevede di ripartire con il diritto a intensit\u00e0 ridotta, aumentando progressivamente carichi e velocit\u00e0 settimana dopo settimana. Nessuna fretta: l\u2019obiettivo \u00e8 tornare al massimo della condizione. La rinuncia al torneo canadese nasce proprio da questo ragionamento, secondo il giornalista spagnolo Jos\u00e9 Mor\u00f3n. Anche in caso di miglioramenti rapidi, i tempi sarebbero troppo stretti per presentarsi competitivo. La porta, in teoria, resta aperta fino all\u2019ultimo, perch\u00e9 molto dipender\u00e0 dalle sensazioni del giocatore, ma la scelta pi\u00f9 probabile \u00e8 quella di aggiungere un\u2019ulteriore settimana di lavoro. Il grande obiettivo ha gi\u00e0 un nome: Cincinnati. Il torneo americano, in programma a ridosso degli US Open, rappresenta il palcoscenico ideale per il ritorno di Carlitos. Un appuntamento speciale anche perch\u00e9 \u00e8 chiamato a difendere il titolo conquistato lo scorso anno, cos\u00ec come dovr\u00e0 fare a New York. Se le prossime tre settimane di luglio fileranno lisce, senza nuovi intoppi, Alcaraz potrebbe quindi rivedere il campo tra circa un mese. La missione \u00e8 chiara: arrivare a Cincinnati competitivo e presentarsi poi a New York nella miglior versione possibile.<\/p>\n<p class=\"is-copyright\">\u00a9 RIPRODUZIONE RISERVATA<\/p>\n","protected":false},"excerpt":{"rendered":"Il recupero dall&#8217;infortunio al polso procede bene, Carlos \u00e8 pronto a iniziare la mini-preparazione per la trasferta americana&hellip;\n","protected":false},"author":3,"featured_media":500624,"comment_status":"","ping_status":"","sticky":false,"template":"","format":"standard","meta":{"footnotes":"","_share_on_mastodon":"0"},"categories":[1457],"tags":[1265,2271,921,3363,6191,73202,2885,287570,1537,90,89,11945,318073,7589,11040,11041,1693,809,16419,11873,25152,2440,125806,897,3279,3674,989,245,244,1273,6663],"class_list":["post-577363","post","type-post","status-publish","format-standard","has-post-thumbnail","category-tennis","tag-alcaraz","tag-allarme","tag-campo","tag-carlos","tag-cincinnati","tag-competitivo","tag-infortunio","tag-infortunio-polso","tag-it","tag-italia","tag-italy","tag-mini","tag-mini-preparazione","tag-montreal","tag-new","tag-new-york","tag-nome","tag-obiettivo","tag-polso","tag-preparazione","tag-presentarsi","tag-prevede","tag-procede","tag-programma","tag-recupero","tag-rientro","tag-settimana","tag-sport","tag-sports","tag-tennis","tag-torneo"],"share_on_mastodon":{"url":"https:\/\/pubeurope.com\/@it\/116891619616668305","error":""},"_links":{"self":[{"href":"https:\/\/www.europesays.com\/it\/wp-json\/wp\/v2\/posts\/577363","targetHints":{"allow":["GET"]}}],"collection":[{"href":"https:\/\/www.europesays.com\/it\/wp-json\/wp\/v2\/posts"}],"about":[{"href":"https:\/\/www.europesays.com\/it\/wp-json\/wp\/v2\/types\/post"}],"author":[{"embeddable":true,"href":"https:\/\/www.europesays.com\/it\/wp-json\/wp\/v2\/users\/3"}],"replies":[{"embeddable":true,"href":"https:\/\/www.europesays.com\/it\/wp-json\/wp\/v2\/comments?post=577363"}],"version-history":[{"count":0,"href":"https:\/\/www.europesays.com\/it\/wp-json\/wp\/v2\/posts\/577363\/revisions"}],"wp:featuredmedia":[{"embeddable":true,"href":"https:\/\/www.europesays.com\/it\/wp-json\/wp\/v2\/media\/500624"}],"wp:attachment":[{"href":"https:\/\/www.europesays.com\/it\/wp-json\/wp\/v2\/media?parent=577363"}],"wp:term":[{"taxonomy":"category","embeddable":true,"href":"https:\/\/www.europesays.com\/it\/wp-json\/wp\/v2\/categories?post=577363"},{"taxonomy":"post_tag","embeddable":true,"href":"https:\/\/www.europesays.com\/it\/wp-json\/wp\/v2\/tags?post=577363"}],"curies":[{"name":"wp","href":"https:\/\/api.w.org\/{rel}","templated":true}]}}