{"id":577422,"date":"2026-07-09T19:59:13","date_gmt":"2026-07-09T19:59:13","guid":{"rendered":"https:\/\/www.europesays.com\/it\/577422\/"},"modified":"2026-07-09T19:59:13","modified_gmt":"2026-07-09T19:59:13","slug":"pier-silvio-berlusconi-offeso-dalle-parole-di-trump-su-giorgia-meloni-vannacci-aspettiamo-il-programma","status":"publish","type":"post","link":"https:\/\/www.europesays.com\/it\/577422\/","title":{"rendered":"Pier Silvio Berlusconi: \u00abOffeso dalle parole di Trump su Giorgia Meloni. Vannacci? Aspettiamo il programma\u00bb"},"content":{"rendered":"<p>    di<br \/>\n    Renato Franco<\/p>\n<p class=\"summary-art is-line-h-12\">L\u2019amministratore delegato di Mfe \u2014MediaForEurope parla della situazione italiana e internazionale<\/p>\n<p class=\"chapter-paragraph\">\u00abTrump? I suoi attacchi a Giorgia Meloni mi hanno offeso. Vannacci? \u00c8 un bravo comunicatore, ma aspettiamo il suo programma\u00bb. Alla presentazione della prossima stagione televisiva a Cologno Monzese, <b>Pier Silvio Berlusconi<\/b> parla ovviamente di tv. Ma non mancano le incursioni nella politica. <b>Tra Trump e Vannacci spira forte un vento a destra<\/b>, sono loro le due figure che a livello internazionale e italiano in questo momento stanno dettando l\u2019agenda e polarizzando le attenzioni.<\/p>\n<p class=\"chapter-paragraph\"><b>Allargando lo sguardo allo scenario mondiale <\/b>l\u2019amministratore delegato di Mfe-MediaForEurope commenta cos\u00ec le uscite del presidente americano contro la premier italiana: \u00ab<b>Stimo Giorgia Meloni e le do il mio pieno appoggio<\/b>. Io sono orgoglioso di essere italiano e quelle frasi mi hanno toccato e profondamente infastidito. <b>Mi sono sentito offeso: offeso perch\u00e9 \u00e8 ingiusto, offeso da italiano<\/b>\u00bb. Quindi aggiunge: \u00abCredo che lei stia facendo il massimo nell\u2019interesse dell\u2019Italia in una situazione internazionale estremamente complessa. E penso che \u2014 vista la situazione e visto il personaggio con cui abbiamo a che fare \u2014 abbia saputo gestire queste circostanze nel modo migliore perch\u00e9 <b>ha saputo trovare il giusto equilibrio tra tenere una posizione corretta nei confronti degli Stati Uniti, senza mollare il punto sulle posizioni europee<\/b>\u00bb.    &#13;<br \/>\n&#13;<br \/>\n&#13;<br \/>\n&#13;<br \/>\n&#13;<br \/>\n&#13;<br \/>\n&#13;<br \/>\n&#13;<br \/>\n&#13;<br \/>\n&#13;<br \/>\n&#13;<br \/>\n&#13;<br \/>\n&#13;<br \/>\n&#13;<br \/>\n&#13;<br \/>\n&#13;<br \/>\n&#13;<br \/>\n&#13;<br \/>\n&#13;<br \/>\n&#13;<br \/>\n&#13;<br \/>\n&#13;<br \/>\n&#13;<br \/>\n&#13;<br \/>\n&#13;<br \/>\n&#13;<br \/>\n&#13;<br \/>\n&#13;<br \/>\n&#13;<br \/>\n&#13;<br \/>\n&#13;<br \/>\n&#13;<br \/>\n&#13;<br \/>\n&#13;<br \/>\n&#13;<br \/>\n&#13;<br \/>\n&#13;<br \/>\n&#13;<br \/>\n&#13;<br \/>\n&#13;<br \/>\n&#13;<br \/>\n&#13;<br \/>\n&#13;<br \/>\n&#13;<br \/>\n&#13;<br \/>\n&#13;<br \/>\n&#13;<br \/>\n&#13;<br \/>\n&#13;<br \/>\n&#13;<br \/>\n&#13;<br \/>\n&#13;<br \/>\n&#13;\n<\/p>\n<p class=\"chapter-paragraph\">Stringendo l\u2019orizzonte sulla situazione italiana, Pier Silvio Berlusconi parla anche del <b>\u00abfenomeno Vannacci\u00bb<\/b>: prima la discesa in politica e poi la scissione dalla Lega hanno creato <b>un nuovo soggetto politico sovranista<\/b> con cui fare i conti. Riflette: \u00abL\u2019Italia non \u00e8 nuova a fenomeni come quello di Vannacci, che nascono dal nulla e crescono politicamente. In questo senso non mi stupisce che in un momento come questo emerga un personaggio come lui: <b>Vannacci \u00e8 un bravo comunicatore, \u00e8 efficace, anche se non credo che sia coerente con il mio pensiero di ci\u00f2 che deve essere il centrodestra<\/b>. Ma la propaganda \u00e8 un conto, la realt\u00e0 dei fatti \u00e8 un altro, e Vannacci lo sa molto bene\u00bb. \u00abPromosso\u00bb, ma fino a un certo punto, non in modo incondizionato: \u00ab<b>Aspettiamo di vedere il suo programma per giudicare quanto \u00e8 coerente con il programma del centrodestra<\/b> e poi si capir\u00e0 che cosa fare\u00bb. Lui per\u00f2 non vuole dare suggerimenti a nessuno: \u00abQuesto \u00e8 il mio pensiero da cittadino, io non voglio dare nessun consiglio al governo\u00bb. E ribadisce la posizione anche su quale dovrebbe essere la linea di Forza Italia, il partito fondato da suo padre: \u00ab<b>Forza Italia decider\u00e0 in piena autonomia<\/b>\u00bb.<\/p>\n<p class=\"is-last-update\" datetime=\"2026-07-09T20:52:06+02:00\">9 luglio 2026 ( modifica il 9 luglio 2026 | 20:52)<\/p>\n<p class=\"is-copyright\">\n            \u00a9 RIPRODUZIONE RISERVATA\n        <\/p>\n","protected":false},"excerpt":{"rendered":"di Renato Franco L\u2019amministratore delegato di Mfe \u2014MediaForEurope parla della situazione italiana e internazionale \u00abTrump? I suoi attacchi&hellip;\n","protected":false},"author":3,"featured_media":577423,"comment_status":"","ping_status":"","sticky":false,"template":"","format":"standard","meta":{"footnotes":"","_share_on_mastodon":"0"},"categories":[79],"tags":[6964,6965,150157,4607,318085,2436,318086,112,146364,14,93,94,125,126,832,1537,90,4945,1599,89,58,7,15,110246,2463,16636,16637,6270,897,16640,16641,786,379,11,84,91,12,85,92,18099],"class_list":["post-577422","post","type-post","status-publish","format-standard","has-post-thumbnail","category-italia","tag-amministratore","tag-amministratore-delegato","tag-amministratore-delegato-mfe","tag-aspettiamo","tag-aspettiamo-programma","tag-berlusconi","tag-berlusconi-parla","tag-centrodestra","tag-coerente","tag-cronaca","tag-cronaca-italiana","tag-cronacaitaliana","tag-giorgia","tag-giorgia-meloni","tag-internazionale","tag-it","tag-italia","tag-italiana","tag-italiano","tag-italy","tag-meloni","tag-news","tag-notizie","tag-offeso","tag-parla","tag-pier","tag-pier-silvio","tag-pier-silvio-berlusconi","tag-programma","tag-silvio","tag-silvio-berlusconi","tag-situazione","tag-trump","tag-ultime-notizie","tag-ultime-notizie-e-news-di-oggi","tag-ultime-notizie-italia","tag-ultimenotizie","tag-ultimenotizieenewsdioggi","tag-ultimenotizieitalia","tag-vannacci"],"share_on_mastodon":{"url":"","error":"Validation failed: Text character limit of 500 exceeded"},"_links":{"self":[{"href":"https:\/\/www.europesays.com\/it\/wp-json\/wp\/v2\/posts\/577422","targetHints":{"allow":["GET"]}}],"collection":[{"href":"https:\/\/www.europesays.com\/it\/wp-json\/wp\/v2\/posts"}],"about":[{"href":"https:\/\/www.europesays.com\/it\/wp-json\/wp\/v2\/types\/post"}],"author":[{"embeddable":true,"href":"https:\/\/www.europesays.com\/it\/wp-json\/wp\/v2\/users\/3"}],"replies":[{"embeddable":true,"href":"https:\/\/www.europesays.com\/it\/wp-json\/wp\/v2\/comments?post=577422"}],"version-history":[{"count":0,"href":"https:\/\/www.europesays.com\/it\/wp-json\/wp\/v2\/posts\/577422\/revisions"}],"wp:featuredmedia":[{"embeddable":true,"href":"https:\/\/www.europesays.com\/it\/wp-json\/wp\/v2\/media\/577423"}],"wp:attachment":[{"href":"https:\/\/www.europesays.com\/it\/wp-json\/wp\/v2\/media?parent=577422"}],"wp:term":[{"taxonomy":"category","embeddable":true,"href":"https:\/\/www.europesays.com\/it\/wp-json\/wp\/v2\/categories?post=577422"},{"taxonomy":"post_tag","embeddable":true,"href":"https:\/\/www.europesays.com\/it\/wp-json\/wp\/v2\/tags?post=577422"}],"curies":[{"name":"wp","href":"https:\/\/api.w.org\/{rel}","templated":true}]}}