{"id":577464,"date":"2026-07-09T20:46:12","date_gmt":"2026-07-09T20:46:12","guid":{"rendered":"https:\/\/www.europesays.com\/it\/577464\/"},"modified":"2026-07-09T20:46:12","modified_gmt":"2026-07-09T20:46:12","slug":"larchitetto-astigiano-paolo-catrambone-protagonista-alledge-architecture-festival-di-budapest","status":"publish","type":"post","link":"https:\/\/www.europesays.com\/it\/577464\/","title":{"rendered":"L&#8217;architetto astigiano Paolo Catrambone protagonista all\u2019Edge Architecture Festival di Budapest"},"content":{"rendered":"<p class=\"p1\">C\u2019\u00e8 anche un pezzo di eccellenza astigiana nel cuore della trasformazione urbana europea. L&#8217;architetto <b>Paolo Catrambone<\/b>, co-fondatore dello studio <b>Ortus<\/b>, \u00e8 stato tra i protagonisti dell&#8217;<b>Edge &#8211; Architecture Festival di Budapest,<\/b>\u00a0l&#8217;importante appuntamento internazionale organizzato annualmente dalla testata ungherese \u00c9p\u00edt\u00e9szf\u00f3rum.<\/p>\n<p class=\"p1\">L\u2019evento, concepito per esplorare come l\u2019architettura possa rispondere alle trasformazioni ecologiche, sociali e politiche dei nostri tempi, ha riunito nella capitale ungherese progettisti di fama mondiale, ricercatori e studi sperimentali. In un parterre che includeva giganti del settore come <b>Mvrdv<\/b>\u00a0(Rotterdam), <b>Roijkind<\/b> (Messico) e <b>Coldefy<\/b> (Parigi), lo studio <b>Ortus<\/b>\u00a0\u00e8 stato invitato nella sessione dedicata agli studi emergenti, affiancato dai colleghi svizzeri di Kosmos e dagli olandesi di Monadnock.<\/p>\n<p class=\"p1\">Il motivo dell\u2019invito, come spiegato dallo stesso Catrambone, \u00abrisiede nella volont\u00e0 degli organizzatori di dare voce a una <b>realt\u00e0 italiana capace di operare in un ambito internazionale<\/b>, distinguendosi per un approccio concreto e innovativo al progetto costruito\u00bb. La presenza di Catrambone sul palco di Budapest \u00e8 la conferma di un percorso formativo e professionale di ampio respiro. Formatosi all&#8217;<b>Accademia di Architettura di Mendrisio<\/b> in Svizzera, Catrambone ha accumulato esperienze cruciali a <b>Barcellona<\/b>, <b>Tokyo<\/b>, <b>Basilea<\/b> e a <b>Lisbona<\/b>, dove ha collaborato con i prestigiosi studi di <b>Goncalo Byrne<\/b> e <b>Joao Nunes<\/b>.<\/p>\n<p class=\"p1\">Questo bagaglio internazionale confluisce oggi in una nuova visione dell&#8217;architettura italiana. \u00abInsieme ad altri quattro colleghi italiani abbiamo cercato di rappresentare una nuova generazione di progettisti che, dopo tanti anni all\u2019estero, stanno cercando di ricostruire una <b>nuova massa critica dell\u2019architettura italiana<\/b>\u00bb, ha dichiarato il professionista astigiano. Durante il festival, Catrambone ha illustrato alcuni dei lavori pi\u00f9 significativi che lo studio Ortus ha firmato in Italia: la <b>nuova scuola elementare &#8220;Viviani&#8221; di Molinella<\/b>, in provincia di Bologna, una struttura all&#8217;avanguardia pensata per oltre 160 bambini; l\u2019<b>Hospiz del Passo Gardena<\/b>, un nuovo rifugio in Alto Adige che sfida le condizioni ambientali d&#8217;alta quota; il recupero del <b>Casello di San Cristoforo a Milano<\/b>, un progetto di rigenerazione urbana portato avanti in stretta collaborazione con le associazioni locali.<\/p>\n<p class=\"p1\">Al termine dei lavori, Catrambone ha partecipato a un confronto collettivo sugli sviluppi della <b>nuova Budapest<\/b> alla presenza del\u00a0<b>Ministro dei trasporti e dell\u2019urbanistica<\/b>. Al centro della discussione, le idee concrete per indirizzare lo sviluppo della citt\u00e0 attraverso i nuovi fondi europei, in un clima di profonda speranza e innovazione dopo sedici anni di governo Orban.<\/p>\n","protected":false},"excerpt":{"rendered":"C\u2019\u00e8 anche un pezzo di eccellenza astigiana nel cuore della trasformazione urbana europea. L&#8217;architetto Paolo Catrambone, co-fondatore dello&hellip;\n","protected":false},"author":3,"featured_media":577465,"comment_status":"","ping_status":"","sticky":false,"template":"","format":"standard","meta":{"footnotes":"","_share_on_mastodon":"0"},"categories":[1446],"tags":[1615,1613,1614,1611,1610,12933,318094,1612,318091,203,318092,204,1537,90,89,318095,318096,164782,318090,318089,318093],"class_list":["post-577464","post","type-post","status-publish","format-standard","has-post-thumbnail","category-arte-e-design","tag-arte","tag-arte-e-design","tag-arteedesign","tag-arts","tag-arts-and-design","tag-budapest","tag-coldefy","tag-design","tag-edge-fest","tag-entertainment","tag-epiteszforum","tag-intrattenimento","tag-it","tag-italia","tag-italy","tag-kosmos","tag-monadnock","tag-mvrdv","tag-ortus","tag-paolo-catrambone","tag-roijkind"],"share_on_mastodon":{"url":"https:\/\/pubeurope.com\/@it\/116891981389746694","error":""},"_links":{"self":[{"href":"https:\/\/www.europesays.com\/it\/wp-json\/wp\/v2\/posts\/577464","targetHints":{"allow":["GET"]}}],"collection":[{"href":"https:\/\/www.europesays.com\/it\/wp-json\/wp\/v2\/posts"}],"about":[{"href":"https:\/\/www.europesays.com\/it\/wp-json\/wp\/v2\/types\/post"}],"author":[{"embeddable":true,"href":"https:\/\/www.europesays.com\/it\/wp-json\/wp\/v2\/users\/3"}],"replies":[{"embeddable":true,"href":"https:\/\/www.europesays.com\/it\/wp-json\/wp\/v2\/comments?post=577464"}],"version-history":[{"count":0,"href":"https:\/\/www.europesays.com\/it\/wp-json\/wp\/v2\/posts\/577464\/revisions"}],"wp:featuredmedia":[{"embeddable":true,"href":"https:\/\/www.europesays.com\/it\/wp-json\/wp\/v2\/media\/577465"}],"wp:attachment":[{"href":"https:\/\/www.europesays.com\/it\/wp-json\/wp\/v2\/media?parent=577464"}],"wp:term":[{"taxonomy":"category","embeddable":true,"href":"https:\/\/www.europesays.com\/it\/wp-json\/wp\/v2\/categories?post=577464"},{"taxonomy":"post_tag","embeddable":true,"href":"https:\/\/www.europesays.com\/it\/wp-json\/wp\/v2\/tags?post=577464"}],"curies":[{"name":"wp","href":"https:\/\/api.w.org\/{rel}","templated":true}]}}