{"id":577545,"date":"2026-07-09T21:53:17","date_gmt":"2026-07-09T21:53:17","guid":{"rendered":"https:\/\/www.europesays.com\/it\/577545\/"},"modified":"2026-07-09T21:53:17","modified_gmt":"2026-07-09T21:53:17","slug":"i-ricchi-coniugi-eremiti-trovati-mummificati-hanno-lasciato-uneredita-milionaria-al-wwf-la-villa-diventa-unoasi-naturale","status":"publish","type":"post","link":"https:\/\/www.europesays.com\/it\/577545\/","title":{"rendered":"I ricchi coniugi\u00a0eremiti (trovati mummificati) hanno lasciato un\u2019eredit\u00e0 milionaria al\u00a0Wwf: \u201cLa villa diventa un\u2019oasi naturale\u201d"},"content":{"rendered":"<p>Verona \u2013\u00a0Che cosa stupisce di pi\u00f9? Che una coppia tagli i rapporti con il mondo per vent\u2019anni e i corpi mummificati vengano trovati a tre mesi dalla morte o che <strong>la loro consistente eredit\u00e0<\/strong> dribbli i parenti e vada <strong>tutta intera al WWF<\/strong>? Forse c\u2019\u00e8 un nesso, chi sa, di fatto l\u2019associazione animalista di cui i due coniugi erano soci dagli anni \u201980 aspetta le ultime limature della successione per iniziare a sviluppare in casa loro il progetto di un\u2019oasi naturale.<\/p>\n<p> <img alt=\"L'ingresso alla villa in Valpolicella\" loading=\"lazy\" width=\"1600\" height=\"900\" decoding=\"async\" data-nimg=\"1\" style=\"color:transparent;max-width:100%;height:auto\"   src=\"https:\/\/www.europesays.com\/it\/wp-content\/uploads\/2026\/07\/l-ingresso-alla-villa-in-valpolicella.webp\"\/><\/p>\n<p>L&#8217;ingresso alla villa in Valpolicella<\/p>\n<p>Si avvera il sogno postumo di Marco Steffanoni e Maria Teresa Nizzola\u00a0sulle colline tra Verona e Negrar di Valpolicella <\/p>\n<p>Sulle colline tra Verona e Negrar di Valpolicella si avvera il sogno postumo di Marco Steffanoni e Maria Teresa Nizzola, ritrovati senza vita nella primavera 2025 dentro la villa padronale da un milione e mezzo di euro, finita nel testamento con terreni e appartamenti nel mantovano e adesso pronta a essere trasformata in un paradiso per la fauna locale. Lo conferma il Corriere Veneto, precisando che intorno alla propriet\u00e0 pi\u00f9 volte saccheggiata negli ultimi mesi sono gi\u00e0 state piazzate le telecamere utili a garantire la sicurezza e a valutare la futura destinazione dell\u2019area in base agli umori e agli spostamenti degli animali.  <\/p>\n<p>Approfondisci:<\/p>\n<p><a href=\"https:\/\/www.ilrestodelcarlino.it\/fermo\/cronaca\/tv-mondo-djokovic-maglietta-luciani-p68zf2my\" class=\"ArticleEmbed_article__embed__content__Jzqnz\" rel=\"nofollow noopener\" target=\"_blank\">Chi \u00e8 il tifoso di Djokovic a Wimbledon con la maglietta-sponsor dell\u2019impresa edile: \u201cVengo ripreso in tv, la ditta mi sostiene nelle trasferte\u201d<img alt=\"Chi \u00e8 il tifoso di Djokovic a Wimbledon con la maglietta-sponsor dell\u2019impresa edile: \u201cVengo ripreso in tv, la ditta mi sostiene nelle trasferte\u201d\" loading=\"lazy\" width=\"140\" height=\"78\" decoding=\"async\" data-nimg=\"1\" style=\"color:transparent\"  src=\"https:\/\/www.europesays.com\/it\/wp-content\/uploads\/2026\/07\/lennesima-esperienza-in-giro-per-il-mondo-per-seguire-il-proprio-mito-novak-djokovic-e-uninquadratur.webp\"\/><\/a> <\/p>\n<p>I corpi nella dimora di Montericco trovati da un gruppo di giovano esploratori urbani <\/p>\n<p>Marito e moglie avevano scelto una vita da eremiti \u2013 e il WWF come loro erede universale \u2013 e nessuno si era accorto della loro scomparsa. A trovarli per caso, nella dimora di Montericco infestata dalle mosche, era stato un gruppo di giovano esploratori urbani. Lui, dentista fino alla fine degli anni Novanta, stava disteso al piano di sopra sul pavimento della camera da letto, lei era seduta su una poltrona davanti al camino.\u00a0Soli, per scelta.<\/p>\n<p>Approfondisci:<\/p>\n<p><a href=\"https:\/\/www.ilrestodelcarlino.it\/ancona\/cronaca\/come-sopravvivere-persi-in-montagna-ju5619q5\" class=\"ArticleEmbed_article__embed__content__Jzqnz\" rel=\"nofollow noopener\" target=\"_blank\">Come sopravvivere perso in montagna: \u201cFermati, mai agire d\u2019istinto. Trova un rifugio e vesti abiti sgargianti. Erbe e bacche? Un rischio\u201d<img alt=\"Come sopravvivere perso in montagna: \u201cFermati, mai agire d\u2019istinto. Trova un rifugio e vesti abiti sgargianti. Erbe e bacche? Un rischio\u201d\" loading=\"lazy\" width=\"140\" height=\"78\" decoding=\"async\" data-nimg=\"1\" style=\"color:transparent\"  src=\"https:\/\/www.europesays.com\/it\/wp-content\/uploads\/2026\/07\/davide-cesaroni-e-chiara-pesaresi.webp\"\/><\/a> <\/p>\n<p>I cadaveri sono rimasti per oltre un anno nella sezione di Medicina legale dell\u2019ospedale di Borgo Roma <\/p>\n<p>Per un periodo avevano dato in affitto le stanze della loro villa ad alcuni studenti universitari, ma poi avevano deciso di cessare quell\u2019attivit\u00e0 e nell\u2019ultimo periodo avevano persino licenziato il giardiniere di fiducia. E dopo il ritrovamento, i cadaveri sono rimasti per oltre un anno nella sezione di Medicina legale dell\u2019ospedale di Borgo Roma.<\/p>\n<p>Approfondisci:<\/p>\n<p><a href=\"https:\/\/www.ilrestodelcarlino.it\/ancona\/cronaca\/come-sopravvivere-persi-in-montagna-ju5619q5\" class=\"ArticleEmbed_article__embed__content__Jzqnz\" rel=\"nofollow noopener\" target=\"_blank\">Come sopravvivere perso in montagna: \u201cFermati, mai agire d\u2019istinto. Trova un rifugio e vesti abiti sgargianti. Erbe e bacche? Un rischio\u201d<img alt=\"Come sopravvivere perso in montagna: \u201cFermati, mai agire d\u2019istinto. Trova un rifugio e vesti abiti sgargianti. Erbe e bacche? Un rischio\u201d\" loading=\"lazy\" width=\"140\" height=\"78\" decoding=\"async\" data-nimg=\"1\" style=\"color:transparent\"  src=\"https:\/\/www.europesays.com\/it\/wp-content\/uploads\/2026\/07\/davide-cesaroni-e-chiara-pesaresi.webp\"\/><\/a> <\/p>\n<p>Paolo Steffanoni: \u201cAvevano scelto l\u2019isolamento\u201d <\/p>\n<p>Il caso aveva fatto scalpore \u2013 non si muore cos\u00ec senza avvisare \u2013 ma il fratello di Marco Steffanoni, Paolo, aveva precisato che non immischiarsi nella loro scelta di dissolvenza era stata una forma di rispetto: \u201cNon sono stati dimenticati, avevano scelto l\u2019isolamento. Io sono l\u2019unico parente stretto di Marco e mi sono attivato perch\u00e9 venga data loro una degna sepoltura\u201d.\u00a0C\u2019era poi da capire quali fossero le loro ultime volont\u00e0, rimesse a un famoso notaio emiliano, malgrado i numerosi testamenti chiare come la decisione uscire dal mondo: devolvere tutto al bene degli animali, al Wwf. Cos\u00ec \u00e8 stato. <\/p>\n","protected":false},"excerpt":{"rendered":"Verona \u2013\u00a0Che cosa stupisce di pi\u00f9? Che una coppia tagli i rapporti con il mondo per vent\u2019anni e&hellip;\n","protected":false},"author":3,"featured_media":577546,"comment_status":"","ping_status":"","sticky":false,"template":"","format":"standard","meta":{"footnotes":"","_share_on_mastodon":"0"},"categories":[79],"tags":[12007,14,93,94,77283,208568,1537,90,89,82270,142520,73185,9863,7,15,26548,11437,11,84,91,12,85,92,2937,21557],"class_list":["post-577545","post","type-post","status-publish","format-standard","has-post-thumbnail","category-italia","tag-coniugi","tag-cronaca","tag-cronaca-italiana","tag-cronacaitaliana","tag-diventa","tag-eremiti","tag-it","tag-italia","tag-italy","tag-lasciato","tag-milionaria","tag-mummificati","tag-naturale","tag-news","tag-notizie","tag-ricchi","tag-trovati","tag-ultime-notizie","tag-ultime-notizie-e-news-di-oggi","tag-ultime-notizie-italia","tag-ultimenotizie","tag-ultimenotizieenewsdioggi","tag-ultimenotizieitalia","tag-villa","tag-wwf"],"share_on_mastodon":{"url":"https:\/\/pubeurope.com\/@it\/116892245692040826","error":""},"_links":{"self":[{"href":"https:\/\/www.europesays.com\/it\/wp-json\/wp\/v2\/posts\/577545","targetHints":{"allow":["GET"]}}],"collection":[{"href":"https:\/\/www.europesays.com\/it\/wp-json\/wp\/v2\/posts"}],"about":[{"href":"https:\/\/www.europesays.com\/it\/wp-json\/wp\/v2\/types\/post"}],"author":[{"embeddable":true,"href":"https:\/\/www.europesays.com\/it\/wp-json\/wp\/v2\/users\/3"}],"replies":[{"embeddable":true,"href":"https:\/\/www.europesays.com\/it\/wp-json\/wp\/v2\/comments?post=577545"}],"version-history":[{"count":0,"href":"https:\/\/www.europesays.com\/it\/wp-json\/wp\/v2\/posts\/577545\/revisions"}],"wp:featuredmedia":[{"embeddable":true,"href":"https:\/\/www.europesays.com\/it\/wp-json\/wp\/v2\/media\/577546"}],"wp:attachment":[{"href":"https:\/\/www.europesays.com\/it\/wp-json\/wp\/v2\/media?parent=577545"}],"wp:term":[{"taxonomy":"category","embeddable":true,"href":"https:\/\/www.europesays.com\/it\/wp-json\/wp\/v2\/categories?post=577545"},{"taxonomy":"post_tag","embeddable":true,"href":"https:\/\/www.europesays.com\/it\/wp-json\/wp\/v2\/tags?post=577545"}],"curies":[{"name":"wp","href":"https:\/\/api.w.org\/{rel}","templated":true}]}}