{"id":577554,"date":"2026-07-09T22:07:13","date_gmt":"2026-07-09T22:07:13","guid":{"rendered":"https:\/\/www.europesays.com\/it\/577554\/"},"modified":"2026-07-09T22:07:13","modified_gmt":"2026-07-09T22:07:13","slug":"lotito-compra-la-reggina-adesso-e-ufficiale-il-comunicato-del-club","status":"publish","type":"post","link":"https:\/\/www.europesays.com\/it\/577554\/","title":{"rendered":"Lotito compra la Reggina, adesso \u00e8 ufficiale. Il comunicato del club"},"content":{"rendered":"<p>                                La notizia era nell\u2019aria da giorni, adesso \u00e8 ufficiale. Il patron della Lazio ha acquistato anche il club calabrese: pu\u00f2 farlo, dal momento che gli amaranto militano in Serie D. Se dovessero salire in Lega Pro, sarebbe costretto a scegliere tra loro e il club biancoceleste<\/p>\n<p class=\"paragraph\" spellcheck=\"true\">La notizia era nell\u2019aria da giorni, adesso \u00e8 ufficiale. Claudio Lotito \u00e8 il nuovo presidente della Reggina, club con un passato in Serie A e attualmente in D. Nel comunicato si legge: \u201cLa nuova propriet\u00e0 comunica di aver perfezionato l\u2019acquisizione dell\u2019intero pacchetto di quote della AS Reggina 1914 SSD A R.L. e di aver contestualmente completato tutti gli adempimenti necessari per l\u2019iscrizione del club al prossimo campionato di Serie D\u201d.<\/p>\n<p>    multipropriet\u00e0\u2014 \u00a0<\/p>\n<p class=\"paragraph is-inline\" spellcheck=\"true\">La domanda \u00e8 una. Lotito pu\u00f2 farlo? La risposta \u00e8 s\u00ec, almeno finch\u00e9 la situazione resta questa. Nella vicenda di Lazio e Reggina tutto \u00e8 in regola fino all&#8217;eventuale promozione dei calabresi in Serie C. A quel punto Lotito si trover\u00e0 davanti a un bivio, esattamente come quando nel 2021 la sua Salernitana aveva raggiunto la Lazio in Serie A. Quel divieto di multipropriet\u00e0 nella medesima competizione \u00e8 stato poi allargato a tutto il settore professionistico, quindi dalla Lega Pro in su. E sarebbe quindi costretto a vendere.<\/p>\n<p><a class=\"is-partner-link\" href=\"https:\/\/abbonamenti.gazzetta.it\/de-promo-mondiali\/?pwcmp=cta&amp;forceBrowser=true\" rel=\"nofollow noopener\" target=\"_blank\">Gazzetta Mondiale: ogni notte un\u2019edizione straordinaria esclusiva. Non perdertela, abbonati a 1\u20ac\/mese!<\/a><\/p>\n<p>    cifre\u2014 \u00a0<\/p>\n<p class=\"paragraph is-inline\" spellcheck=\"true\">Lotito avrebbe speso 1,5 milioni per acquisire il club. Fonti vicine al presidente dicono che sarebbe disposto a spenderne il doppio per tornare presto in Serie C. \u201cSi apre oggi una nuova fase fondata su solidit\u00e0 e programmazione\u201d, si legge nella nota emessa pochi minuti fa dal club. \u201cNei prossimi giorni la propriet\u00e0 sar\u00e0 a Reggio Calabria per avviare il lavoro operativo e presentare l\u2019assetto tecnico e organizzativo della societ\u00e0. la soddisfazione per il traguardo raggiunto si accompagna alla piena consapevolezza della responsabilit\u00e0 assunta nei confronti della citt\u00e0 e del club amaranto. Da oggi si lavora con determinazione e spirito di servizio per costruire un futuro all\u2019altezza delle ambizioni del club. La propriet\u00e0 intende ringraziare il Sindaco e tutte le Istituzioni cittadine e i professionisti che hanno instancabilmente lavorato in questa delicata fase&#8221;.<\/p>\n<p class=\"is-copyright\">\u00a9 RIPRODUZIONE RISERVATA<\/p>\n","protected":false},"excerpt":{"rendered":"La notizia era nell\u2019aria da giorni, adesso \u00e8 ufficiale. Il patron della Lazio ha acquistato anche il club&hellip;\n","protected":false},"author":3,"featured_media":577555,"comment_status":"","ping_status":"","sticky":false,"template":"","format":"standard","meta":{"footnotes":"","_share_on_mastodon":"0"},"categories":[1452],"tags":[259175,7488,318167,721,554,2275,22137,2154,313,1740,1537,90,89,5188,109,72866,318168,1207,47918,150757,4509,318169,14154,133698,1821,1739,245,244,409],"class_list":["post-577554","post","type-post","status-publish","format-standard","has-post-thumbnail","category-calcio","tag-amaranto","tag-aria","tag-aria-ufficiale","tag-calcio","tag-club","tag-comunicato","tag-costretto","tag-farlo","tag-fase","tag-football","tag-it","tag-italia","tag-italy","tag-lazio","tag-lega","tag-lega-pro","tag-lega-pro-costretto","tag-legge","tag-lotito","tag-multiproprieta","tag-notizia","tag-notizia-aria","tag-proprieta","tag-reggina","tag-serie","tag-soccer","tag-sport","tag-sports","tag-ufficiale"],"share_on_mastodon":{"url":"https:\/\/pubeurope.com\/@it\/116892299994172912","error":""},"_links":{"self":[{"href":"https:\/\/www.europesays.com\/it\/wp-json\/wp\/v2\/posts\/577554","targetHints":{"allow":["GET"]}}],"collection":[{"href":"https:\/\/www.europesays.com\/it\/wp-json\/wp\/v2\/posts"}],"about":[{"href":"https:\/\/www.europesays.com\/it\/wp-json\/wp\/v2\/types\/post"}],"author":[{"embeddable":true,"href":"https:\/\/www.europesays.com\/it\/wp-json\/wp\/v2\/users\/3"}],"replies":[{"embeddable":true,"href":"https:\/\/www.europesays.com\/it\/wp-json\/wp\/v2\/comments?post=577554"}],"version-history":[{"count":0,"href":"https:\/\/www.europesays.com\/it\/wp-json\/wp\/v2\/posts\/577554\/revisions"}],"wp:featuredmedia":[{"embeddable":true,"href":"https:\/\/www.europesays.com\/it\/wp-json\/wp\/v2\/media\/577555"}],"wp:attachment":[{"href":"https:\/\/www.europesays.com\/it\/wp-json\/wp\/v2\/media?parent=577554"}],"wp:term":[{"taxonomy":"category","embeddable":true,"href":"https:\/\/www.europesays.com\/it\/wp-json\/wp\/v2\/categories?post=577554"},{"taxonomy":"post_tag","embeddable":true,"href":"https:\/\/www.europesays.com\/it\/wp-json\/wp\/v2\/tags?post=577554"}],"curies":[{"name":"wp","href":"https:\/\/api.w.org\/{rel}","templated":true}]}}