{"id":577575,"date":"2026-07-09T22:21:21","date_gmt":"2026-07-09T22:21:21","guid":{"rendered":"https:\/\/www.europesays.com\/it\/577575\/"},"modified":"2026-07-09T22:21:21","modified_gmt":"2026-07-09T22:21:21","slug":"accoltello-il-genero-ora-accusato-di-avvelenamento-della-moglie","status":"publish","type":"post","link":"https:\/\/www.europesays.com\/it\/577575\/","title":{"rendered":"Accoltell\u00f2 il genero, ora accusato di avvelenamento della moglie"},"content":{"rendered":"<p><strong>Un 68enne di Prato, gi\u00e0 in manette per aver accoltellato al collo il compagno della figlia, \u00e8 ora indagato anche per aver somministrato veleno per topi alla moglie per settimane, forse per mesi. Il gip ha disposto la custodia cautelare in carcere. Per il procuratore Luca Tescaroli le condotte sono maturate &#8220;in un contesto di acredine verso i due figli e i rispettivi nuclei familiari&#8221;<\/strong><\/p>\n<p>Era gi\u00e0 finito in manette per aver tentato di uccidere il compagno della figlia, colpendolo al collo con un coltello a serramanico. Ora un 68enne di Prato deve rispondere anche di un&#8217;altra accusa: per la procura avrebbe avvelenato la moglie somministrandole, con ogni probabilit\u00e0, del topicida. Non un episodio isolato, ma una pratica protratta per settimane, forse per mesi. Il giudice per le indagini preliminari, accogliendo la richiesta della procura, ha disposto per lui la custodia cautelare in carcere.<\/p>\n<p>\u00a0<\/p>\n<p>\t\t \tLa coltellata in via Siena<\/p>\n<p>L&#8217;aggressione che ha portato all&#8217;arresto risale al 5 luglio, in un appartamento di via Siena, nel quartiere del Soccorso. Il 68enne ha colpito il genero al lato destro del collo con una lama di sette centimetri. Il ferito \u00e8 stato portato in ospedale in codice rosso: la prognosi iniziale era di trenta giorni, poi riservata, anche se i sanitari hanno escluso lesioni a organi vitali.<\/p>\n<p>Subito dopo il ferimento l&#8217;uomo si \u00e8 barricato in casa, minacciando di gettarsi dal balcone. Sul posto sono intervenuti carabinieri, vigili del fuoco e personale del 118. I militari sono riusciti a disarmarlo e a bloccarlo, procedendo al fermo domenica scorsa.<\/p>\n<p>\t\t\t<a class=\"c-inline-card j-inline-card c-inline-card--with-image\" href=\"https:\/\/tg24.sky.it\/cronaca\/2026\/07\/09\/lite-famiglia-palermo-uomo-morto\" rel=\"follow nofollow noopener\" data-intcmp=\"skytg24_articolo_approfondimenti_inline\" target=\"_blank\"><\/p>\n<p>\t\t\t         <img decoding=\"async\" crossorigin=\"anonymous\" alt=\"\" src=\"https:\/\/www.europesays.com\/it\/wp-content\/uploads\/2026\/07\/SKYPAOLINI_20260709170744393_df2e3ccedd23101ff9f48cce9a7c147d.jpg\"  loading=\"lazy\"  bad-src=\"https:\/\/www.europesays.com\/it\/wp-content\/uploads\/2026\/07\/SKYPAOLINI_20260709170744393_df2e3ccedd23101ff9f48cce9a7c147d.jpg\"\/><\/p>\n<p>\n\t\t\t         Leggi anche<br \/>\n\t\t\t         Lite in famiglia a Palermo: un uomo morto a Sferracavallo\n\t\t\t      <\/p>\n<p>\t\t\t<\/a><\/p>\n<p>\t\t\t&#8220;Acredine verso i due figli&#8221;<\/p>\n<p>Secondo il procuratore Luca Tescaroli, le condotte contestate all&#8217;indagato &#8220;sono maturate in un contesto di acredine verso i due figli e i rispettivi nuclei familiari&#8221;. Un rancore familiare che, nella ricostruzione degli inquirenti, avrebbe trovato due canali distinti: la violenza esplosa contro il compagno della figlia e l&#8217;avvelenamento silenzioso della consorte.<\/p>\n<p>\t\t\tL&#8217;inchiesta sul topicida<\/p>\n<p>L&#8217;indagine si concentra ora sul presunto avvelenamento della donna. Gli accertamenti dovranno stabilire tempi, modalit\u00e0 e conseguenze delle sostanze che sarebbero state somministrate. Al 68enne vengono contestati il tentato omicidio del compagno della figlia e il presunto avvelenamento della moglie.<\/p>\n<p>\t            TAG:<\/p>\n","protected":false},"excerpt":{"rendered":"Un 68enne di Prato, gi\u00e0 in manette per aver accoltellato al collo il compagno della figlia, \u00e8 ora&hellip;\n","protected":false},"author":3,"featured_media":577576,"comment_status":"","ping_status":"","sticky":false,"template":"","format":"standard","meta":{"footnotes":"","_share_on_mastodon":"0"},"categories":[79],"tags":[14,93,94,1537,90,89,7,15,1988,11,84,91,12,85,92],"class_list":["post-577575","post","type-post","status-publish","format-standard","has-post-thumbnail","category-italia","tag-cronaca","tag-cronaca-italiana","tag-cronacaitaliana","tag-it","tag-italia","tag-italy","tag-news","tag-notizie","tag-prato","tag-ultime-notizie","tag-ultime-notizie-e-news-di-oggi","tag-ultime-notizie-italia","tag-ultimenotizie","tag-ultimenotizieenewsdioggi","tag-ultimenotizieitalia"],"share_on_mastodon":{"url":"https:\/\/pubeurope.com\/@it\/116892355623143956","error":""},"_links":{"self":[{"href":"https:\/\/www.europesays.com\/it\/wp-json\/wp\/v2\/posts\/577575","targetHints":{"allow":["GET"]}}],"collection":[{"href":"https:\/\/www.europesays.com\/it\/wp-json\/wp\/v2\/posts"}],"about":[{"href":"https:\/\/www.europesays.com\/it\/wp-json\/wp\/v2\/types\/post"}],"author":[{"embeddable":true,"href":"https:\/\/www.europesays.com\/it\/wp-json\/wp\/v2\/users\/3"}],"replies":[{"embeddable":true,"href":"https:\/\/www.europesays.com\/it\/wp-json\/wp\/v2\/comments?post=577575"}],"version-history":[{"count":0,"href":"https:\/\/www.europesays.com\/it\/wp-json\/wp\/v2\/posts\/577575\/revisions"}],"wp:featuredmedia":[{"embeddable":true,"href":"https:\/\/www.europesays.com\/it\/wp-json\/wp\/v2\/media\/577576"}],"wp:attachment":[{"href":"https:\/\/www.europesays.com\/it\/wp-json\/wp\/v2\/media?parent=577575"}],"wp:term":[{"taxonomy":"category","embeddable":true,"href":"https:\/\/www.europesays.com\/it\/wp-json\/wp\/v2\/categories?post=577575"},{"taxonomy":"post_tag","embeddable":true,"href":"https:\/\/www.europesays.com\/it\/wp-json\/wp\/v2\/tags?post=577575"}],"curies":[{"name":"wp","href":"https:\/\/api.w.org\/{rel}","templated":true}]}}