{"id":577886,"date":"2026-07-10T04:12:14","date_gmt":"2026-07-10T04:12:14","guid":{"rendered":"https:\/\/www.europesays.com\/it\/577886\/"},"modified":"2026-07-10T04:12:14","modified_gmt":"2026-07-10T04:12:14","slug":"il-rock-sbarca-anche-al-bar-una-notte-con-gli-esera","status":"publish","type":"post","link":"https:\/\/www.europesays.com\/it\/577886\/","title":{"rendered":"Il rock sbarca anche al bar. Una notte con gli &#8220;Esera&#8221;"},"content":{"rendered":"<p>Stasera alle 21,30 appuntamento a Terranuova Bracciolini al Beta Bar per una nuova tappa di <strong>Orientoccidente<\/strong>. Per \u201cVenti d\u2019Estate\u201d propone il concerto di <strong>Esera<\/strong>, interessante band nata in <strong>Valdarno<\/strong> nell\u2019autunno del 2023 che sta ricevendo importanti riconoscimenti da parte della critica specializzata e del pubblico. Ad aprire il loro concerto la band modenese <strong>The Nihilists<\/strong>, un\u2019esperienza sonora che fonde psichedelia e progressive rock in un viaggio visionario tra mondi onirici e suggestioni letterarie.<\/p>\n<p><strong>Esera<\/strong> &#8211; che in queste settimane stanno tenendo diversi concerti in Italia &#8211; si presentano con Lorenzo Greco (voce), Federico Barghini (chitarra), Simone Bracci (basso) e con il nuovo batterista Daniele Ciferoni. Propongono il materiale di \u201c<strong>Levia Gravia<\/strong>\u201d, l\u2019album di debutto, uscito all\u2019inizio dell\u2019anno per Materiali Sonori. Un lavoro impegnativo che offre forti emozioni e ampie contaminazioni, frutto di scelte sonore, generi ed estetiche difficilmente avvicinabili: dall\u2019elettronica al folk; dal jazz al trip-hop; dall\u2019art rock al post-grunge, con influenze classiche e mediorientali.<\/p>\n<p>Un progetto che sfugge a ogni etichetta e sceglie consapevolmente la via pi\u00f9 impervia: quella della profondit\u00e0, della contraddizione, della fragilit\u00e0 esposta senza filtri. Un viaggio sonoro introspettivo, con testi che raccontano il costante perdersi nel deserto della fragilit\u00e0 umana, fra gli incastri e le crepe della vita, un urlo di verit\u00e0 nuda e indifesa. <strong>Esera<\/strong> sono una dimostrazione di quanto sia ricca e dinamica la scena musicale valdarnese che non si limita ad una presenza locale, storicamente feconda per il rock alternativo e la sperimentazione sonora, ma che si sta proponendo sulla scena nazionale.<\/p>\n","protected":false},"excerpt":{"rendered":"Stasera alle 21,30 appuntamento a Terranuova Bracciolini al Beta Bar per una nuova tappa di Orientoccidente. Per \u201cVenti&hellip;\n","protected":false},"author":3,"featured_media":577887,"comment_status":"","ping_status":"","sticky":false,"template":"","format":"standard","meta":{"footnotes":"","_share_on_mastodon":"0"},"categories":[1443],"tags":[12384,203,318296,204,1537,90,89,1538,1539,4476,1563,64559],"class_list":["post-577886","post","type-post","status-publish","format-standard","has-post-thumbnail","category-musica","tag-bar","tag-entertainment","tag-esera","tag-intrattenimento","tag-it","tag-italia","tag-italy","tag-music","tag-musica","tag-notte","tag-rock","tag-sbarca"],"share_on_mastodon":{"url":"https:\/\/pubeurope.com\/@it\/116893735112350055","error":""},"_links":{"self":[{"href":"https:\/\/www.europesays.com\/it\/wp-json\/wp\/v2\/posts\/577886","targetHints":{"allow":["GET"]}}],"collection":[{"href":"https:\/\/www.europesays.com\/it\/wp-json\/wp\/v2\/posts"}],"about":[{"href":"https:\/\/www.europesays.com\/it\/wp-json\/wp\/v2\/types\/post"}],"author":[{"embeddable":true,"href":"https:\/\/www.europesays.com\/it\/wp-json\/wp\/v2\/users\/3"}],"replies":[{"embeddable":true,"href":"https:\/\/www.europesays.com\/it\/wp-json\/wp\/v2\/comments?post=577886"}],"version-history":[{"count":0,"href":"https:\/\/www.europesays.com\/it\/wp-json\/wp\/v2\/posts\/577886\/revisions"}],"wp:featuredmedia":[{"embeddable":true,"href":"https:\/\/www.europesays.com\/it\/wp-json\/wp\/v2\/media\/577887"}],"wp:attachment":[{"href":"https:\/\/www.europesays.com\/it\/wp-json\/wp\/v2\/media?parent=577886"}],"wp:term":[{"taxonomy":"category","embeddable":true,"href":"https:\/\/www.europesays.com\/it\/wp-json\/wp\/v2\/categories?post=577886"},{"taxonomy":"post_tag","embeddable":true,"href":"https:\/\/www.europesays.com\/it\/wp-json\/wp\/v2\/tags?post=577886"}],"curies":[{"name":"wp","href":"https:\/\/api.w.org\/{rel}","templated":true}]}}