{"id":577960,"date":"2026-07-10T05:35:14","date_gmt":"2026-07-10T05:35:14","guid":{"rendered":"https:\/\/www.europesays.com\/it\/577960\/"},"modified":"2026-07-10T05:35:14","modified_gmt":"2026-07-10T05:35:14","slug":"mondiali-parigi-festa-francia-dopo-la-vittoria-sul-marocco","status":"publish","type":"post","link":"https:\/\/www.europesays.com\/it\/577960\/","title":{"rendered":"Mondiali: Parigi, festa Francia dopo la vittoria sul Marocco"},"content":{"rendered":"<p>                                Dopo il fischio finale della partita col Marocco, moltissimi tifosi hanno fatto festa. Per ora nessun problema nonostante i timori della vigilia<\/p>\n<p class=\"paragraph\" spellcheck=\"true\">Al fischio finale, tutti in piazza e per strada. A Parigi e non solo. Tutta la Francia ha festeggiato la qualificazione dei Bleus con i gol di Mbapp\u00e9 e Demb\u00e9l\u00e9 al Marocco. Scene di gioia nella capitale e nel resto del Paese, da Marsiglia a Lilla, tra fuochi d\u2019artificio e cori da curva. E stavolta senza far registrare veri problemi di ordine pubblico. Mentre il Presidente della Repubblica, Emmanuel Macron, si \u00e8 felicitato via social per la terza semifinale mondiale consecutiva della Francia di Didier Deschamps: \u201cFieri dei nostri giocatori, e complimenti anche al Marocco\u201d.<\/p>\n<p>        TIMORI\u2014 \u00a0<\/p>\n<p class=\"paragraph\" spellcheck=\"true\">In ogni caso, il Ministero degli interni aveva previsto un importante schieramento di agenti, proprio per evitare disordini e atti di vandalismo. Si temevano infatti scontri e tafferugli per una partita molto sentita anche dalla numerosa comunit\u00e0 marocchina, come una rivincita dopo la semifinale persa nel 2022, al Mondiale in Qatar. Le violenze, secondo le note dei servizi di polizia, erano eventualmente attribuibili anche a gruppi di estrema destra, o di stampo intercomunitario, con potenziali scontri provocati da gruppi di popolazioni di diverse origini magrebine.<\/p>\n<p><a class=\"is-partner-link\" href=\"https:\/\/abbonamenti.gazzetta.it\/de-promo-mondiali\/?pwcmp=cta&amp;forceBrowser=true\" rel=\"nofollow noopener\" target=\"_blank\">Gazzetta Mondiale: ogni notte un\u2019edizione straordinaria esclusiva. Non perdertela, abbonati a 1\u20ac\/mese!<\/a><\/p>\n<p>        FESTA\u2014 \u00a0<\/p>\n<p class=\"paragraph\" spellcheck=\"true\">Ma le prime immagini della serata, anche nei punti di ritrovo solitamente pi\u00f9 a rischio, sugli Champs Elys\u00e9es come a Chatelet o sui Grands Boulevars, erano quelle di festa spensierata, tra caroselli di auto e bandiere e tifosi che scandivano soprattutto il nome di capitan Mbapp\u00e9, decisivo tra gol (64) e assist (38), ben 101 volte su 103 presenze con la nazionale. A Parigi, la polizia \u00e8 intervenuta essenzialmente per aprire dei varchi per le auto tra la massa riversatasi nei viali. Tra le folla anche qualche tifoso marocchino deluso ma consolato, magari con la doppia nazionalit\u00e0. E ormai tutti in attesa della semifinale con Spagna o Belgio, ma in fondo gi\u00e0 sicuri, da buoni francesi, di alzare di nuovo la coppa, il 19 luglio.<\/p>\n<p class=\"is-copyright\">\u00a9 RIPRODUZIONE RISERVATA<\/p>\n","protected":false},"excerpt":{"rendered":"Dopo il fischio finale della partita col Marocco, moltissimi tifosi hanno fatto festa. Per ora nessun problema nonostante&hellip;\n","protected":false},"author":3,"featured_media":577961,"comment_status":"","ping_status":"","sticky":false,"template":"","format":"standard","meta":{"footnotes":"","_share_on_mastodon":"0"},"categories":[176],"tags":[3534,2765,2217,158556,1426,38860,280741,4300,1976,4067,1537,90,89,8940,7157,56030,1353,1289,1290,531,8567,1924,245,244,3726,6035,58080],"class_list":["post-577960","post","type-post","status-publish","format-standard","has-post-thumbnail","category-sport","tag-agenti","tag-auto","tag-festa","tag-fieri","tag-finale","tag-fischio","tag-fischio-finale","tag-francia","tag-gol","tag-gruppi","tag-it","tag-italia","tag-italy","tag-macron","tag-marocco","tag-mbappe","tag-mondiale","tag-parigi","tag-partita","tag-polizia","tag-scontri","tag-semifinale","tag-sport","tag-sports","tag-strada","tag-tifosi","tag-timori"],"share_on_mastodon":{"url":"https:\/\/pubeurope.com\/@it\/116894061440081241","error":""},"_links":{"self":[{"href":"https:\/\/www.europesays.com\/it\/wp-json\/wp\/v2\/posts\/577960","targetHints":{"allow":["GET"]}}],"collection":[{"href":"https:\/\/www.europesays.com\/it\/wp-json\/wp\/v2\/posts"}],"about":[{"href":"https:\/\/www.europesays.com\/it\/wp-json\/wp\/v2\/types\/post"}],"author":[{"embeddable":true,"href":"https:\/\/www.europesays.com\/it\/wp-json\/wp\/v2\/users\/3"}],"replies":[{"embeddable":true,"href":"https:\/\/www.europesays.com\/it\/wp-json\/wp\/v2\/comments?post=577960"}],"version-history":[{"count":0,"href":"https:\/\/www.europesays.com\/it\/wp-json\/wp\/v2\/posts\/577960\/revisions"}],"wp:featuredmedia":[{"embeddable":true,"href":"https:\/\/www.europesays.com\/it\/wp-json\/wp\/v2\/media\/577961"}],"wp:attachment":[{"href":"https:\/\/www.europesays.com\/it\/wp-json\/wp\/v2\/media?parent=577960"}],"wp:term":[{"taxonomy":"category","embeddable":true,"href":"https:\/\/www.europesays.com\/it\/wp-json\/wp\/v2\/categories?post=577960"},{"taxonomy":"post_tag","embeddable":true,"href":"https:\/\/www.europesays.com\/it\/wp-json\/wp\/v2\/tags?post=577960"}],"curies":[{"name":"wp","href":"https:\/\/api.w.org\/{rel}","templated":true}]}}