{"id":577991,"date":"2026-07-10T06:07:15","date_gmt":"2026-07-10T06:07:15","guid":{"rendered":"https:\/\/www.europesays.com\/it\/577991\/"},"modified":"2026-07-10T06:07:15","modified_gmt":"2026-07-10T06:07:15","slug":"guerra-ucraina-russia-le-notizie-in-diretta-ucraina-in-fase-sviluppo-sistema-antimissile-paragonabile-al-patriot","status":"publish","type":"post","link":"https:\/\/www.europesays.com\/it\/577991\/","title":{"rendered":"Guerra Ucraina-Russia, le notizie in diretta | Ucraina, in fase sviluppo sistema antimissile paragonabile al Patriot"},"content":{"rendered":"<p>\t\t\tZelensky: \u00abPrimo ultimatum Cina a Mosca su uso armi nucleari\u00bb<\/p>\n<p>\u00abMi sembra che questa sia la prima volta che la Cina reagisce in modo cos\u00ec chiaro e deciso, come mi \u00e8 stato riferito, sotto forma di ultimatum, facendo capire chiaramente che non si pu\u00f2 nemmeno pensare all&#8217;uso di armi nucleari\u00bb. Lo ha dichiarato il presidente ucraino Volodymyr Zelensky, secondo cui Pechino avrebbe messo in guardia il Cremlino contro l&#8217;impiego di ordigni nucleari nel conflitto in Ucraina, in risposta ai recenti attacchi di Kiev contro infrastrutture energetiche russe. Zelensky ha spiegato che \u00abla situazione \u00e8 cambiata un po&#8217;\u00bb rispetto alla posizione mantenuta finora dalla Cina sulla guerra, sulla base delle informazioni ricevute dagli Stati Uniti e dai partner europei durante il vertice della Nato ad Ankara. \u00ab\u00c8 molto importante sottolineare che non solo gli europei, non solo gli Stati Uniti, ma anche la Cina\u00bb hanno assunto una posizione pi\u00f9 netta, ha aggiunto il leader ucraino, precisando che il ruolo di Pechino nel possibile percorso verso la fine della guerra \u00e8 stato uno dei temi discussi nell&#8217;incontro avuto con il presidente americano Donald Trump a margine del summit.<\/p>\n","protected":false},"excerpt":{"rendered":"Zelensky: \u00abPrimo ultimatum Cina a Mosca su uso armi nucleari\u00bb \u00abMi sembra che questa sia la prima volta&hellip;\n","protected":false},"author":3,"featured_media":577992,"comment_status":"","ping_status":"","sticky":false,"template":"","format":"standard","meta":{"footnotes":"","_share_on_mastodon":"0"},"categories":[160],"tags":[3473,318028,318031,772,11341,54012,913,6327,130393,318342,318343,7961,6872,787,1039,76057,8740,356,433,394,14,164,165,728,4467,4543,1727,313,174455,6499,6517,77,1174,90,793,166,382,7,15,891,16864,6419,135,6338,2851,24723,4152,4465,171,2099,318341,3002,6504,906,379,170,4485,4472,11,167,12,168,2129,4527,4528,161,162,163,4473],"class_list":["post-577991","post","type-post","status-publish","format-standard","has-post-thumbnail","category-mondo","tag-addetti","tag-addetti-militari","tag-addetti-militari-ambasciata","tag-aggiunto","tag-ambasciata","tag-ambasciata-russa","tag-ambasciatore","tag-ankara","tag-antimissile","tag-antimissile-paragonabile","tag-antimissile-paragonabile-patriot","tag-armi","tag-armi-nucleari","tag-attacchi","tag-capacita","tag-capacita-raffinazione","tag-carburante","tag-cina","tag-colpito","tag-conflitto","tag-cronaca","tag-dal-mondo","tag-dalmondo","tag-dati","tag-droni","tag-droni-ucraini","tag-europei","tag-fase","tag-fase-sviluppo","tag-financial","tag-financial-times","tag-guerra","tag-infrastrutture","tag-italia","tag-media","tag-mondo","tag-mosca","tag-news","tag-notizie","tag-nucleari","tag-partner","tag-patriot","tag-presidente","tag-presidente-ucraino","tag-progetto","tag-raffineria","tag-russa","tag-russe","tag-russia","tag-sistema","tag-sistema-antimissile","tag-sviluppo","tag-times","tag-tratta","tag-trump","tag-ucraina","tag-ucraini","tag-ucraino","tag-ultime-notizie","tag-ultime-notizie-di-mondo","tag-ultimenotizie","tag-ultimenotiziedimondo","tag-uso","tag-volodymyr","tag-volodymyr-zelensky","tag-world","tag-world-news","tag-worldnews","tag-zelensky"],"share_on_mastodon":{"url":"","error":"Validation failed: Text character limit of 500 exceeded"},"_links":{"self":[{"href":"https:\/\/www.europesays.com\/it\/wp-json\/wp\/v2\/posts\/577991","targetHints":{"allow":["GET"]}}],"collection":[{"href":"https:\/\/www.europesays.com\/it\/wp-json\/wp\/v2\/posts"}],"about":[{"href":"https:\/\/www.europesays.com\/it\/wp-json\/wp\/v2\/types\/post"}],"author":[{"embeddable":true,"href":"https:\/\/www.europesays.com\/it\/wp-json\/wp\/v2\/users\/3"}],"replies":[{"embeddable":true,"href":"https:\/\/www.europesays.com\/it\/wp-json\/wp\/v2\/comments?post=577991"}],"version-history":[{"count":0,"href":"https:\/\/www.europesays.com\/it\/wp-json\/wp\/v2\/posts\/577991\/revisions"}],"wp:featuredmedia":[{"embeddable":true,"href":"https:\/\/www.europesays.com\/it\/wp-json\/wp\/v2\/media\/577992"}],"wp:attachment":[{"href":"https:\/\/www.europesays.com\/it\/wp-json\/wp\/v2\/media?parent=577991"}],"wp:term":[{"taxonomy":"category","embeddable":true,"href":"https:\/\/www.europesays.com\/it\/wp-json\/wp\/v2\/categories?post=577991"},{"taxonomy":"post_tag","embeddable":true,"href":"https:\/\/www.europesays.com\/it\/wp-json\/wp\/v2\/tags?post=577991"}],"curies":[{"name":"wp","href":"https:\/\/api.w.org\/{rel}","templated":true}]}}