{"id":577999,"date":"2026-07-10T06:23:30","date_gmt":"2026-07-10T06:23:30","guid":{"rendered":"https:\/\/www.europesays.com\/it\/577999\/"},"modified":"2026-07-10T06:23:30","modified_gmt":"2026-07-10T06:23:30","slug":"tom-holland-racconta-come-ha-detto-a-zendaya-che-era-in-odissea","status":"publish","type":"post","link":"https:\/\/www.europesays.com\/it\/577999\/","title":{"rendered":"Tom Holland racconta come ha detto a Zendaya che era in Odissea"},"content":{"rendered":"<p data-journey-content=\"true\" data-node-id=\"3\" class=\"css-1ood0zq emevuu60\">Prima ancora di condividere il set di <strong data-node-id=\"3.1\">Spider-Man: Brand New Day<\/strong>, Tom Holland e Zendaya sapevano gi\u00e0 che avrebbero lavorato insieme anche in uno dei film pi\u00f9 attesi degli ultimi anni:<a href=\"https:\/\/www.cosmopolitan.com\/it\/lifestyle\/cinema\/a71307259\/odissea-nolan-tom-holland-papa-trailer-polemica\/\" target=\"_blank\" data-vars-ga-outbound-link=\"https:\/\/www.cosmopolitan.com\/it\/lifestyle\/cinema\/a71307259\/odissea-nolan-tom-holland-papa-trailer-polemica\/\" data-vars-ga-ux-element=\"Hyperlink\" data-vars-ga-call-to-action=\" Odissea \" data-node-id=\"3.3\" class=\"body-link css-ohbdae emevuu60\" rel=\"nofollow noopener\"> <strong data-node-id=\"3.3.1\">Odissea<\/strong> <\/a>di Christopher Nolan. Ma la cosa pi\u00f9 bella \u00e8 il modo in cui Zendaya ha scoperto di essere entrata nel cast.<\/p>\n<p data-journey-content=\"true\" data-node-id=\"8\" class=\"css-1ood0zq emevuu60\">Durante un&#8217;intervista al podcast <strong data-node-id=\"8.1\">Happy Sad Confused<\/strong>, l&#8217;attrice ha raccontato che, quando Tom \u00e8 stato scelto per interpretare <strong data-node-id=\"8.3\">Telemaco<\/strong>, il figlio di Ulisse, era gi\u00e0 felicissima per lui. \u00abEro gi\u00e0 al settimo cielo. Ero cos\u00ec felice che avesse ottenuto quel ruolo\u00bb.<\/p>\n<p data-journey-content=\"true\" data-node-id=\"12\" class=\"css-1ood0zq emevuu60\">Poi \u00e8 arrivata la sorpresa. Una sera Tom \u00e8 tornato a casa e le ha chiesto di rileggere la sceneggiatura. \u00abMi ha detto: &#8220;Ho bisogno che tu legga una cosa&#8221;. Io gli ho risposto: &#8220;Intendi quella che stavamo leggendo qualche sera fa?&#8221;. Lui ha fatto s\u00ec con la testa e ha aggiunto: &#8220;Rileggila pensando a questo personaggio, Atena&#8221;. Gli ho detto: &#8220;Smettila, mi stai prendendo in giro!&#8221;. \u00c8 stato davvero bellissimo\u00bb.<\/p>\n<p><img draggable=\"true\" alt=\"tom holland, the odyssey\" title=\"Tom Holland, The Odyssey\" loading=\"lazy\" width=\"1925\" height=\"3000\" decoding=\"async\" data-nimg=\"1\" style=\"color:transparent;width:100%;height:auto;\"   src=\"https:\/\/www.europesays.com\/it\/wp-content\/uploads\/2026\/07\/86874123-d86c-43b8-9f26-fb1a043a77c3.jpg\" class=\"css-0 e1g79fud0\"\/><\/p>\n<p>Getty Images<\/p>\n<p>Tom Holland voleva essere lui a darle la notizia<\/p>\n<p data-journey-content=\"true\" data-node-id=\"23\" class=\"css-1ood0zq emevuu60\">Anche Tom Holland ha raccontato quel momento durante un&#8217;intervista ad <strong data-node-id=\"23.1\">Access Hollywood<\/strong>, spiegando di aver chiesto personalmente a Christopher Nolan il permesso di essere lui a comunicarlo a Zendaya.<\/p>\n<p data-journey-content=\"true\" data-node-id=\"27\" class=\"css-1ood0zq emevuu60\">Il regista, infatti, gli aveva domandato se si sarebbe sentito a disagio nel proporre proprio a lei il ruolo della dea <strong data-node-id=\"27.1\">Atena<\/strong>. \u00abChris mi ha chiesto: &#8220;Ti darebbe fastidio se proponessi a Zendaya il ruolo di Atena?&#8221;. Gli ho risposto: &#8220;Perch\u00e9 dovrebbe darmi fastidio?&#8221;. Poi gli ho chiesto se potevo essere io a dirglielo e lui mi ha detto di s\u00ec\u00bb.<\/p>\n<p data-journey-content=\"true\" data-node-id=\"31\" class=\"css-1ood0zq emevuu60\">Tom sapeva bene quanto quel momento fosse importante per la moglie. Zendaya, infatti, \u00e8 una grandissima fan di Christopher Nolan e considera <strong data-node-id=\"31.1.0\">Interstellar<\/strong> il suo film preferito. \u00abPer me \u00e8 stato un regalo. So quanto ammiri Chris Nolan. Non riuscir\u00f2 mai a spiegargli quanto gli sia grato per avermi dato la possibilit\u00e0 di darle quella notizia\u00bb.<br data-node-id=\"31.3\"\/><\/p>\n<p><img draggable=\"true\" alt=\"robert pattinson, lupita nyrongo, tom holland, anne hathaway, matt damon, charlize theron, zendaya, the odyssey\" title=\"Robert Pattinson, Lupita Nyrongo, Tom Holland, Anne Hathaway, Matt Damon, Charlize Theron, Zendaya, The Odyssey\" loading=\"lazy\" width=\"3000\" height=\"2000\" decoding=\"async\" data-nimg=\"1\" style=\"color:transparent;width:100%;height:auto;\"   src=\"https:\/\/www.europesays.com\/it\/wp-content\/uploads\/2026\/07\/e1197687-28ac-4bd3-ae84-1a5de79c76bf.jpg\" class=\"css-0 e1g79fud0\"\/><\/p>\n<p>Getty Images<\/p>\n<p>Un altro set insieme dopo Spider-Man<\/p>\n<p data-journey-content=\"true\" data-node-id=\"38\" class=\"css-1ood0zq emevuu60\">Dopo essersi conosciuti sul set di <strong data-node-id=\"38.1\">Spider-Man<\/strong> e aver confermato nei mesi scorsi di essersi sposati, <a href=\"https:\/\/www.cosmopolitan.com\/it\/star\/gossip-news\/a71455500\/tom-holland-compie-30-anni-spiderman-matrimonio-zendaya-curiosita-carriera\/\" target=\"_blank\" data-vars-ga-outbound-link=\"https:\/\/www.cosmopolitan.com\/it\/star\/gossip-news\/a71455500\/tom-holland-compie-30-anni-spiderman-matrimonio-zendaya-curiosita-carriera\/\" data-vars-ga-ux-element=\"Hyperlink\" data-vars-ga-call-to-action=\"Tom Holland\" data-node-id=\"38.3\" class=\"body-link css-ohbdae emevuu60\" rel=\"nofollow noopener\">Tom Holland<\/a> e Zendaya tornano cos\u00ec a condividere il grande schermo anche in <strong data-node-id=\"38.5\">Odissea<\/strong>, il kolossal con cui Christopher Nolan reinterpreta il poema di Omero.<\/p>\n<p data-journey-content=\"true\" data-node-id=\"42\" class=\"css-1ood0zq emevuu60\">Nel film Tom interpreta <strong data-node-id=\"42.1\">Telemaco<\/strong>, mentre Zendaya veste i panni della dea <strong data-node-id=\"42.3\">Atena<\/strong>, entrando a far parte di un cast che comprende anche <strong data-node-id=\"42.5\">Matt Damon<\/strong>, <strong data-node-id=\"42.7\">Anne Hathaway<\/strong>, <strong data-node-id=\"42.9\">Robert Pattinson<\/strong> e <strong data-node-id=\"42.11\">Lupita Nyong&#8217;o<\/strong>.<\/p>\n<p data-journey-content=\"true\" data-node-id=\"46\" class=\"css-1ood0zq emevuu60\">Odissea ha debuttato in anteprima mondiale a Londra il <strong data-node-id=\"46.2\">6 luglio<\/strong> e arriver\u00e0 nelle sale italiane <strong data-node-id=\"46.4\">il 16 luglio<\/strong>, distribuito da Universal Pictures.<\/p>\n<p><img draggable=\"true\" alt=\"tom holland, the odyssey\" title=\"Tom Holland, The Odyssey\" loading=\"lazy\" width=\"1925\" height=\"3000\" decoding=\"async\" data-nimg=\"1\" style=\"color:transparent;width:100%;height:auto;\"   src=\"https:\/\/www.europesays.com\/it\/wp-content\/uploads\/2026\/07\/86874123-d86c-43b8-9f26-fb1a043a77c3.jpg\" class=\"css-0 e1g79fud0\"\/><\/p>\n<p>Getty Images<\/p>\n","protected":false},"excerpt":{"rendered":"Prima ancora di condividere il set di Spider-Man: Brand New Day, Tom Holland e Zendaya sapevano gi\u00e0 che&hellip;\n","protected":false},"author":3,"featured_media":578000,"comment_status":"","ping_status":"","sticky":false,"template":"","format":"standard","meta":{"footnotes":"","_share_on_mastodon":"0"},"categories":[1451],"tags":[1621,1620,203,204,1537,90,89,16030],"class_list":["post-577999","post","type-post","status-publish","format-standard","has-post-thumbnail","category-celebrita","tag-celebrita","tag-celebrities","tag-entertainment","tag-intrattenimento","tag-it","tag-italia","tag-italy","tag-syndication"],"share_on_mastodon":{"url":"https:\/\/pubeurope.com\/@it\/116894250284496672","error":""},"_links":{"self":[{"href":"https:\/\/www.europesays.com\/it\/wp-json\/wp\/v2\/posts\/577999","targetHints":{"allow":["GET"]}}],"collection":[{"href":"https:\/\/www.europesays.com\/it\/wp-json\/wp\/v2\/posts"}],"about":[{"href":"https:\/\/www.europesays.com\/it\/wp-json\/wp\/v2\/types\/post"}],"author":[{"embeddable":true,"href":"https:\/\/www.europesays.com\/it\/wp-json\/wp\/v2\/users\/3"}],"replies":[{"embeddable":true,"href":"https:\/\/www.europesays.com\/it\/wp-json\/wp\/v2\/comments?post=577999"}],"version-history":[{"count":0,"href":"https:\/\/www.europesays.com\/it\/wp-json\/wp\/v2\/posts\/577999\/revisions"}],"wp:featuredmedia":[{"embeddable":true,"href":"https:\/\/www.europesays.com\/it\/wp-json\/wp\/v2\/media\/578000"}],"wp:attachment":[{"href":"https:\/\/www.europesays.com\/it\/wp-json\/wp\/v2\/media?parent=577999"}],"wp:term":[{"taxonomy":"category","embeddable":true,"href":"https:\/\/www.europesays.com\/it\/wp-json\/wp\/v2\/categories?post=577999"},{"taxonomy":"post_tag","embeddable":true,"href":"https:\/\/www.europesays.com\/it\/wp-json\/wp\/v2\/tags?post=577999"}],"curies":[{"name":"wp","href":"https:\/\/api.w.org\/{rel}","templated":true}]}}