{"id":578039,"date":"2026-07-10T07:03:14","date_gmt":"2026-07-10T07:03:14","guid":{"rendered":"https:\/\/www.europesays.com\/it\/578039\/"},"modified":"2026-07-10T07:03:14","modified_gmt":"2026-07-10T07:03:14","slug":"milano-sfregia-una-sconosciuta-nel-metro-sono-uomo-e-musulmano-non-mi-puoi-guardare-mohammed-saidi-era-gia-stato-arrestato-e-rilasciato","status":"publish","type":"post","link":"https:\/\/www.europesays.com\/it\/578039\/","title":{"rendered":"Milano, sfregia una sconosciuta nel metr\u00f2: \u00abSono uomo e musulmano, non mi puoi guardare\u00bb. Mohammed Saidi era gi\u00e0 stato arrestato e rilasciato"},"content":{"rendered":"<p>    di<br \/>\n    Pierpaolo Lio<\/p>\n<p class=\"summary-art is-line-h-12\">La ragazza ha riportato un profondo taglio tra la guancia e il collo. L&#8217;accusa per l&#8217;aggressore 27enne \u00e8 di \u00absfregio permanente\u00bb. Lei rientrava da una passeggiata in centro e nella stazione della Gialla lui l&#8217;ha accusata di averlo guardato. Bloccato dalla polizia locale in via Torino, sono emersi i precedenti<\/p>\n<p class=\"chapter-paragraph\"><b>La lama le affonda all\u2019angolo della bocca. E in un attimo prosegue lungo la guancia sinistra, fino al collo. <\/b><a href=\"https:\/\/milano.corriere.it\/notizie\/cronaca\/26_luglio_09\/milano-uomo-sfregia-una-23enne-sulla-banchina-del-metro-in-duomo-cosa-guardi-sono-musulmano-be8291d7-08f3-4ebb-9fcc-41c47fc7bxlk.shtml\" title=\"Milano, uomo sfregia una 22enne sulla banchina del metr\u00f2 in Duomo: \u00abCosa guardi? Sono musulmano\u00bb\" rel=\"nofollow noopener\" target=\"_blank\">Lo sfregio sul volto della 23enne potrebbe restare per sempre.<\/a>\u00a0In un angolo a terra, sotto il sagrato del Duomo, nel cuore di Milano, nel mezzanino di quella metropolitana \u00abgialla\u00bb costantemente affollata di pendolari e turisti, resta un\u2019ampia pozza di sangue, <b>i fazzoletti usati dai passanti per cercare d\u2019aiutare quella ragazza terrorizzata e sotto choc<\/b>, e le garze con cui i soccorritori hanno tamponato la profonda ferita, prima della corsa in ambulanza verso il vicino pronto soccorso dell\u2019ospedale Policlinico.<\/p>\n<p class=\"chapter-paragraph\">L\u2019aggressione \u00e8 stata tanto brutale, quanto senza senso. Un incrocio (di sguardi) casuale tra la folla.<b> \u00abChe c&#8230;o hai da guardare\u00bb, le ringhia contro quello sconosciuto.<\/b> Un testimone avrebbe raccontato poi che quell\u2019uomo che appariva fuori di s\u00e9 avrebbe anche aggiunto: <b>\u00abSei una donna. E io sono uomo, e sono musulmano. Non mi devi guardare\u00bb<\/b>. A rivolgerle quelle parole minacciose e cariche di rabbia \u00e8<b> Mohammed Saidi, 27enne algerino, incensurato, irregolare e senza fissa dimora.<\/b> Che la prende di mira mentre lei, giovane marocchina, in compagnia di amici e amiche, dopo una passeggiata in centro, poco prima delle 16 di ieri, sta aspettando l\u2019arrivo del primo treno della linea 3 verso Comasina. \u00c8 in quel momento che Saidi le s\u2019avvicina. E l\u2019accusa di averlo guardato. La vittima prova a tranquillizzare quello sconosciuto. <b>Gli assicura che non lo stava fissando, n\u00e9 guardando.<\/b> Ma la rabbia dell\u2019algerino cresce. Urla. La insulta. Le sferra un pugno al volto. La 23enne prova a difendersi. Cerca di allontanarlo. <b>Ma Saidi sfodera un coltellino. Il fendente \u00e8 una sventagliata. <\/b>Che sfregia il viso della ragazza.    &#13;<br \/>\n&#13;<br \/>\n&#13;<br \/>\n&#13;<br \/>\n&#13;<br \/>\n&#13;<br \/>\n&#13;<br \/>\n&#13;<br \/>\n&#13;<br \/>\n&#13;<br \/>\n&#13;<br \/>\n&#13;<br \/>\n&#13;<br \/>\n&#13;<br \/>\n&#13;<br \/>\n&#13;<br \/>\n&#13;<br \/>\n&#13;<br \/>\n&#13;<br \/>\n&#13;<br \/>\n&#13;<br \/>\n&#13;<br \/>\n&#13;<br \/>\n&#13;<br \/>\n&#13;<br \/>\n&#13;<br \/>\n&#13;<br \/>\n&#13;<br \/>\n&#13;<br \/>\n&#13;<br \/>\n&#13;<br \/>\n&#13;<br \/>\n&#13;<br \/>\n&#13;<br \/>\n&#13;<br \/>\n&#13;<br \/>\n&#13;<br \/>\n&#13;<br \/>\n&#13;<br \/>\n&#13;<br \/>\n&#13;<br \/>\n&#13;<br \/>\n&#13;<br \/>\n&#13;<br \/>\n&#13;<br \/>\n&#13;<br \/>\n&#13;<br \/>\n&#13;<br \/>\n&#13;<br \/>\n&#13;<br \/>\n&#13;<br \/>\n&#13;<br \/>\n&#13;\n<\/p>\n<p class=\"chapter-paragraph\">Il 27enne viene <b>arrestato a poche centinaia di metri da l\u00e0.<\/b> Il suo tentativo di fuga gli permette di guadagnare la luce e allontanarsi lungo l\u2019altrettanto affollata passeggiata di <b>via Torino<\/b>. Ma dura neanche duecento metri. Il caos sulla banchina del metr\u00f2 ha attirato<b> l\u2019attenzione di una pattuglia della polizia locale. Che si \u00e8 messa all\u2019inseguimento dell\u2019aggressore. Fino a bloccarlo<\/b>. Gli agenti della Locale, guidati dal comandante Gianluca Mirabelli, lo hanno arrestato in flagranza su disposizione della pm di turno, Simona Ferraiuolo.<\/p>\n<p class=\"chapter-paragraph\"><b>All\u2019alba Saidi era gi\u00e0 stato arrestato dalle Volanti della questura per tentato furto aggravato. <\/b>Giudicato per direttissima in mattinata, era stato rilasciato con un divieto di dimora a Milano. Solo poche ore dopo, Saidi aggredir\u00e0 per\u00f2 brutalmente la ragazza in metr\u00f2. Per lui, ora, l\u2019accusa \u00e8 \u00absfregio permanente al viso\u00bb aggravato, oltre che lesioni aggravate e resistenza. Resta da valutare se gli sar\u00e0 contestata anche la nuova aggravante dell\u2019odio contro una donna, o della discriminazione razziale o religiosa.<\/p>\n<p class=\"chapter-paragraph\">Sulla vicenda, via social, interviene<b> il vicepremier Matteo Salvini<\/b>: \u00abArrestato stanotte per furto e scarcerato stamattina. Ringraziamo il giudice che ha liberato questo delinquente\u00bb, scrive in un post il leader leghista. Per il capogruppo alla Camera di Fratelli d\u2019Italia, Galeazzo Bignami, quello che \u00e8 accaduto \u00ab\u00e8 un fatto gravissimo che impone una risposta ferma dello Stato: espulsione immediata\u00bb. Esprime vicinanza alla vittima il segretario metropolitano del Pd, Alessandro Capelli, che dice: \u00abIl diritto delle donne di vivere senza paura \u00e8 per noi una battaglia fondamentale\u00bb.<\/p>\n<p class=\"is-mr-t-20 is-mr-b-20\"><b><br \/>\n                    <a href=\"https:\/\/milano.corriere.it\/?intcmp=Notizielocali_nd_010623_corriere_ss_milano\" target=\"_blank\" rel=\"nofollow noopener\">Vai a tutte le notizie di Milano<\/a><br \/>\n            <\/b><\/p>\n<p class=\"chapter-paragraph\"><b><a href=\"https:\/\/www.corriere.it\/newsletter\/?theme=41&amp;intcmp=IIIcolonna_NL_CorMilano\" target=\"_blank\" rel=\"nofollow noopener\">Iscriviti alla newsletter di Corriere Milano<\/a><\/b><\/p>\n<p class=\"is-last-update\" datetime=\"2026-07-09T23:54:29+02:00\">10 luglio 2026<\/p>\n<p class=\"is-copyright\">\n            \u00a9 RIPRODUZIONE RISERVATA\n        <\/p>\n","protected":false},"excerpt":{"rendered":"di Pierpaolo Lio La ragazza ha riportato un profondo taglio tra la guancia e il collo. L&#8217;accusa per&hellip;\n","protected":false},"author":3,"featured_media":578040,"comment_status":"","ping_status":"","sticky":false,"template":"","format":"standard","meta":{"footnotes":"","_share_on_mastodon":"0"},"categories":[79],"tags":[506,165820,13573,13889,57735,3186,4605,104,10216,14,93,94,35278,1731,7100,2226,67034,25936,49016,1537,90,89,695,3203,6891,28,37328,318411,113261,7,15,23943,318412,5415,14492,531,698,4696,5892,1920,1434,62675,318410,318413,38391,318414,208636,318415,1641,11,84,91,12,85,92,24289],"class_list":["post-578039","post","type-post","status-publish","format-standard","has-post-thumbnail","category-italia","tag-accusa","tag-affollata","tag-aggravato","tag-aggressore","tag-algerino","tag-angolo","tag-arrestato","tag-centro","tag-collo","tag-cronaca","tag-cronaca-italiana","tag-cronacaitaliana","tag-dimora","tag-donna","tag-furto","tag-gialla","tag-guancia","tag-guardare","tag-guardato","tag-it","tag-italia","tag-italy","tag-locale","tag-metri","tag-metro","tag-milano","tag-mohammed","tag-mohammed-saidi","tag-musulmano","tag-news","tag-notizie","tag-passeggiata","tag-passeggiata-centro","tag-permanente","tag-poche","tag-polizia","tag-polizia-locale","tag-prova","tag-rabbia","tag-ragazza","tag-resta","tag-rilasciato","tag-saidi","tag-saidi-arrestato","tag-sconosciuto","tag-sfregia","tag-sfregio","tag-sfregio-permanente","tag-torino","tag-ultime-notizie","tag-ultime-notizie-e-news-di-oggi","tag-ultime-notizie-italia","tag-ultimenotizie","tag-ultimenotizieenewsdioggi","tag-ultimenotizieitalia","tag-viso"],"share_on_mastodon":{"url":"","error":"Validation failed: Text character limit of 500 exceeded"},"_links":{"self":[{"href":"https:\/\/www.europesays.com\/it\/wp-json\/wp\/v2\/posts\/578039","targetHints":{"allow":["GET"]}}],"collection":[{"href":"https:\/\/www.europesays.com\/it\/wp-json\/wp\/v2\/posts"}],"about":[{"href":"https:\/\/www.europesays.com\/it\/wp-json\/wp\/v2\/types\/post"}],"author":[{"embeddable":true,"href":"https:\/\/www.europesays.com\/it\/wp-json\/wp\/v2\/users\/3"}],"replies":[{"embeddable":true,"href":"https:\/\/www.europesays.com\/it\/wp-json\/wp\/v2\/comments?post=578039"}],"version-history":[{"count":0,"href":"https:\/\/www.europesays.com\/it\/wp-json\/wp\/v2\/posts\/578039\/revisions"}],"wp:featuredmedia":[{"embeddable":true,"href":"https:\/\/www.europesays.com\/it\/wp-json\/wp\/v2\/media\/578040"}],"wp:attachment":[{"href":"https:\/\/www.europesays.com\/it\/wp-json\/wp\/v2\/media?parent=578039"}],"wp:term":[{"taxonomy":"category","embeddable":true,"href":"https:\/\/www.europesays.com\/it\/wp-json\/wp\/v2\/categories?post=578039"},{"taxonomy":"post_tag","embeddable":true,"href":"https:\/\/www.europesays.com\/it\/wp-json\/wp\/v2\/tags?post=578039"}],"curies":[{"name":"wp","href":"https:\/\/api.w.org\/{rel}","templated":true}]}}