{"id":578049,"date":"2026-07-10T07:18:15","date_gmt":"2026-07-10T07:18:15","guid":{"rendered":"https:\/\/www.europesays.com\/it\/578049\/"},"modified":"2026-07-10T07:18:15","modified_gmt":"2026-07-10T07:18:15","slug":"tim-battiti-live-pagelle-del-9-luglio-la-coppia-blasi-rovazzi-non-funziona-4-emma-stellare-8-lumilta-di-cristiano-malgioglio","status":"publish","type":"post","link":"https:\/\/www.europesays.com\/it\/578049\/","title":{"rendered":"Tim Battiti Live, pagelle del 9 luglio: la coppia Blasi-Rovazzi non funziona (4), Emma stellare (8), l&#8217;umilt\u00e0 di Cristiano Malgioglio"},"content":{"rendered":"<p>Se il buongiorno si vede dal mattino, l\u2019estate musicale\u00a0di\u00a0<strong>Tim Battiti Live<\/strong>\u00a0ci sta condannando a un eterno\u00a0giorno della marmotta. La puntata del 9 luglio, condotta da\u00a0<strong>Ilary Blasi<\/strong>,\u00a0<strong>Fabio Rovazzi<\/strong>\u00a0con\u00a0<strong>Daniele Battaglia<\/strong>\u00a0ha confermato il trend: tanta nostalgia, qualche lampo di classe purissima e una conduzione che ha la stessa fluidit\u00e0 del traffico sulla Salerno-Reggio Calabria a Ferragosto. Siamo pronti? Ecco i voti ai protagonisti della serata.\n<\/p>\n<p>Irama \u2013\u00a0Voto: 5<\/p>\n<p>Ma qualcuno sa come sta davvero <a href=\"https:\/\/dilei.it\/star-e-vip\/irama\/\" rel=\"nofollow noopener\" target=\"_blank\">Irama<\/a>? Perch\u00e9 vederlo sul palco a cantare\u00a0Cabana\u00a0e\u00a0Mediterraneo\u00a0per l\u2019ennesima volta mi ha messo una specie di malinconia addosso. \u00c8 un<strong> loop infinito<\/strong> che va avanti da anni. A un certo punto ha detto, quasi commosso, di essere rimasto shockato dal suo <a href=\"https:\/\/dilei.it\/spettacolo\/irama-san-siro-duetto-giorgia\/2427112\/\" rel=\"nofollow noopener\" target=\"_blank\">primo San Siro<\/a>. E ci sta, dev\u2019essere un\u2019<strong>emozione incredibile<\/strong>. Per\u00f2, Filippo, lasciatelo dire: lo <strong>shock<\/strong> \u00e8 anche il nostro a sentirti fare sempre la stessa cosa. \u00c8 un gran peccato, perch\u00e9 all\u2019inizio della sua carriera c\u2019era del <strong>talento vero<\/strong>, della scrittura che prometteva tutt\u2019altro. Vederlo ridotto a timbrare il cartellino del <strong>tormentone estivo<\/strong> fa un po\u2019 male al cuore.<\/p>\n<p>The Kolors (con Merk &amp; Kremont)\u00a0\u2013 Voto: 6.5<\/p>\n<p>Loro sono bravi, c\u2019\u00e8 poco da fare. Hanno quella chimica di chi ne ha passate tante insieme e sul palco si diverte davvero. Il pezzo nuovo, <strong>Partenope<\/strong>, non \u00e8 certo una poesia che canteremo tra vent\u2019anni, per\u00f2 dai, ammettiamolo, suona bene, funziona e ti fa muovere il piedino anche se non vuoi. Tutto benissimo, finch\u00e9 non \u00e8 arrivata <a href=\"https:\/\/dilei.it\/star-e-vip\/serena-brancale\/\" rel=\"nofollow noopener\" target=\"_blank\">Serena Brancale<\/a> a rovinare la magia. Se ne \u00e8 uscita dicendo che\u00a0Partenope\u00a0le ricorda il sound dei\u00a0<strong>Napoli Centrale<\/strong>. L\u00ec siamo collassati sul divano. Va bene l\u2019entusiasmo, va bene l\u2019amore per il proprio lavoro, ma paragonare un tormentone da spiaggia alla storia del jazz-rock italiano \u00e8 una di quelle sparate che fanno tremare le pareti.<\/p>\n<p>Emma \u2013 Voto: 8<\/p>\n<p>Ecco, stasera <a href=\"https:\/\/dilei.it\/star-e-vip\/emma-marrone\/\" rel=\"nofollow noopener\" target=\"_blank\">Emma<\/a> mi ha fatto stringere il cuore. \u00c8 un\u2019artista immensa, una di quelle che sul palco ci lascia l\u2019anima ogni volta, eppure si ha sempre l\u2019impressione che abbia raccolto molto (molto) meno di quello che meritava davvero. Intendiamoci, riempire il<strong>\u00a0Rock in Roma<\/strong>\u00a0\u00e8 un traguardo che farebbe saltare di gioia chiunque, ma per lei tutto \u00e8 stato pi\u00f9 lento, pi\u00f9 faticoso, una specie di esplosione controllata che \u00e8 arrivata tardi. Quando ha cantato\u00a0<strong>L\u2019amore non mi basta<\/strong>\u00a0si \u00e8 sentita tutta <strong>la sua verit\u00e0<\/strong>: \u00e8 un\u2019artista di razza, una donna che sa cosa significa fare questo mestiere con le unghie e con i denti. Forse \u00e8 solo nata nell\u2019epoca sbagliata, in mezzo a troppa fuffa. Ti si vuole bene, Emma.<\/p>\n<p>Cristiano Malgioglio\u00a0\u2013 Voto: 9<\/p>\n<p>E meno male che c\u2019\u00e8 <a href=\"https:\/\/dilei.it\/star-e-vip\/cristiano-malgioglio\/\" rel=\"nofollow noopener\" target=\"_blank\">Cristiano Malgioglio<\/a>. In una serata che rischiava il coma da abbiocco, lui \u00e8 entrato sul palco portando una ventata di freschezza, colore e sana, disperata simpatia di cui avevamo tutti bisogno. Prima ci ha regalato la sua ultima perla, <strong>Amore di contrabbando<\/strong>, e poi, dato che la modestia \u00e8 un sentimento da deboli, si \u00e8 lanciato in un <strong>medley<\/strong> che sembrava contenere circa 350 successi della sua infinita carriera. Ormai il suo <strong>ciuffo bicolore<\/strong> \u00e8 un patrimonio dell\u2019UNESCO, un elemento irrinunciabile del nostro immaginario pop, eppure lui ha giurato che <strong>sarebbe disposto a tagliarlo<\/strong> a una sola, piccolissima condizione: un duetto con <a href=\"https:\/\/dilei.it\/star-e-vip\/lady-gaga\/\" rel=\"nofollow noopener\" target=\"_blank\">Lady Gaga<\/a>. Una cosa umile, insomma, terra-terra. Cristiano, non cambiare mai, ti preghiamo.<\/p>\n<p>Gaia \u2013\u00a0Voto: 7<\/p>\n<p>Cosa dire di <a href=\"https:\/\/dilei.it\/star-e-vip\/gaia-gozzi\/\" rel=\"nofollow noopener\" target=\"_blank\">Gaia<\/a>? Vederla sul palco fa un certo effetto perch\u00e9, ammettiamolo, negli anni \u00e8 cresciuta tantissimo ed <strong>\u00e8 diventata una performer a 360\u00b0<\/strong>, di quelle che sanno tenere la scena come poche altre in Italia. Certo, il nuovo singolo\u00a0<strong>Bossa Nostra<\/strong>\u00a0lascia un filo perplessi: sembra strizzare un po\u2019 troppo l\u2019occhio a determinate sonorit\u00e0 del passato, roba gi\u00e0 sentita e, sinceramente,<strong> un po\u2019 inarrivabile per essere replicata oggi<\/strong>. Per\u00f2 poi parte\u00a0<strong>Chiamo io chiami tu<\/strong>\u00a0ed \u00e8 la fine: \u00e8 un tormentone micidiale, ti entra nel cervello e non ci puoi fare assolutamente nulla, ti ritrovi a canticchiarlo\u00a0mentre digiti le pagelle. Promossa, anche se la preferiamo quando rischia un briciolo di pi\u00f9.<\/p>\n<p>Arisa\u00a0\u2013\u00a0Voto: 6<\/p>\n<p>La voce di <a href=\"https:\/\/dilei.it\/star-e-vip\/arisa\/\" rel=\"nofollow noopener\" target=\"_blank\">Arisa<\/a> \u00e8 un dono del cielo. Il problema \u00e8 che con il nuovo singolo\u00a0<strong>Rugiada<\/strong>\u00a0non c\u2019entra proprio nulla. Il suo percorso negli ultimi mesi \u00e8 diventato onestamente incomprensibile: un frullato di eventi, cambi di rotta e un presenzialismo quasi ossessivo sui social e in TV che fa girare la testa. <strong>Non si capisce bene dove voglia andare a parare<\/strong>, sembra quasi che stia cercando se stessa a telecamere accese. Per\u00f2, il pubblico le vuole un bene dell\u2019anima: appena \u00e8 salita sul palco l\u2019ha accolta con un boato\u00a0incredibile. Perch\u00e9 ad Arisa, alla fine, le si perdona tutto.<\/p>\n<p>Rovazzi, Arisa\u00a0&amp; Nino\u00a0D\u2019Angelo\u00a0\u2013\u00a0Voto: 5.5<\/p>\n<p data-path-to-node=\"1\">Allora, respiriamo profondamente. Perch\u00e9 comunque vedere <a href=\"https:\/\/dilei.it\/star-e-vip\/nino-dangelo\/\" rel=\"nofollow noopener\" target=\"_blank\">Nino D\u2019Angelo<\/a> esibirsi per la <strong>prima volta<\/strong> su questo palco \u00e8 gi\u00e0 di per s\u00e9 un evento storico, di quelli da segnare sul calendario. Lui era visibilmente, teneramente emozionatissimo, ed \u00e8 stato davvero bellissimo vederlo cos\u00ec umano, con gli occhi lucidi di fronte a una piazza piena, mentre divideva la scena con Arisa e <a href=\"https:\/\/dilei.it\/star-e-vip\/fabio-rovazzi\/\" rel=\"nofollow noopener\" target=\"_blank\">Fabio Rovazzi<\/a>. Una reunion cos\u00ec assurda che sembrava uscita da un generatore casuale di brani random. Il problema, per\u00f2, \u00e8 la sostanza: <strong>La Costiera Amalfitana<\/strong>\u00a0\u00e8 un pezzo onestamente\u00a0modesto. Va bene l\u2019abbraccio tra generazioni, va bene la poesia del momento, ma la canzone proprio non sta in piedi e finisce per fare un torto al talento dei presenti. Ci teniamo l\u2019emozione del vecchi tempi, ma il brano lo dimentichiamo volentieri.<\/p>\n<p>Ilary Blasi (&amp; Fabio Rovazzi)\u00a0\u2013 Voto: 4<\/p>\n<p>Ragazzi, qui c\u2019\u00e8 un problema di chimica umana, prima ancora che televisiva. <a href=\"https:\/\/dilei.it\/star-e-vip\/ilary-blasi\/\" rel=\"nofollow noopener\" target=\"_blank\">Ilary Blasi<\/a> sembrava la fotocopia stanca della settimana scorsa: una presentazione distratta, svogliata, come chi sta pensando a tutt\u2019altro argomento. Accanto a lei <a href=\"https:\/\/dilei.it\/star-e-vip\/fabio-rovazzi\/\" rel=\"nofollow noopener\" target=\"_blank\">Fabio Rovazzi<\/a> perde ancora pi\u00f9 punti; la coppia non ingrana, non si parlano, sembrano due estranei costretti a condividere l\u2019ascensore. Dispiace un sacco per <strong>Daniele Battaglia<\/strong>, relegato nel backstage. Sar\u00f2 di parte perch\u00e9 lo trovo un professionista davvero godibile (e s\u00ec, ha anche quel DNA da \u201cfiglio dei Pooh\u201d che non guasta), ma lui sul palco principale ci sarebbe stato da Dio. Questa conduzione cos\u00ec com\u2019\u00e8, purtroppo, fa acqua da tutte le parti. Fa quasi tenerezza vederli faticare cos\u00ec.<\/p>\n<p>\t\t\t\tScopri i personaggi in trend, le storie del momento e molto altro.<br \/>Dove? Sul <a href=\"https:\/\/whatsapp.com\/channel\/0029Vb68mVyHVvTWezDm7d0R\" target=\"_blank\" rel=\"noopener nofollow\">canale WhatsApp di DiLei!<\/a><\/p>\n<p>\t\t\t<a class=\"buttonCall\" href=\"https:\/\/whatsapp.com\/channel\/0029Vb68mVyHVvTWezDm7d0R\" target=\"_blank\" rel=\"noopener nofollow\" title=\"Seguici su WhatsApp\"><br \/>\n\t\t\t\tSeguici su WhatsApp<br \/>\n\t\t\t<\/a><\/p>\n","protected":false},"excerpt":{"rendered":"Se il buongiorno si vede dal mattino, l\u2019estate musicale\u00a0di\u00a0Tim Battiti Live\u00a0ci sta condannando a un eterno\u00a0giorno della marmotta.&hellip;\n","protected":false},"author":3,"featured_media":578050,"comment_status":"","ping_status":"","sticky":false,"template":"","format":"standard","meta":{"footnotes":"","_share_on_mastodon":"0"},"categories":[1451],"tags":[1621,1620,54067,20188,203,32190,217,204,55270,1537,90,89,214],"class_list":["post-578049","post","type-post","status-publish","format-standard","has-post-thumbnail","category-celebrita","tag-celebrita","tag-celebrities","tag-cristiano-malgioglio","tag-daniele-battaglia","tag-entertainment","tag-fabio-rovazzi","tag-ilary-blasi","tag-intrattenimento","tag-irama","tag-it","tag-italia","tag-italy","tag-spettacolo"],"share_on_mastodon":{"url":"https:\/\/pubeurope.com\/@it\/116894466548134217","error":""},"_links":{"self":[{"href":"https:\/\/www.europesays.com\/it\/wp-json\/wp\/v2\/posts\/578049","targetHints":{"allow":["GET"]}}],"collection":[{"href":"https:\/\/www.europesays.com\/it\/wp-json\/wp\/v2\/posts"}],"about":[{"href":"https:\/\/www.europesays.com\/it\/wp-json\/wp\/v2\/types\/post"}],"author":[{"embeddable":true,"href":"https:\/\/www.europesays.com\/it\/wp-json\/wp\/v2\/users\/3"}],"replies":[{"embeddable":true,"href":"https:\/\/www.europesays.com\/it\/wp-json\/wp\/v2\/comments?post=578049"}],"version-history":[{"count":0,"href":"https:\/\/www.europesays.com\/it\/wp-json\/wp\/v2\/posts\/578049\/revisions"}],"wp:featuredmedia":[{"embeddable":true,"href":"https:\/\/www.europesays.com\/it\/wp-json\/wp\/v2\/media\/578050"}],"wp:attachment":[{"href":"https:\/\/www.europesays.com\/it\/wp-json\/wp\/v2\/media?parent=578049"}],"wp:term":[{"taxonomy":"category","embeddable":true,"href":"https:\/\/www.europesays.com\/it\/wp-json\/wp\/v2\/categories?post=578049"},{"taxonomy":"post_tag","embeddable":true,"href":"https:\/\/www.europesays.com\/it\/wp-json\/wp\/v2\/tags?post=578049"}],"curies":[{"name":"wp","href":"https:\/\/api.w.org\/{rel}","templated":true}]}}