{"id":578124,"date":"2026-07-10T08:22:15","date_gmt":"2026-07-10T08:22:15","guid":{"rendered":"https:\/\/www.europesays.com\/it\/578124\/"},"modified":"2026-07-10T08:22:15","modified_gmt":"2026-07-10T08:22:15","slug":"auto-aziendali-il-correttivo-fiscale-aumenta-la-tassazione-sui-veicoli-piu-vecchi","status":"publish","type":"post","link":"https:\/\/www.europesays.com\/it\/578124\/","title":{"rendered":"Auto aziendali, il correttivo fiscale aumenta la tassazione sui veicoli pi\u00f9 vecchi"},"content":{"rendered":"<p>Il panorama della mobilit\u00e0 delle imprese in Italia sta per cambiare radicalmente, con un impatto diretto sulle buste paga dei dipendenti e sui bilanci delle stesse aziende. Al centro dell\u2019attenzione non c\u2019\u00e8 semplicemente l\u2019iter burocratico del recente Decreto Correttivo alla delega fiscale approvato a giugno 2026, ma la profonda ristrutturazione della <strong>tassazione<\/strong> applicata alle <strong>auto aziendali<\/strong> concesse in uso promiscuo. Il nuovo schema fiscale sposta decisamente l\u2019ago della bilancia, introducendo penalizzazioni severe per chi mantiene in flotta veicoli datati e ridisegnando le regole del fringe benefit con l\u2019obiettivo di accelerare il ricambio generazionale dei mezzi.<\/p>\n<p>Per anni il calcolo del fringe benefit sulle vetture aziendali \u00e8 stato legato a percentuali progressive basate sulle emissioni di anidride carbonica. Un sistema che, sebbene orientato alla sostenibilit\u00e0, creava non poche complessit\u00e0 gestionali. La svolta di giugno azzera il vecchio meccanismo a scaglioni di emissioni e introduce una tassazione strutturata sull\u2019alimentazione del motore, alla quale si sovrappone un inedito e pesante fattore anagrafico del veicolo che rischia di trasformarsi in una vera e propria stangata.\n<\/p>\n<p>Auto aziendali: il fattore anagrafico<\/p>\n<p>La novit\u00e0 pi\u00f9 dirompente dell\u2019intera riforma della tassazione sulle <a href=\"https:\/\/quifinanza.it\/fisco-tasse\/detraibilita-iva-2026-auto-telefoni-rappresentanza\/960456\/\" rel=\"nofollow noopener\" target=\"_blank\">auto aziendali<\/a> risiede nella penalizzazione dei mezzi pi\u00f9 vecchi. Per la prima volta, il fisco italiano non guarda solo a quanto inquina un motore sulla carta, ma anche da quanto tempo quel veicolo circola all\u2019interno del parco aziendale.<\/p>\n<p>Il testo del Decreto Correttivo di giugno stabilisce che per le vetture che hanno <strong>superato i 5 anni dalla data di prima immatricolazione<\/strong>, il valore del <a href=\"https:\/\/quifinanza.it\/lavoro\/fringe-benefit-manovra-2026-nuovo-limite\/933581\/\" rel=\"nofollow noopener\" target=\"_blank\">fringe benefit<\/a> subisce una maggiorazione secca del 50%. Si tratta di una misura punitiva esplicita, pensata dal Governo per forzare le aziende verso un ciclo di sostituzione dei veicoli (il cosiddetto turnover della flotta) non superiore ai 4 anni.<\/p>\n<p>Fino ad oggi, tenere a lungo un\u2019auto in flotta consentiva di ammortizzare i costi di acquisto o di prolungare contratti di noleggio a lungo termine a tariffe vantaggiose. Con le nuove regole, superato il quinto anno, il vantaggio economico <strong>svanisce a causa del rincaro fiscale<\/strong>. Questa maggiorazione si traduce in un aumento immediato dell\u2019imponibile fiscale in busta paga per il dipendente, che si trover\u00e0 a pagare molte pi\u00f9 tasse (Irpef e addizionali) per lo stesso identico mezzo, e in un parallelo incremento dei costi contributivi a carico dell\u2019azienda.<\/p>\n<p>Il nuovo schema di tassazione basato sull\u2019alimentazione<\/p>\n<p>Per capire la reale portata del rincaro sui veicoli con pi\u00f9 di 5 anni, \u00e8 necessario analizzare la struttura base della nuova tassazione delle auto aziendali. Il calcolo dell\u2019imponibile non avviene pi\u00f9 sulle fasce di grammi di anidride carbonica al chilometro, ma viene determinato applicando una percentuale fissa sul <strong>costo chilometrico standard<\/strong> stabilito dalle tabelle Aci (calcolato su una percorrenza convenzionale di 15.000 chilometri all\u2019anno).<\/p>\n<p>Le aliquote base sono cos\u00ec suddivise:<\/p>\n<ul>\n<li><strong>auto 100% elettriche (BEV)<\/strong>. Viene applicata l\u2019aliquota minima del 10% del costo chilometrico Aci. Si tratta di un forte incentivo per spingere i lavoratori e i Fleet Manager verso la transizione elettrica pura;<\/li>\n<li><strong>auto ibride plug-in (PHEV)<\/strong>. La tassazione sale al 20% del valore Aci, riconoscendo comunque una quota di mobilit\u00e0 sostenibile grazie alla presenza della batteria ricaricabile alla spina;<\/li>\n<li><strong>auto endotermiche tradizionali (benzina, diesel, mild\/full hybrid)<\/strong>. Per tutti i motori tradizionali e per le ibride non ricaricabili scatta l\u2019aliquota massima del 50%.<\/li>\n<\/ul>\n<p>Applicando a questo schema la regola del quinto anno, gli effetti diventano macroscopici. Un\u2019auto diesel o benzina, che gi\u00e0 sconta un\u2019aliquota base penalizzante del 50%, dopo il quinto anno vedr\u00e0 questa percentuale schizzare verso l\u2019alto a causa della maggiorazione del 50%. Di fatto, l\u2019imponibile fiscale legato a quella vettura crescer\u00e0 sensibilmente, rendendo la permanenza del veicolo in azienda economicamente insostenibile.<\/p>\n<p>Tabelle comparative dell\u2019impatto fiscale (stima)<\/p>\n<p>Per comprendere visivamente l\u2019impatto, ecco come si modifica la percentuale del costo Aci da tassare prima e dopo il quinto anno di vita dell\u2019auto aziendale.<\/p>\n<tr>\n<td><strong>Alimentazione veicolo<\/strong><\/td>\n<td><strong>Aliquota base (fino a 5 anni)<\/strong><\/td>\n<td><strong>Aliquota maggiorata (oltre i 5 anni)<\/strong><\/td>\n<td><strong>Incremento fiscale netto<\/strong><\/td>\n<\/tr>\n<tr>\n<td>Elettrica pura (BEV)<\/td>\n<td>10%<\/td>\n<td>15%<\/td>\n<td>+5%<\/td>\n<\/tr>\n<tr>\n<td>Ibrida Plug-in (PHEV)<\/td>\n<td>20%<\/td>\n<td>30%<\/td>\n<td>+10%<\/td>\n<\/tr>\n<tr>\n<td>Endotermica (diesel\/benzina)<\/td>\n<td>50%<\/td>\n<td>75%<\/td>\n<td>+25%<\/td>\n<\/tr>\n<p>Come si evince, per un\u2019auto termica tradizionale si passa dal tassare la met\u00e0 del costo chilometrico Aci al tassarne ben il 75%. Un balzo in avanti che incide pesantemente sul reddito del lavoratore.<\/p>\n<p>Semplificazione degli optional: addio al valore normale<\/p>\n<p>Un altro aspetto cruciale che modifica la gestione quotidiana e la tassazione delle auto aziendali riguarda il trattamento degli <strong>accessori<\/strong> e degli <strong>optional<\/strong>. In passato, la mancata inclusione di determinati optional (come interni in pelle di pregio, sistemi di assistenza alla guida avanzati o impianti audio premium) nelle descrizioni standard delle <a href=\"https:\/\/quifinanza.it\/fisco-tasse\/bonus-fiscali\/fringe-benefit-auto-aziendali-benzina-2026\/952294\/\" rel=\"nofollow noopener\" target=\"_blank\">tabelle Aci<\/a> creava forti dubbi interpretativi. L\u2019Agenzia delle Entrate tendeva a richiedere la valorizzazione di questi elementi secondo il criterio del <strong>valore normale<\/strong>, appesantendo i controlli e costringendo gli uffici delle risorse umane a complessi calcoli supplementari.<\/p>\n<p>Il Decreto Correttivo di giugno taglia i ponti con la burocrazia del passato introducendo un <strong>incremento forfettario del 5%<\/strong> sul valore del fringe benefit complessivo. Questo significa che, indipendentemente dal numero e dal valore reale degli accessori non standard presenti sulla vettura, la base imponibile subir\u00e0 una maggiorazione fissa e blindata del 5%. Una scelta che da un lato pu\u00f2 aumentare leggermente il prelievo sui veicoli molto accessoriati, ma dall\u2019altro garantisce alle imprese una certezza giuridica assoluta, azzerando il rischio di sanzioni o contenziosi futuri con il fisco. Il forfait, specifica il testo, si applica anche ai contratti e ai veicoli gi\u00e0 in essere, senza per\u00f2 alcuna efficacia retroattiva sulle annualit\u00e0 fiscali gi\u00e0 chiuse.<\/p>\n<p>Il meccanismo di tutela per le riassegnazioni delle flotte<\/p>\n<p>Un sospiro di sollievo per i Fleet Manager arriva dalle norme di salvaguardia inserite nel testo di giugno in merito alla gestione interna dei parchi auto. Nelle prime bozze della riforma si temeva che l\u2019interruzione di un\u2019assegnazione (ad esempio a causa delle dimissioni di un dipendente o di un cambio di mansione) potesse far decadere i regimi fiscali pi\u00f9 favorevoli legati al momento dell\u2019acquisto del veicolo.<\/p>\n<p>Il correttivo ha chiarito che in caso di <strong>riassegnazione<\/strong>\u00a0della vettura a un altro lavoratore della medesima azienda, non scatteranno penalizzazioni straordinarie o ricalcoli basati sul valore normale di mercato del veicolo usato. L\u2019auto manterr\u00e0 la sua storia fiscale lineare: continuer\u00e0 a seguire lo schema base legato alla sua alimentazione e vedr\u00e0 scattare l\u2019aumento della tassazione solo ed esclusivamente al compimento effettivo del quinto anno dalla prima immatricolazione, a prescindere da quante mani abbiano stretto quel volante.<\/p>\n","protected":false},"excerpt":{"rendered":"Il panorama della mobilit\u00e0 delle imprese in Italia sta per cambiare radicalmente, con un impatto diretto sulle buste&hellip;\n","protected":false},"author":3,"featured_media":578125,"comment_status":"","ping_status":"","sticky":false,"template":"","format":"standard","meta":{"footnotes":"","_share_on_mastodon":"0"},"categories":[172],"tags":[178,177,16,1537,90,89,32919],"class_list":["post-578124","post","type-post","status-publish","format-standard","has-post-thumbnail","category-affari","tag-affari","tag-business","tag-fisco-e-tasse","tag-it","tag-italia","tag-italy","tag-tasse-e-contributi"],"share_on_mastodon":{"url":"https:\/\/pubeurope.com\/@it\/116894719242710572","error":""},"_links":{"self":[{"href":"https:\/\/www.europesays.com\/it\/wp-json\/wp\/v2\/posts\/578124","targetHints":{"allow":["GET"]}}],"collection":[{"href":"https:\/\/www.europesays.com\/it\/wp-json\/wp\/v2\/posts"}],"about":[{"href":"https:\/\/www.europesays.com\/it\/wp-json\/wp\/v2\/types\/post"}],"author":[{"embeddable":true,"href":"https:\/\/www.europesays.com\/it\/wp-json\/wp\/v2\/users\/3"}],"replies":[{"embeddable":true,"href":"https:\/\/www.europesays.com\/it\/wp-json\/wp\/v2\/comments?post=578124"}],"version-history":[{"count":0,"href":"https:\/\/www.europesays.com\/it\/wp-json\/wp\/v2\/posts\/578124\/revisions"}],"wp:featuredmedia":[{"embeddable":true,"href":"https:\/\/www.europesays.com\/it\/wp-json\/wp\/v2\/media\/578125"}],"wp:attachment":[{"href":"https:\/\/www.europesays.com\/it\/wp-json\/wp\/v2\/media?parent=578124"}],"wp:term":[{"taxonomy":"category","embeddable":true,"href":"https:\/\/www.europesays.com\/it\/wp-json\/wp\/v2\/categories?post=578124"},{"taxonomy":"post_tag","embeddable":true,"href":"https:\/\/www.europesays.com\/it\/wp-json\/wp\/v2\/tags?post=578124"}],"curies":[{"name":"wp","href":"https:\/\/api.w.org\/{rel}","templated":true}]}}