{"id":578159,"date":"2026-07-10T08:52:15","date_gmt":"2026-07-10T08:52:15","guid":{"rendered":"https:\/\/www.europesays.com\/it\/578159\/"},"modified":"2026-07-10T08:52:15","modified_gmt":"2026-07-10T08:52:15","slug":"intervista-beppe-bergomi-inter-con-le-idee-chiare-khalaili-forte-lucumi-da-prendere","status":"publish","type":"post","link":"https:\/\/www.europesays.com\/it\/578159\/","title":{"rendered":"Intervista Beppe Bergomi: &#8220;Inter con le idee chiare: Khalaili forte, Lucumi da prendere"},"content":{"rendered":"<p>                                L\u2019ex capitano: &#8220;Voltata pagina dopo la delusione Palestra. Questo \u00e8 il modo di ripartire per vincere ancora in Serie A&#8221;<\/p>\n<p class=\"paragraph\" spellcheck=\"true\">Il mercato che entra sempre pi\u00f9 nel vivo, l\u2019ufficialit\u00e0 di Ivan Provedel e la chiusura dell\u2019operazione  Anan Khalaili: tutto nel giro di 24 ore. L\u2019Inter del futuro sta prendendo forma e ora che anche la casella l\u00ec a destra \u00e8 stata riempita si pu\u00f2 andare avanti con le altre priorit\u00e0, dalla difesa in poi. Beppe Bergomi, 21 anni in nerazzurro, 6 trofei e 755 presenze con maglia dell\u2019Inter, ha definito l\u2019israeliano un colpo interessante, non un nuovo Denzel Dumfries, ma un esterno alla Hakimi: &#8220;L\u2019ho visto quando ha giocato contro l\u2019Italia ed \u00e8 stato il migliore di Israele. Non lo conoscevo ma l\u00ec ho subito pensato che fosse un giocatore da tenere d\u2019occhio. Poi l\u2019abbiamo rivisto in Champions contro l\u2019Inter e l\u2019Atalanta. Si ritorna un po\u2019 ad avere un Hakimi a destra, ma Khalaili \u00e8 anche un profilo alla Palestra. \u00c8 pi\u00f9 offensivo di Dumfries anche se ha meno fisicit\u00e0. \u00c8 pi\u00f9 veloce, pi\u00f9 da uno contro uno e Chivu potr\u00e0 fargli fare anche un ruolo  pi\u00f9 offensivo. L\u2019Inter un giocatore cos\u00ec lo cercava da anni&#8221;.<\/p>\n<p class=\"paragraph\" spellcheck=\"true\">&#8220;S\u00ec, a me piace tanto. Poi, certo, \u00e8 un elemento che fa meno gol e meno assist, ma questo lo dicevo anche di Palestra, confrontandolo con Dumfries. Ma in un contesto come quello del 3-5-2 dell\u2019Inter potr\u00e0 diventare pi\u00f9 incisivo rispetto al Khalaili che abbiamo visto all\u2019Union Saint-Gilloise&#8221;.<\/p>\n<p class=\"paragraph\" spellcheck=\"true\"><b>\u00c8 l\u2019uomo giusto con cui superare la delusione Palestra?<\/b><\/p>\n<p class=\"paragraph\" spellcheck=\"true\">&#8220;S\u00ec, l\u2019Inter stava facendo uno sforzo tremendo per quel ragazzo. Ci ha provato e non ci \u00e8 riuscita ma il club \u00e8 stato perfetto nel voltare pagina e ora ha un giocatore giovane e di prospettiva e che per velocit\u00e0 e tecnica \u00e8 molto simile proprio a Palestra&#8221;.<\/p>\n<p class=\"paragraph\" spellcheck=\"true\"><b>Che mercato sta facendo l\u2019Inter?<\/b><\/p>\n<p class=\"paragraph\" spellcheck=\"true\">&#8220;Molto paziente. Ma non dimentichiamoci che c\u2019\u00e8 un Mondiale in corso che rallenta un po\u2019 tutto. La societ\u00e0 ha le idee chiare ma non ha fretta&#8221;.<\/p>\n<p class=\"paragraph\" spellcheck=\"true\"><b>Provedel, Khalaili, Stankovic blindato. Cosa ne pensa del figlio d\u2019arte?<\/b><\/p>\n<p class=\"paragraph\" spellcheck=\"true\">&#8220;Vi racconto questo aneddoto: io facevo l\u2019ultimo allenamento con la mia squadra in Accademia Inter e lui, ragazzino, era l\u00ec, il 2 di luglio,  ad allenarsi insieme ai due fratelli mentre gli altri erano in vacanza. Quello mi fece capire tante cose. Ora lo vedo determinato a giocarsi le sue chance, ha  voglia e tiene alla maglia. Perfetto per l\u2019Inter&#8221;.<\/p>\n<p class=\"text\">L\u2019Inter sta facendo un mercato molto paziente.  Chalobah mi piace ma prenderei pi\u00f9 Lucumi perch\u00e9 conosce la Serie A<\/p>\n<p>Beppe Bergomi<\/p>\n<p class=\"paragraph\" spellcheck=\"true\">&#8220;Adesso il club si deve preoccupare soprattutto della difesa. Dietro ha perso tanti giocatori, gli Acerbi, i De Vrij, i Darmian che non ci sono pi\u00f9 costringono  a dover intervenire bene in quel reparto&#8221;.<\/p>\n<p class=\"paragraph\" spellcheck=\"true\"><b>Chalobah \u00e8 il primo nome della lista.<\/b><\/p>\n<p class=\"paragraph\" spellcheck=\"true\">&#8220;Lui pu\u00f2 essere un profilo giusto ma un altro che per me sarebbe perfetto per l\u2019Inter \u00e8 Lucumi. Conosce il nostro campionato, pu\u00f2 fare sia il centrale sia il \u201cbraccetto\u201d. Lui e Chalobah mi piacciono allo stesso modo ma se potessi decidere io, sceglierei quello che gi\u00e0 sa come si gioca in A. E poi all\u2019Inter servono difensori  che spostino avanti il baricentro, perch\u00e9 ha bisogno di restare con la difesa alta&#8221;.<\/p>\n<p class=\"paragraph\" spellcheck=\"true\"><b>Siamo solo al 10 luglio ma ci fa la sua griglia di partenza della prossima Serie A? Chi \u00e8 davanti?<\/b><\/p>\n<p class=\"paragraph\" spellcheck=\"true\">&#8220;\u00c8 presto ma abbiamo visto come negli ultimi anni l\u2019Inter non abbia mai sbagliato campionato. Quindi la vedo ancora l\u00ec davanti, in cima a tutti, come la squadra che parte per vincere la Serie A. Penso sempre alla base di italiani. E se conosco bene Beppe Marotta, lui tiene tanto a questo blocco azzurro, fatto di giocatori esperti e giocatori in ascesa. Costruendo sopra questa base \u00e8 l\u2019Inter che resta l\u00ec in alto. Ma anche qualcun\u2019altra mi incuriosisce particolarmente&#8221;.<\/p>\n<p><a class=\"is-partner-link\" href=\"https:\/\/abbonamenti.gazzetta.it\/de-promo-mondiali\/?pwcmp=cta&amp;forceBrowser=true\" rel=\"nofollow noopener\" target=\"_blank\">Gazzetta Mondiale: ogni notte un\u2019edizione straordinaria esclusiva. Non perdertela, abbonati a 1\u20ac\/mese!<\/a><\/p>\n<p class=\"paragraph\" spellcheck=\"true\">&#8220;Il Milan sta spendendo tanto per profili importanti. E mi \u00e8 piaciuto Amorim che ha detto: &#8216;Sono qui per vincere&#8217;. Finalmente. In questi anni sembrava che tutti giocavano per il quarto posto&#8230; E poi sono molto curioso di capire il mercato della Roma. Con Gasperini pu\u00f2 rimanere in alto&#8221;.<\/p>\n<p class=\"is-copyright\">\u00a9 RIPRODUZIONE RISERVATA<\/p>\n","protected":false},"excerpt":{"rendered":"L\u2019ex capitano: &#8220;Voltata pagina dopo la delusione Palestra. Questo \u00e8 il modo di ripartire per vincere ancora in&hellip;\n","protected":false},"author":3,"featured_media":578160,"comment_status":"","ping_status":"","sticky":false,"template":"","format":"standard","meta":{"footnotes":"","_share_on_mastodon":"0"},"categories":[6],"tags":[4197,2333,20,7858,1856,6880,36045,7879,554,14,6075,318543,3177,767,31512,564,3412,1975,24701,8,6108,76331,350,1537,90,89,192610,1914,31786,426,2219,1412,7,15,82,9,83,10,5303,5541,6843,14054,318544,8014,2717,21454,1821,2434,1857,7680,13,11,80,84,12,81,85,10022,4968],"class_list":["post-578159","post","type-post","status-publish","format-standard","has-post-thumbnail","category-ultime-notizie","tag-alto","tag-base","tag-beppe","tag-bergomi","tag-campionato","tag-capire","tag-chalobah","tag-chiare","tag-club","tag-cronaca","tag-delusione","tag-delusione-palestra","tag-destra","tag-difesa","tag-dumfries","tag-giocatore","tag-giocatori","tag-giusto","tag-hakimi","tag-headlines","tag-idee","tag-idee-chiare","tag-inter","tag-it","tag-italia","tag-italy","tag-khalaili","tag-li","tag-lucumi","tag-luglio","tag-maglia","tag-mercato","tag-news","tag-notizie","tag-notizie-di-cronaca","tag-notizie-principali","tag-notiziedicronaca","tag-notizieprincipali","tag-offensivo","tag-pagina","tag-palestra","tag-perfetto","tag-perfetto-inter","tag-potra","tag-profilo","tag-provedel","tag-serie","tag-si","tag-squadra","tag-tiene","tag-titoli","tag-ultime-notizie","tag-ultime-notizie-di-cronaca","tag-ultime-notizie-e-news-di-oggi","tag-ultimenotizie","tag-ultimenotiziedicronaca","tag-ultimenotizieenewsdioggi","tag-vedo","tag-vincere"],"share_on_mastodon":{"url":"","error":"Validation failed: Text character limit of 500 exceeded"},"_links":{"self":[{"href":"https:\/\/www.europesays.com\/it\/wp-json\/wp\/v2\/posts\/578159","targetHints":{"allow":["GET"]}}],"collection":[{"href":"https:\/\/www.europesays.com\/it\/wp-json\/wp\/v2\/posts"}],"about":[{"href":"https:\/\/www.europesays.com\/it\/wp-json\/wp\/v2\/types\/post"}],"author":[{"embeddable":true,"href":"https:\/\/www.europesays.com\/it\/wp-json\/wp\/v2\/users\/3"}],"replies":[{"embeddable":true,"href":"https:\/\/www.europesays.com\/it\/wp-json\/wp\/v2\/comments?post=578159"}],"version-history":[{"count":0,"href":"https:\/\/www.europesays.com\/it\/wp-json\/wp\/v2\/posts\/578159\/revisions"}],"wp:featuredmedia":[{"embeddable":true,"href":"https:\/\/www.europesays.com\/it\/wp-json\/wp\/v2\/media\/578160"}],"wp:attachment":[{"href":"https:\/\/www.europesays.com\/it\/wp-json\/wp\/v2\/media?parent=578159"}],"wp:term":[{"taxonomy":"category","embeddable":true,"href":"https:\/\/www.europesays.com\/it\/wp-json\/wp\/v2\/categories?post=578159"},{"taxonomy":"post_tag","embeddable":true,"href":"https:\/\/www.europesays.com\/it\/wp-json\/wp\/v2\/tags?post=578159"}],"curies":[{"name":"wp","href":"https:\/\/api.w.org\/{rel}","templated":true}]}}