{"id":578182,"date":"2026-07-10T09:14:14","date_gmt":"2026-07-10T09:14:14","guid":{"rendered":"https:\/\/www.europesays.com\/it\/578182\/"},"modified":"2026-07-10T09:14:14","modified_gmt":"2026-07-10T09:14:14","slug":"spavento-per-csaba-dalla-zorza-cade-dalle-scale-e-sbatte-la-testa-mi-sono-trovata-con-la-fronte-contro-il-pavimento-freddo","status":"publish","type":"post","link":"https:\/\/www.europesays.com\/it\/578182\/","title":{"rendered":"Spavento per Csaba dalla Zorza: cade dalle scale e sbatte la testa. \u00abMi sono trovata con la fronte contro il pavimento freddo\u00bb"},"content":{"rendered":"<p>    di<br \/>\n    Redazione Spettacoli<\/p>\n<p class=\"summary-art is-line-h-12\">Il volto di \u00abCortesia per gli ospiti\u00bb ha condiviso sui suoi profili social l&#8217;incidente che l&#8217;ha riguardata: \u00abSono stata portata via in ambulanza. Ho un bernoccolo che ha preoccupato i medici ma si sta riassorbendo\u00bb<\/p>\n<p class=\"chapter-paragraph\">Grande spavento per Csaba dalla Zorza. Il volto di \u00abCortesie per gli ospiti\u00bb ha condiviso sui suoi profili social l&#8217;incidente che l&#8217;ha riguardata lo scorso luned\u00ec. Lo ha fatto \u00abper ringraziare chi luned\u00ec pomeriggio si \u00e8 preso cura di me. Non avevo mai avuto la necessit\u00e0 di essere<b> trasportata in ospedale a bordo di un\u2019ambulanza<\/b>. Luned\u00ec sera \u00e8 successo. <b>All\u2019improvviso la luce si \u00e8 spenta<\/b>. Gli ultimi gradini delle scale che stavo scendendo credo di averli saltati e <b>mi sono trovata con la fronte contro il pavimento freddo\u00bb<\/b>.<\/p>\n<p class=\"chapter-paragraph\">Il racconto \u00e8 sceso nei dettagli: \u00abForse il caldo, forse la pressione, oppure la stanchezza &#8211; ha proseguito la conduttrice -. <b>Per fortuna niente di davvero grave<\/b>. I volontari che mi hanno soccorso mi hanno legata alla barella e <b>quando ho riaperto gli occhi ho incontrato quelli di Riccardo, che non avevo mai visto prima<\/b>. Poi il pronto soccorso pieno. I medici, gli infermieri, anche gli studenti che al Policlinico di Milano mi hanno accolto, visitato, rassicurato, sorvegliato\u00bb.\u00a0    &#13;<br \/>\n&#13;<br \/>\n&#13;<br \/>\n&#13;<br \/>\n&#13;<br \/>\n&#13;<br \/>\n&#13;<br \/>\n&#13;<br \/>\n&#13;<br \/>\n&#13;<br \/>\n&#13;<br \/>\n&#13;<br \/>\n&#13;<br \/>\n&#13;<br \/>\n&#13;<br \/>\n&#13;<br \/>\n&#13;<br \/>\n&#13;<br \/>\n&#13;<br \/>\n&#13;<br \/>\n&#13;<br \/>\n&#13;<br \/>\n&#13;<br \/>\n&#13;<br \/>\n&#13;<br \/>\n&#13;<br \/>\n&#13;<br \/>\n&#13;<br \/>\n&#13;<br \/>\n&#13;<br \/>\n&#13;<br \/>\n&#13;<br \/>\n&#13;<br \/>\n&#13;<br \/>\n&#13;<br \/>\n&#13;<br \/>\n&#13;<br \/>\n&#13;<br \/>\n&#13;<br \/>\n&#13;<br \/>\n&#13;<br \/>\n&#13;<br \/>\n&#13;<br \/>\n&#13;<br \/>\n&#13;<br \/>\n&#13;<br \/>\n&#13;<br \/>\n&#13;<br \/>\n&#13;<br \/>\n&#13;<br \/>\n&#13;<br \/>\n&#13;<br \/>\n&#13;\n<\/p>\n<p class=\"chapter-paragraph\">L&#8217;esito della caduta poteva essere molto pi\u00f9 grave: \u00abPer fortuna non mi sono rotta nulla. Ma <b>ho un bernoccolo sulla fronte che ci ha fatto preoccupare un po\u2019 <\/b>e che si sta gi\u00e0 riassorbendo. Ora sto meglio. Grazie di cuore a tutti coloro che sono stati intorno a me in quell\u2019androne dove sono atterrata. Non serve nominarli, loro lo sanno. Io lo so. Grazie per essere le persone stupende che siete. E alla Ca\u2019 Granda di Milano, che da tanti secoli \u00e8 davvero la Casa di chi ha bisogno di cura\u00bb.<\/p>\n<p class=\"chapter-paragraph\">Immediati gli auguri di pronta guarigione da parte dei suoi tanti follower e di amici celebri, tra cui Antonella Clerici, che le ha scritto:\u00a0\u00abRiposati Csaba\u00bb.<\/p>\n<p class=\"is-last-update\" datetime=\"2026-07-10T09:04:12+02:00\">10 luglio 2026<\/p>\n<p class=\"is-copyright\">\n            \u00a9 RIPRODUZIONE RISERVATA\n        <\/p>\n","protected":false},"excerpt":{"rendered":"di Redazione Spettacoli Il volto di \u00abCortesia per gli ospiti\u00bb ha condiviso sui suoi profili social l&#8217;incidente che&hellip;\n","protected":false},"author":3,"featured_media":578183,"comment_status":"","ping_status":"","sticky":false,"template":"","format":"standard","meta":{"footnotes":"","_share_on_mastodon":"0"},"categories":[174],"tags":[2802,318545,10900,318546,318547,156273,311211,2664,1278,203,2611,6958,1346,318548,318549,830,298,318550,204,1537,90,89,1691,1222],"class_list":["post-578182","post","type-post","status-publish","format-standard","has-post-thumbnail","category-intrattenimento","tag-ambulanza","tag-bernoccolo","tag-condiviso","tag-condiviso-profili","tag-condiviso-profili-social","tag-csaba","tag-csaba-zorza","tag-cura","tag-davvero","tag-entertainment","tag-fortuna","tag-freddo","tag-fronte","tag-fronte-pavimento","tag-fronte-pavimento-freddo","tag-grave","tag-incidente","tag-incidente-riguardata","tag-intrattenimento","tag-it","tag-italia","tag-italy","tag-lunedi","tag-medici"],"share_on_mastodon":{"url":"https:\/\/pubeurope.com\/@it\/116894922624898394","error":""},"_links":{"self":[{"href":"https:\/\/www.europesays.com\/it\/wp-json\/wp\/v2\/posts\/578182","targetHints":{"allow":["GET"]}}],"collection":[{"href":"https:\/\/www.europesays.com\/it\/wp-json\/wp\/v2\/posts"}],"about":[{"href":"https:\/\/www.europesays.com\/it\/wp-json\/wp\/v2\/types\/post"}],"author":[{"embeddable":true,"href":"https:\/\/www.europesays.com\/it\/wp-json\/wp\/v2\/users\/3"}],"replies":[{"embeddable":true,"href":"https:\/\/www.europesays.com\/it\/wp-json\/wp\/v2\/comments?post=578182"}],"version-history":[{"count":0,"href":"https:\/\/www.europesays.com\/it\/wp-json\/wp\/v2\/posts\/578182\/revisions"}],"wp:featuredmedia":[{"embeddable":true,"href":"https:\/\/www.europesays.com\/it\/wp-json\/wp\/v2\/media\/578183"}],"wp:attachment":[{"href":"https:\/\/www.europesays.com\/it\/wp-json\/wp\/v2\/media?parent=578182"}],"wp:term":[{"taxonomy":"category","embeddable":true,"href":"https:\/\/www.europesays.com\/it\/wp-json\/wp\/v2\/categories?post=578182"},{"taxonomy":"post_tag","embeddable":true,"href":"https:\/\/www.europesays.com\/it\/wp-json\/wp\/v2\/tags?post=578182"}],"curies":[{"name":"wp","href":"https:\/\/api.w.org\/{rel}","templated":true}]}}