{"id":578315,"date":"2026-07-10T11:00:17","date_gmt":"2026-07-10T11:00:17","guid":{"rendered":"https:\/\/www.europesays.com\/it\/578315\/"},"modified":"2026-07-10T11:00:17","modified_gmt":"2026-07-10T11:00:17","slug":"libere-motogp-germania-raul-fernandez-precede-marc-marquez-che-cade","status":"publish","type":"post","link":"https:\/\/www.europesays.com\/it\/578315\/","title":{"rendered":"Libere MotoGp Germania, Raul Fernandez precede Marc Marquez che cade"},"content":{"rendered":"<p>                                Lo spagnolo dell&#8217;Aprilia Trackhouse il pi\u00f9 veloce della prima sessione davanti al campione del mondo della Ducati che cade in curva 3 a inizio giornata. Il romano della Ducati VR46 si conferma tra i migliori, Martin 10\u00b0<\/p>\n<p>            <a class=\"image is-50x50\" href=\"https:\/\/www.gazzetta.it\/redazione\/giusto-ferronato\/\" rel=\"nofollow noopener\" target=\"_blank\"><br \/>\n                <img decoding=\"async\" class=\"is-rounded\" src=\"https:\/\/www.europesays.com\/it\/wp-content\/uploads\/2026\/03\/giusto-ferronato-avatar.png\" alt=\"Giusto Ferronato\"\/><br \/>\n            <\/a><\/p>\n<p>Giornalista<\/p>\n<p>                    10 luglio &#8211; 11:52  &#8211; MILANO<\/p>\n<p class=\"paragraph\" spellcheck=\"true\">Raul Fernandez \u00e8 stato il pi\u00f9 veloce della prima sessione di prove libere del GP di Germania della MotoGP. Lo spagnolo dell\u2019Aprilia Trackhouse in 1\u201920\u201d829 ha preceduto di 51 millesimi il signore del Sachsenring, Marc Marquez. Lo spagnolo della Ducati ha confermato di essere molto veloce sul tracciato tedesco, ma la sua giornata non era iniziata nel migliore dei modi, con una scivolata in curva 3, per sua fortuna a bassa velocit\u00e0. Per\u00f2 \u00e8 stato un contrattempo che lo ha costretto a tornare ai box a piedi. Terzo tempo per Fabio Di Giannantonio con la Ducati VR46, al solito sempre molto positivo.\u00a0<\/p>\n<p>    aprilia in studio\u2014 \u00a0<\/p>\n<p class=\"paragraph is-inline\" spellcheck=\"true\">Buon quarto tempo per la Honda di Joan Mir. Aprilia ufficiale al momento in fase di studio, con Marco Bezzecchi ottavo e il leader iridato Jorge Martin decimo. Tra di loro, nono, Franco Morbidelli, vittima per\u00f2 di una caduta in curva 3 nel finale della sessione. Caduta rovinosa (soprattutto per la sua KTM) di Maverick Vinales in curva 11. Lo spagnolo ha preceduto Pedro Acosta, al rientro dopo l\u2019incidente. Indietro Francesco Bagnaia, 19\u00b0, e Luca Marini, 20\u00b0. Alle 15 le prequalifiche.\u00a0<\/p>\n<p><a class=\"is-partner-link\" href=\"https:\/\/ad.doubleclick.net\/ddm\/trackclk\/N1792338.340088CAIRORCSMEDIAS.P.\/B35025367.439955329;dc_trk_aid=633638278;dc_trk_cid=249314339;dc_dbm_token=%24%7bDC_DBM_TOKEN%7d;dc_lat=;dc_rdid=;tag_for_child_directed_treatment=;tfua=;gdpr=%24%7bGDPR%7d;gdpr_consent=%24%7bGDPR_CONSENT_755%7d;ltd=;dc_tdv=1\" rel=\"nofollow noopener\" target=\"_blank\">Non perderti tutti i Gran Premi di Formula 1\u00ae e MotoGP\u2122 in esclusiva streaming su NOW! Attiva il Pass Sport da 19,99\u20ac al mese.<\/a><\/p>\n<p>    le altre classi\u2014 \u00a0<\/p>\n<p class=\"paragraph is-inline\" spellcheck=\"true\">In Moto2 Manuel Gonzalez \u00e8 stato il pi\u00f9 veloce della  prima sessione di prove libere. Il pilota spagnolo su Kalex, leader della classifica, ha girato in 1&#8217;22&#8243;483 precedendo l&#8217;italiano Tony Arbolino (Kalex) a 0&#8243;165 e l&#8217;australiano Senna Agius (Kalex) a 0&#8243;212. Seguono Celestino Vietti (Boscoscuro) a 0&#8243;294 e Izan Guevara (Boscoscuro) a 0&#8243;404.  In Moto3 il pi\u00f9 veloce \u00e8 stato invece Alvaro Carpe. L\u2019iberico della KTM ha fermato il cronometro sull\u20191&#8217;25\u201d996, precedendo l&#8217;argentino Valentin Perrone (Ktm) di 0&#8243;188 e l&#8217;italiano Guido Pini (Honda) di 0&#8243;213. Seguono lo spagnolo Adrian Fernandez (Honda) a 0&#8243;218 e il giapponese Rusei Yamanaka (Ktm) a 0&#8243;234.<\/p>\n<p class=\"paragraph\" spellcheck=\"true\"><b>I TEMPI<\/b> I tempi della prima sessione di libere del GP di Germania MotoGP:\u00a0<br \/>1. Raul Fernandez (Spa-Aprilia) 1&#8217;20.829<br \/>2. Marc Marquez (Spa-Ducati) 1&#8217;20.880<br \/>3. Fabio Di Giannantonio (Ita-Ducati) 1&#8217;20.936<br \/>4. Joan Mir (Spa-Honda) 1&#8217;20.944<br \/>5. Jack Miller (Aus-Yamaha) 1&#8217;21.000<br \/>6. Alex Marquez (Spa-Ducati) 1&#8217;21.002<br \/>7. Alex Rins (Spa-Yamaha) 1&#8217;21.317<br \/>8. Marco Bezzecchi (Ita-Aprilia) 1&#8217;21.370<br \/>9. Franco Morbidelli (Ita-Ducati) 1&#8217;21.381<br \/>10. Jorge Martin (Spa-Aprilia) 1&#8217;21.492<br \/>11. Maverick Vi\u00f1ales (Spa-KTM) 1&#8217;21.500<br \/>12. Pedro Acosta (Spa-KTM) 1&#8217;21.585<br \/>13. Brad Binder (Rsa-KTM) 1&#8217;21.589<br \/>14. Enea Bastianini (Ita-KTM) 1&#8217;21.593<br \/>15. Fabio Quartararo (Fra-Yamaha) 1&#8217;21.685<br \/>16. Toprak Razgatlioglu (Tur-Yamaha) 1&#8217;21.726<br \/>17. Ai Ogura (Gia-Aprilia) 1&#8217;21.750<br \/>18. Diogo Moreira (Bra-Honda) 1&#8217;21.750<br \/>19. Francesco Bagnaia (Ita-Ducati) 1&#8217;21.765<br \/>20. Luca Marini (Ita-Honda) 1&#8217;21.789<br \/>21. Cal Crutchlow (GB-Honda) 1&#8217;22.583<\/p>\n<p class=\"is-copyright\">\u00a9 RIPRODUZIONE RISERVATA<\/p>\n","protected":false},"excerpt":{"rendered":"Lo spagnolo dell&#8217;Aprilia Trackhouse il pi\u00f9 veloce della prima sessione davanti al campione del mondo della Ducati che&hellip;\n","protected":false},"author":3,"featured_media":578316,"comment_status":"","ping_status":"","sticky":false,"template":"","format":"standard","meta":{"footnotes":"","_share_on_mastodon":"0"},"categories":[176],"tags":[3437,15511,3655,15546,2770,11507,3438,15559,3044,5183,6548,1537,90,1599,89,92337,1790,381,6233,3442,3443,318589,10864,3665,245,244,10870,318588],"class_list":["post-578315","post","type-post","status-publish","format-standard","has-post-thumbnail","category-sport","tag-aprilia","tag-aprilia-trackhouse","tag-bezzecchi","tag-boscoscuro","tag-caduta","tag-curva","tag-ducati","tag-fernandez","tag-germania","tag-giornata","tag-honda","tag-it","tag-italia","tag-italiano","tag-italy","tag-kalex","tag-ktm","tag-leader","tag-libere","tag-marquez","tag-martin","tag-precedendo","tag-sessione","tag-spagnolo","tag-sport","tag-sports","tag-veloce","tag-veloce-sessione"],"share_on_mastodon":{"url":"https:\/\/pubeurope.com\/@it\/116895339509159270","error":""},"_links":{"self":[{"href":"https:\/\/www.europesays.com\/it\/wp-json\/wp\/v2\/posts\/578315","targetHints":{"allow":["GET"]}}],"collection":[{"href":"https:\/\/www.europesays.com\/it\/wp-json\/wp\/v2\/posts"}],"about":[{"href":"https:\/\/www.europesays.com\/it\/wp-json\/wp\/v2\/types\/post"}],"author":[{"embeddable":true,"href":"https:\/\/www.europesays.com\/it\/wp-json\/wp\/v2\/users\/3"}],"replies":[{"embeddable":true,"href":"https:\/\/www.europesays.com\/it\/wp-json\/wp\/v2\/comments?post=578315"}],"version-history":[{"count":0,"href":"https:\/\/www.europesays.com\/it\/wp-json\/wp\/v2\/posts\/578315\/revisions"}],"wp:featuredmedia":[{"embeddable":true,"href":"https:\/\/www.europesays.com\/it\/wp-json\/wp\/v2\/media\/578316"}],"wp:attachment":[{"href":"https:\/\/www.europesays.com\/it\/wp-json\/wp\/v2\/media?parent=578315"}],"wp:term":[{"taxonomy":"category","embeddable":true,"href":"https:\/\/www.europesays.com\/it\/wp-json\/wp\/v2\/categories?post=578315"},{"taxonomy":"post_tag","embeddable":true,"href":"https:\/\/www.europesays.com\/it\/wp-json\/wp\/v2\/tags?post=578315"}],"curies":[{"name":"wp","href":"https:\/\/api.w.org\/{rel}","templated":true}]}}