{"id":578516,"date":"2026-07-10T13:35:15","date_gmt":"2026-07-10T13:35:15","guid":{"rendered":"https:\/\/www.europesays.com\/it\/578516\/"},"modified":"2026-07-10T13:35:15","modified_gmt":"2026-07-10T13:35:15","slug":"difesa-a-4-ai-mondiali-e-a-3-in-serie-a-ecco-perche","status":"publish","type":"post","link":"https:\/\/www.europesays.com\/it\/578516\/","title":{"rendered":"Difesa a 4 ai Mondiali e a 3 in Serie A: ecco perch\u00e9"},"content":{"rendered":"<p>                                Sei delle prime sette classificate del nostro campionato hanno difeso con tre uomini, a partire dall&#8217;Inter di Chivu campione d&#8217;Italia<\/p>\n<p>                    10 luglio 2026 (modifica alle 14:47)  &#8211; BOSTON (STATI UNITI)<\/p>\n<p>        <a href=\"https:\/\/www.gazzetta.it\/en\/football\/italian-football\/serie-a\/10-07-2026\/world-cup-back-four-serie-back-three-the-reasons.shtml\" class=\"button button--link-dark\" rel=\"nofollow noopener\" target=\"_blank\"><\/p>\n<p>            English version<\/p>\n<p>        <\/a><\/p>\n<p class=\"paragraph\" spellcheck=\"true\">Se ai quarti di finale del Mondiale sono arrivate solo squadre con la linea a quattro, la classifica dell\u2019ultima Serie A sembra uno spot della difesa a tre. Sei delle prime sette in classifica giocavano con tre centrali: che fosse 3-5-2 (Inter, Milan), 3-4-2-1 (Napoli, Roma), 3-4-3 (Juve), 3-4-1-2 (ogni tanto l\u2019Atalanta), si \u00e8 trattato di variazioni, non minime, ma sempre sullo stesso tema. Ci si chiudeva a cinque. Soltanto il Como \u00e8 sfuggito a questa regola e la tentazione di un\u2019equivalenza tra difesa a quattro e bel gioco \u00e8 forte. Sarebbe un errore, ma non si pu\u00f2 negare che, rispetto allo scenario internazionale top, noi siamo quelli che meno ricorrono alla difesa a quattro. Pi\u00f9 difensivi?<\/p>\n<p>        Inter\u2014 \u00a0<\/p>\n<p class=\"paragraph\" spellcheck=\"true\">Non \u00e8 per forza cos\u00ec. Non \u00e8 difensivo Gasp, non \u00e8 difensivo Spalletti, che poi le loro squadre riescano sempre a essere offensive \u00e8 un\u2019altra storia. Sono pragmatici Conte e Chivu. Allegri ha sicuramente atteggiamenti pi\u00f9 &#8216;protettivi&#8217;. Palladino ha elaborato la lezione di Gasp in maniera personale. Qualcosa per\u00f2 quest\u2019anno potrebbe cambiare anche per il girotondo di panchine o per la ricerca di nuove idee. Chivu l\u2019anno scorso ha capito che l\u2019Inter gli sarebbe sfuggita di mano se l\u2019avesse stravolta dopo il ciclo Conte-Inzaghi. Per\u00f2 quest\u2019anno potrebbe cercare altre soluzioni, forse una linea offensiva pi\u00f9 ampia. Dipender\u00e0 anche dal mercato. Al momento difficile ipotizzare quattro dietro.<\/p>\n<p>        A tre\u2014 \u00a0<\/p>\n<p class=\"paragraph\" spellcheck=\"true\">L\u2019estate porta spesso sogni poi infranti. Allegri doveva giocare a quattro nel Milan, poi, appena cominciato, \u00e8 stato 3-5-2 con tutti i pro e i contro: difesa pi\u00f9 blindata, giocatori fuori ruolo a cominciare da Leao centravanti. I campetti del suo futuro Napoli per ora sono a quattro. Vedremo. Nel Milan \u00e8 arrivato Amorim il cui sistema di riferimento \u00e8 il 3-4-2-1, anche se allo United ha fatto ricorso spesso al 4-2-3-1. Anche per lui \u00e8 tempo di studio e ambientamento. Difficile che Gasp rinunci ai tre dietro e all\u2019uomo su uomo in marcatura, \u00e8 il suo calcio e nella Roma non pu\u00f2 che migliorare dopo la prima stagione.<\/p>\n<p>        A quattro\u2014 \u00a0<\/p>\n<p class=\"paragraph\" spellcheck=\"true\">Fabregas difficilmente rinuncer\u00e0 alla linea a quattro. Dal mercato si capisce che il Como sta perfezionando il bel giocattolo. Spalletti viene dalla linea a quattro anche se \u00e8 stato tra i primi a &#8216;ufficializzare&#8217; quella a tre e mezzo nella sua Roma. In Nazionale ha cercato di variare ma il discorso che ha fatto \u00e8 chiaro: &#8220;Se tutti i club top giocano a tre, mi ritrovo convocati da tre&#8221;. Come dargli torto? L\u2019impressione \u00e8 che la nuova Juve, per\u00f2, sar\u00e0 a quattro. Cos\u00ec come l\u2019Atalanta che, avendo scelto Sarri, sa come si schierer\u00e0 in difesa. Non necessariamente 4-3-3: Sarri ha sempre cercato variazioni dai tempi del Chelsea.<\/p>\n<p><a class=\"is-partner-link\" href=\"https:\/\/abbonamenti.gazzetta.it\/de-promo-mondiali\/?pwcmp=cta&amp;forceBrowser=true\" rel=\"nofollow noopener\" target=\"_blank\">Gazzetta Mondiale: ogni notte un\u2019edizione straordinaria esclusiva. Non perdertela, abbonati a 1\u20ac\/mese!<\/a><\/p>\n<p>        Le altre\u2014 \u00a0<\/p>\n<p class=\"paragraph\" spellcheck=\"true\">Il nuovo Bologna di Tedesco e la Fiorentina di Grosso sembrano destinate a un campionato con la difesa a quattro. Idem il Sassuolo di Aquilani che ha detto subito di ispirarsi a De Zerbi. Si pu\u00f2 prevedere una linea a tre per il Monza che ha ingaggiato Juric. Gattuso ha sempre detto che il ricorso a tre nell\u2019Italia era un\u2019emergenza: quindi anche la Lazio non cambier\u00e0 dopo Sarri. Runjaic ha sempre schierato a tre l\u2019Udinese e anche Di Francesco, ex 4-3-3, ha virato sui tre negli ultimi anni. Certo, l\u2019Europa, almeno quella che vince o arriva in fondo, \u00e8 sempre a quattro. Ma pi\u00f9 che tattica sembra questione di atteggiamento, corsa, personalit\u00e0, qualit\u00e0\u2026<\/p>\n<p class=\"is-copyright\">\u00a9 RIPRODUZIONE RISERVATA<\/p>\n","protected":false},"excerpt":{"rendered":"Sei delle prime sette classificate del nostro campionato hanno difeso con tre uomini, a partire dall&#8217;Inter di Chivu&hellip;\n","protected":false},"author":3,"featured_media":509369,"comment_status":"","ping_status":"","sticky":false,"template":"","format":"standard","meta":{"footnotes":"","_share_on_mastodon":"0"},"categories":[1452],"tags":[3076,318681,318682,318683,318684,1495,569,3666,721,1856,1330,2839,1932,3705,2790,6257,767,6927,4975,1740,5593,350,1537,90,89,565,87269,4781,1412,553,1353,248,4425,406,987,13788,1821,1739,24806,245,244,10976,3413,115909],"class_list":["post-578516","post","type-post","status-publish","format-standard","has-post-thumbnail","category-calcio","tag-allegri","tag-allegri-doveva","tag-allegri-doveva-giocare","tag-allegri-sicuramente","tag-allegri-sicuramente-atteggiamenti","tag-altre","tag-atalanta","tag-bel","tag-calcio","tag-campionato","tag-cercato","tag-chivu","tag-classifica","tag-como","tag-conte","tag-difensivo","tag-difesa","tag-difficile","tag-fabregas","tag-football","tag-gasp","tag-inter","tag-it","tag-italia","tag-italy","tag-juve","tag-juve-atalanta","tag-linea","tag-mercato","tag-milan","tag-mondiale","tag-napoli","tag-prime","tag-ricorso","tag-roma","tag-sarri","tag-serie","tag-soccer","tag-spalletti","tag-sport","tag-sports","tag-squadre","tag-top","tag-variazioni"],"share_on_mastodon":{"url":"https:\/\/pubeurope.com\/@it\/116895948966916910","error":""},"_links":{"self":[{"href":"https:\/\/www.europesays.com\/it\/wp-json\/wp\/v2\/posts\/578516","targetHints":{"allow":["GET"]}}],"collection":[{"href":"https:\/\/www.europesays.com\/it\/wp-json\/wp\/v2\/posts"}],"about":[{"href":"https:\/\/www.europesays.com\/it\/wp-json\/wp\/v2\/types\/post"}],"author":[{"embeddable":true,"href":"https:\/\/www.europesays.com\/it\/wp-json\/wp\/v2\/users\/3"}],"replies":[{"embeddable":true,"href":"https:\/\/www.europesays.com\/it\/wp-json\/wp\/v2\/comments?post=578516"}],"version-history":[{"count":0,"href":"https:\/\/www.europesays.com\/it\/wp-json\/wp\/v2\/posts\/578516\/revisions"}],"wp:featuredmedia":[{"embeddable":true,"href":"https:\/\/www.europesays.com\/it\/wp-json\/wp\/v2\/media\/509369"}],"wp:attachment":[{"href":"https:\/\/www.europesays.com\/it\/wp-json\/wp\/v2\/media?parent=578516"}],"wp:term":[{"taxonomy":"category","embeddable":true,"href":"https:\/\/www.europesays.com\/it\/wp-json\/wp\/v2\/categories?post=578516"},{"taxonomy":"post_tag","embeddable":true,"href":"https:\/\/www.europesays.com\/it\/wp-json\/wp\/v2\/tags?post=578516"}],"curies":[{"name":"wp","href":"https:\/\/api.w.org\/{rel}","templated":true}]}}