{"id":578520,"date":"2026-07-10T13:39:15","date_gmt":"2026-07-10T13:39:15","guid":{"rendered":"https:\/\/www.europesays.com\/it\/578520\/"},"modified":"2026-07-10T13:39:15","modified_gmt":"2026-07-10T13:39:15","slug":"beautiful-anticipazioni-dal-13-al-19-luglio-la-proposta-di-carter-a-hope","status":"publish","type":"post","link":"https:\/\/www.europesays.com\/it\/578520\/","title":{"rendered":"Beautiful, anticipazioni dal 13 al 19 luglio: la proposta di Carter a Hope"},"content":{"rendered":"<p>Tra colpi di scena, momenti di suspense, amori e intrighi prosegue con successo l&#8217;appuntamento quotidiano con la soap opera americana <a href=\"https:\/\/www.ilmattino.it\/t\/beautiful\" rel=\"nofollow noopener\" target=\"_blank\">Beautiful<\/a>, in onda ogni giorno nel palinsesto di <strong>Canale 5<\/strong> alle ore 13,45 e on demand su <strong>Mediaset Infinity.<\/strong> Nelle prossime puntate inedite si torner\u00e0 a parlare del futuro della linea di moda di <strong>Hope Logan<\/strong> (Annika Noelle) e del possibile suo fallimento a causa del crollo di fatturato dopo l&#8217;uscita di scena del capo stilista <strong>Thomas Forrester.<\/strong> Per salvare la collezione arriver\u00e0 una proposta a sorpresa di Carter (Lawrence Saint Victor). Un altro punto cruciale della trama sar\u00e0 la malattia di Taylor (Rebecca Budig) che trover\u00e0 il coraggio di parlarne col suo ex marito Ridge (Thosten Kaye). Ecco nel dettaglio che cosa succeder\u00e0.<\/p>\n","protected":false},"excerpt":{"rendered":"Tra colpi di scena, momenti di suspense, amori e intrighi prosegue con successo l&#8217;appuntamento quotidiano con la soap&hellip;\n","protected":false},"author":3,"featured_media":578521,"comment_status":"","ping_status":"","sticky":false,"template":"","format":"standard","meta":{"footnotes":"","_share_on_mastodon":"0"},"categories":[1444],"tags":[1518,16275,685,203,204,1537,90,89,73907,9060,9100,11579,33298,242,253],"class_list":["post-578520","post","type-post","status-publish","format-standard","has-post-thumbnail","category-tv","tag-anticipazioni","tag-beautiful","tag-canale-5","tag-entertainment","tag-intrattenimento","tag-it","tag-italia","tag-italy","tag-katherine-kelly-lang","tag-mediaset","tag-serie-tv","tag-soap","tag-soap-opera","tag-stati-uniti","tag-tv"],"share_on_mastodon":{"url":"","error":""},"_links":{"self":[{"href":"https:\/\/www.europesays.com\/it\/wp-json\/wp\/v2\/posts\/578520","targetHints":{"allow":["GET"]}}],"collection":[{"href":"https:\/\/www.europesays.com\/it\/wp-json\/wp\/v2\/posts"}],"about":[{"href":"https:\/\/www.europesays.com\/it\/wp-json\/wp\/v2\/types\/post"}],"author":[{"embeddable":true,"href":"https:\/\/www.europesays.com\/it\/wp-json\/wp\/v2\/users\/3"}],"replies":[{"embeddable":true,"href":"https:\/\/www.europesays.com\/it\/wp-json\/wp\/v2\/comments?post=578520"}],"version-history":[{"count":0,"href":"https:\/\/www.europesays.com\/it\/wp-json\/wp\/v2\/posts\/578520\/revisions"}],"wp:featuredmedia":[{"embeddable":true,"href":"https:\/\/www.europesays.com\/it\/wp-json\/wp\/v2\/media\/578521"}],"wp:attachment":[{"href":"https:\/\/www.europesays.com\/it\/wp-json\/wp\/v2\/media?parent=578520"}],"wp:term":[{"taxonomy":"category","embeddable":true,"href":"https:\/\/www.europesays.com\/it\/wp-json\/wp\/v2\/categories?post=578520"},{"taxonomy":"post_tag","embeddable":true,"href":"https:\/\/www.europesays.com\/it\/wp-json\/wp\/v2\/tags?post=578520"}],"curies":[{"name":"wp","href":"https:\/\/api.w.org\/{rel}","templated":true}]}}