{"id":578549,"date":"2026-07-10T14:02:14","date_gmt":"2026-07-10T14:02:14","guid":{"rendered":"https:\/\/www.europesays.com\/it\/578549\/"},"modified":"2026-07-10T14:02:14","modified_gmt":"2026-07-10T14:02:14","slug":"abate-voglio-un-torino-aggressivo-e-che-tenga-palla","status":"publish","type":"post","link":"https:\/\/www.europesays.com\/it\/578549\/","title":{"rendered":"Abate: &#8220;Voglio un Torino aggressivo e che tenga palla&#8221;"},"content":{"rendered":"<p>                                Presentato il nuovo allenatore nel giorno del raduno: &#8220;Zapata\u00a0sar\u00e0 il capitano, \u00e8 un giocatore importante. Mi aspetto tanto da lui. Mercato? Abbiamo individuato delle priorit\u00e0&#8221;<\/p>\n<p class=\"paragraph\" spellcheck=\"true\">Raduno al mattino, presentazione a met\u00e0 giornata. L\u2019avventura di <a href=\"https:\/\/www.gazzetta.it\/Calcio\/Serie-A\/Torino\/08-07-2026\/duvan-zapata-torino-c-e-il-rinnovo-del-contratto-fino-al-2028.shtml?intcmp=hyperlink-articolo-gazit\" title=\"Duvan Zapata, Toro a vita: il capitano granata rinnova fino al 2028\" target=\"_blank\" rel=\"nofollow noopener\">Ignazio Abate <\/a>sulla panchina del Toro \u00e8 scattata con un giro lanciato. Concetti semplici, parole chiave scolpite: \u201cCi metter\u00f2 il cuore, la passione, tutto me stesso: il mio Toro dovr\u00e0 essere molto riconoscibile, e coraggioso\u201d, racconta il nuovo tecnico granata mentre ha accanto il direttore sportivo Gianluca Petrachi. \u201cAvevo voglia di un cambiamento perch\u00e9 mi piacerebbe fare un calcio diverso, un po\u2019 pi\u00f9 come piace a me \u2013 racconta Petrachi -, cercando di lavorare sui giovani, vorrei giovani italiani, e portando pi\u00f9 freschezza. Abate ha dimostrato di avere delle idee importanti, la sua scelta si sposa con questa prospettiva di avere un Toro garibaldino. Ignazio ha trasferito energie, delle idee che condivido in pieno. La nostra ambizione \u00e8 di diventare la mina vagante del campionato\u201d.\u00a0<\/p>\n<p>        l&#8217;anima\u2014 \u00a0<\/p>\n<p class=\"paragraph\" spellcheck=\"true\">Si riparte dalle motivazioni di una scelta. \u201cE\u2019 stato semplicissimo accettare il Toro \u2013 dice Abate che in granata ha gi\u00e0 giocato da calciatore -: questa \u00e8 una piazza enorme, \u00e8 una maglia che pesa, qui la gente vive il calcio con grandissima passione. Io ho bisogno di sentirlo, e mi riconosco nei valori storici del Toro\u201d. Le linee guida del nuovo corso saranno proiettate a \u201cricreare energia, quel legame forte con la nostra gente. Ai tifosi non vendo fumo \u2013 prosegue Abate -, l\u2019impegno \u00e8 di avere una squadra che giochi con grande passione e con grande orgoglio. I ragazzi capiranno dal primo giorno cosa significa indossare questa maglia\u201d. Abate ricorda la sua prima volta al Toro, nel 2008 da calciatore: \u201cIn giovanissima et\u00e0 ho avuto la fortuna di toccare con mano questa realt\u00e0, di indossare questa maglia. Qui si respira la storia: dopo molti anni \u00e8 cambiato molto e in meglio da un punto di vista organizzativo. Ho trovato una grandissima organizzazione, un centro sportivo (il Filadelfia, ndr) molto bello.\u00a0\u00c8 un piacere e un onore starci dentro dalla mattina alla sera. Torino \u00e8 una piazza enorme, avverti il peso della maglia, per me \u00e8 un onore e anche una grande responsabilit\u00e0. Cercher\u00f2 di rispettare tutto questo giorno dopo giorno\u201d. E ricorda: \u201cQuando da calciatore sono arrivato al Filadelfia mi sono sentito subito a casa. In mezzo a quei palazzi si respira un\u2019anima popolare, e io vivo di emozioni\u201d.\u00a0<\/p>\n<p>        come sar\u00e0\u2014 \u00a0<\/p>\n<p class=\"paragraph\" spellcheck=\"true\">Il nuovo Toro \u00e8 partito, dunque, in mattinata radunandosi al Filadelfia, domani allenamento a porte aperte al Filadelfia (dalle 9.45), da luned\u00ec ritiro a Pinzolo. Come sar\u00e0 il Toro di Abate? \u201cIl mio sar\u00e0 un Toro riconoscibile, vogliamo creare una grande identit\u00e0 \u2013 spiega il tecnico -. Questa \u00e8 la base. Vorrei un calcio propositivo, nel quale si cerchi di dominare il gioco, tenere la palla, un calcio aggressivo. Non sono un talebano dei moduli, ma lavorer\u00f2 per avere una squadra coraggiosa, una squadra che guardi fisso negli occhi gli avversari, senza mollare un centimetro\u201d. E sottolinea: \u201cI numeri, i moduli, sono relativi. Quello che \u00e8 importante \u00e8 il percorso, cercheremo di impostare la squadra partendo a tre, poi troveremo delle soluzioni. L\u2019obiettivo \u00e8 creare un gruppo forte con un\u2019anima forte: sono le fondamenta. Servono valori umani forti: dobbiamo prendere gente che vede Torino come una tappa importantissima della sua carriera, come se fosse il Real Madrid. Il mio primo obiettivo in assoluto \u00e8 che i valori morali devono essere alti\u201d. Confermato Zapata capitano: \u201cDuvan sar\u00e0 il capitano, \u00e8 un giocatore importante. Mi aspetto tanto da lui, come punto di riferimento sia dentro lo spogliatoio sia nel rettangolo verde. Ha caratteristiche particolari\u201d. Oltre a Zapata, nel nuovo Toro ci saranno anche Simeone e Vlasic: \u201cSono giocatori importanti, da loro mi aspetto molto ma soprattutto da un punto vista umano\u201d.\u00a0<\/p>\n<p><a class=\"is-partner-link\" href=\"https:\/\/abbonamenti.gazzetta.it\/de-promo-mondiali\/?pwcmp=cta&amp;forceBrowser=true\" rel=\"nofollow noopener\" target=\"_blank\">Gazzetta Mondiale: ogni notte un\u2019edizione straordinaria esclusiva. Non perdertela, abbonati a 1\u20ac\/mese!<\/a><\/p>\n<p>        il mercato\u2014 \u00a0<\/p>\n<p class=\"paragraph\" spellcheck=\"true\">Luned\u00ec comincer\u00e0 il ritiro a Pinzolo. \u201cLavorer\u00f2 sui principi di squadra fin dal primo giorno, sulla nostra idea di calcio. Nella rosa ci sono tanti giocatori che saranno protagonisti e tanti giovani interessanti\u201d. Uno di questi \u00e8 Alessio Cacciamani, classe 2007, che Abate ha gi\u00e0 allenato alla Juve Stabia lo scorso anno, talento che \u00e8 cresciuto nel vivaio granata. \u201cE\u2019 un ragazzo giovane, serio, che ha delle ottime qualit\u00e0: alla Juve Stabia l\u2019ho utilizzato da quinto di squilibrio a sinistra, si \u00e8 sacrificato, \u00e8 un\u2019opzione e credo che in questa posizione riesca ad esprimere meglio le sue potenzialit\u00e0. Ma vediamo dove lo porter\u00e0 la sua evoluzione tattica, non mi precludo niente\u201d. Dal mercato \u00e8 gi\u00e0 arrivato Gaetano Oristanio, sulle prospettive della campagna acquisti dice: \u201cNon abbiamo fretta, sappiamo che abbiamo dei buchi e abbiamo individuato delle priorit\u00e0: andiamo dritti sui profili che ci servono, non prenderemo tanto per prendere. Vogliamo gente funzionale\u201d.<\/p>\n<p class=\"is-copyright\">\u00a9 RIPRODUZIONE RISERVATA<\/p>\n","protected":false},"excerpt":{"rendered":"Presentato il nuovo allenatore nel giorno del raduno: &#8220;Zapata\u00a0sar\u00e0 il capitano, \u00e8 un giocatore importante. Mi aspetto tanto&hellip;\n","protected":false},"author":3,"featured_media":578550,"comment_status":"","ping_status":"","sticky":false,"template":"","format":"standard","meta":{"footnotes":"","_share_on_mastodon":"0"},"categories":[1452],"tags":[63862,7678,3077,8788,2281,721,8230,54927,318689,2665,3881,30596,1740,3440,4965,564,23275,318690,3412,1598,5197,66930,6108,46789,48,318691,2666,6158,318692,25555,49816,1537,90,89,565,15648,318693,1691,2219,1412,46559,809,11044,3171,1950,116505,5543,318694,11928,8004,26060,494,11631,1739,245,244,1857,5517,318688,28749,29202],"class_list":["post-578549","post","type-post","status-publish","format-standard","has-post-thumbnail","category-calcio","tag-abate","tag-anima","tag-arrivato","tag-aspetto","tag-calciatore","tag-calcio","tag-capitano","tag-capitano-giocatore","tag-capitano-giocatore-importante","tag-creare","tag-enorme","tag-filadelfia","tag-football","tag-forte","tag-gente","tag-giocatore","tag-giocatore-importante","tag-giocatore-importante-aspetto","tag-giocatori","tag-giovani","tag-granata","tag-grandissima","tag-idee","tag-ignazio","tag-importante","tag-importante-aspetto","tag-importanti","tag-individuato","tag-individuato-priorita","tag-indossare","tag-indossare-maglia","tag-it","tag-italia","tag-italy","tag-juve","tag-juve-stabia","tag-lavorero","tag-lunedi","tag-maglia","tag-mercato","tag-moduli","tag-obiettivo","tag-onore","tag-palla","tag-passione","tag-petrachi","tag-piazza","tag-piazza-enorme","tag-pinzolo","tag-prendere","tag-priorita","tag-punto","tag-punto-vista","tag-soccer","tag-sport","tag-sports","tag-squadra","tag-toro","tag-toro-abate","tag-valori","tag-zapata"],"share_on_mastodon":{"url":"","error":"Validation failed: Text character limit of 500 exceeded"},"_links":{"self":[{"href":"https:\/\/www.europesays.com\/it\/wp-json\/wp\/v2\/posts\/578549","targetHints":{"allow":["GET"]}}],"collection":[{"href":"https:\/\/www.europesays.com\/it\/wp-json\/wp\/v2\/posts"}],"about":[{"href":"https:\/\/www.europesays.com\/it\/wp-json\/wp\/v2\/types\/post"}],"author":[{"embeddable":true,"href":"https:\/\/www.europesays.com\/it\/wp-json\/wp\/v2\/users\/3"}],"replies":[{"embeddable":true,"href":"https:\/\/www.europesays.com\/it\/wp-json\/wp\/v2\/comments?post=578549"}],"version-history":[{"count":0,"href":"https:\/\/www.europesays.com\/it\/wp-json\/wp\/v2\/posts\/578549\/revisions"}],"wp:featuredmedia":[{"embeddable":true,"href":"https:\/\/www.europesays.com\/it\/wp-json\/wp\/v2\/media\/578550"}],"wp:attachment":[{"href":"https:\/\/www.europesays.com\/it\/wp-json\/wp\/v2\/media?parent=578549"}],"wp:term":[{"taxonomy":"category","embeddable":true,"href":"https:\/\/www.europesays.com\/it\/wp-json\/wp\/v2\/categories?post=578549"},{"taxonomy":"post_tag","embeddable":true,"href":"https:\/\/www.europesays.com\/it\/wp-json\/wp\/v2\/tags?post=578549"}],"curies":[{"name":"wp","href":"https:\/\/api.w.org\/{rel}","templated":true}]}}