{"id":578551,"date":"2026-07-10T14:03:18","date_gmt":"2026-07-10T14:03:18","guid":{"rendered":"https:\/\/www.europesays.com\/it\/578551\/"},"modified":"2026-07-10T14:03:18","modified_gmt":"2026-07-10T14:03:18","slug":"alba-parietti-accusata-di-modificare-una-foto-di-lei-da-ragazza","status":"publish","type":"post","link":"https:\/\/www.europesays.com\/it\/578551\/","title":{"rendered":"Alba Parietti accusata di modificare una foto di lei da ragazza"},"content":{"rendered":"<p>                                La showgirl ha pubblicato uno scatto di lei a 13 anni, ma molti l&#8217;hanno accusata di averlo modificato<\/p>\n<p>                    10 luglio &#8211; 14:43  &#8211; MILANO<\/p>\n<p class=\"paragraph\" spellcheck=\"true\"><b>Alba Parietti<\/b> \u00e8 finita nel mirino degli hater a causa di una <b>vecchia fototessera risalente al 1975<\/b>. La showgirl, oggi sessantacinquenne (compiuti il 2 luglio), ha condiviso con i follower uno scatto tenero di quando aveva 13 anni, ricevuto dalla sua amica d&#8217;infanzia Patrizia Perrone. Tuttavia, quello che doveva essere un nostalgico tuffo nel passato si \u00e8 trasformato in un campo di battaglia: tra chi ha lodato &#8220;gli <b>occhi inconfondibili<\/b>&#8221; della conduttrice, si sono fatti strada i soliti maligni, pronti ad <b>accusarla di aver ritoccato l&#8217;immagine<\/b>. &#8220;Si ritocca persino le foto da ragazzina, <b>qui ci sono seri problemi davvero<\/b>&#8220;, ha sentenziato un utente, scatenando la furia della diretta interessata, che non ha esitato a replicare in modo lapidario: &#8220;<b>Tu hai problemi seri<\/b>&#8220;.<\/p>\n<p>        <img decoding=\"async\" loading=\"lazy\" alt=\"\" src=\"https:\/\/dimages2.gazzettaobjects.it\/files\/image_527_789_h\/uploads\/2026\/07\/10\/6a50e6c794a82.jpeg\" data-full-src=\"https:\/\/www.europesays.com\/it\/wp-content\/uploads\/2026\/07\/6a50e6c794a82.jpeg\"\/><\/p>\n<p>    alba parietti ha modificato una foto da ragazza? la risposta\u2014 \u00a0<\/p>\n<p class=\"paragraph is-inline\" spellcheck=\"true\">La Parietti non \u00e8 rimasta in silenzio e ha chiarito la natura dello scatto, spiegando che la foto non \u00e8 stata ritoccata da lei, ma semplicemente <b>trasformata da una versione in bianco e nero a una a colori grazie all&#8217;intelligenza artificiale<\/b>, che ha persino aggiunto delle lentiggini non presenti in origine. &#8220;Patrizia, che voleva regalarmi un sorriso, me lo ha dato davvero&#8221;, ha precisato la showgirl, smentendo le congetture sull&#8217;uso improprio di filtri.<\/p>\n<p class=\"paragraph\" spellcheck=\"true\">Non \u00e8 la prima volta che Alba affronta le critiche sul suo aspetto sui social e, stanca dei giudizi gratuiti, ha deciso di <b>rispondere con un lungo sfogo<\/b>: &#8220;Qualcuno mi giudica perch\u00e9 metto i filtri? <b>Si chiama peccato di vanit\u00e0<\/b>. La vanit\u00e0 fine a se stessa \u00e8 una debolezza dandy, non \u00e8 un peccato. L\u2019invidia, la disonest\u00e0 intellettuale, la stupidit\u00e0 e la cattiveria lo sono&#8221;.<\/p>\n<p>    alba parietti: &#8220;voglio piacere a me&#8221;\u2014 \u00a0<\/p>\n<p class=\"paragraph is-inline\" spellcheck=\"true\">Nonostante le polemiche sulla veridicit\u00e0 dell&#8217;immagine, la conduttrice ha colto l&#8217;occasione per ribadire la sua <b>fierezza per la donna che \u00e8 diventata<\/b>, rivendicando con forza la propria integrit\u00e0. &#8220;Di tutto mi si pu\u00f2 accusare ma non di mostrare un\u2019altra me&#8221;, ha sottolineato la showgirl, dichiarando di <b>non voler mentire n\u00e9 cercare l&#8217;approvazione di chiunque a ogni costo<\/b>. &#8220;Desidero continuare a piacere a me&#8221;, ha ribadito con fermezza, aggiungendo di essere orgogliosa di <b>essere &#8220;libera, allegra, dignitosa&#8221;<\/b>.<\/p>\n<p><a class=\"is-partner-link\" href=\"https:\/\/abbonamenti.gazzetta.it\/de-promo-mondiali\/?pwcmp=cta&amp;forceBrowser=true\" rel=\"nofollow noopener\" target=\"_blank\">Gazzetta Mondiale: ogni notte un\u2019edizione straordinaria esclusiva. Non perdertela, abbonati a 1\u20ac\/mese!<\/a><\/p>\n<p class=\"paragraph\" spellcheck=\"true\">La Parietti ha concluso rivolgendo una sfida ai suoi detrattori: &#8220;Provate a deridermi o giudicarmi per qualcosa che riguarda la mia etica, la mia coerenza, la mia integrit\u00e0, la mia tenacia, determinazione, forza o morale, poi <b>comparate la vostra alla mia e vediamo chi \u00e8 davvero ridicolo<\/b>&#8220;.<\/p>\n<p class=\"is-above-copyright is-mr-r-10\" spellcheck=\"true\">La Gazzetta dello Sport<\/p>\n<p class=\"is-copyright\">\u00a9 RIPRODUZIONE RISERVATA<\/p>\n","protected":false},"excerpt":{"rendered":"La showgirl ha pubblicato uno scatto di lei a 13 anni, ma molti l&#8217;hanno accusata di averlo modificato&hellip;\n","protected":false},"author":3,"featured_media":578552,"comment_status":"","ping_status":"","sticky":false,"template":"","format":"standard","meta":{"footnotes":"","_share_on_mastodon":"0"},"categories":[1451],"tags":[61231,318696,318697,318698,318699,318700,1236,318701,8714,27059,1621,1620,1396,1278,203,26664,228,318695,6852,1377,204,1537,90,89,54443,31691,38681,17736,3277,1920,21876,110110,23024,42587],"class_list":["post-578551","post","type-post","status-publish","format-standard","has-post-thumbnail","category-celebrita","tag-accusare","tag-accusare-mostrare","tag-accusare-mostrare-altra","tag-accusarla","tag-accusarla-ritoccato","tag-accusarla-ritoccato-immagine","tag-accusata","tag-accusata-modificato","tag-alba","tag-alba-parietti","tag-celebrita","tag-celebrities","tag-conduttrice","tag-davvero","tag-entertainment","tag-filtri","tag-foto","tag-foto-ragazza","tag-immagine","tag-integrita","tag-intrattenimento","tag-it","tag-italia","tag-italy","tag-modificato","tag-parietti","tag-patrizia","tag-piacere","tag-problemi","tag-ragazza","tag-scatto","tag-seri","tag-showgirl","tag-vanita"],"share_on_mastodon":{"url":"https:\/\/pubeurope.com\/@it\/116896059845715776","error":""},"_links":{"self":[{"href":"https:\/\/www.europesays.com\/it\/wp-json\/wp\/v2\/posts\/578551","targetHints":{"allow":["GET"]}}],"collection":[{"href":"https:\/\/www.europesays.com\/it\/wp-json\/wp\/v2\/posts"}],"about":[{"href":"https:\/\/www.europesays.com\/it\/wp-json\/wp\/v2\/types\/post"}],"author":[{"embeddable":true,"href":"https:\/\/www.europesays.com\/it\/wp-json\/wp\/v2\/users\/3"}],"replies":[{"embeddable":true,"href":"https:\/\/www.europesays.com\/it\/wp-json\/wp\/v2\/comments?post=578551"}],"version-history":[{"count":0,"href":"https:\/\/www.europesays.com\/it\/wp-json\/wp\/v2\/posts\/578551\/revisions"}],"wp:featuredmedia":[{"embeddable":true,"href":"https:\/\/www.europesays.com\/it\/wp-json\/wp\/v2\/media\/578552"}],"wp:attachment":[{"href":"https:\/\/www.europesays.com\/it\/wp-json\/wp\/v2\/media?parent=578551"}],"wp:term":[{"taxonomy":"category","embeddable":true,"href":"https:\/\/www.europesays.com\/it\/wp-json\/wp\/v2\/categories?post=578551"},{"taxonomy":"post_tag","embeddable":true,"href":"https:\/\/www.europesays.com\/it\/wp-json\/wp\/v2\/tags?post=578551"}],"curies":[{"name":"wp","href":"https:\/\/api.w.org\/{rel}","templated":true}]}}