{"id":578791,"date":"2026-07-10T17:16:33","date_gmt":"2026-07-10T17:16:33","guid":{"rendered":"https:\/\/www.europesays.com\/it\/578791\/"},"modified":"2026-07-10T17:16:33","modified_gmt":"2026-07-10T17:16:33","slug":"spice-girls-e-margaret-thatcher-la-polemica-del-1996-e-ripartita","status":"publish","type":"post","link":"https:\/\/www.europesays.com\/it\/578791\/","title":{"rendered":"Spice Girls e Margaret Thatcher la polemica del 1996 \u00e8 ripartita"},"content":{"rendered":"<p data-journey-content=\"true\" data-node-id=\"4\" class=\"css-1ood0zq emevuu60\">Cosa pensare di un artista che sceglie uno schieramento politico impopolare? Il dilemma \u00e8 annoso. Due anni fa, in piena cancel culture, <a href=\"https:\/\/www.marieclaire.it\/attualita\/news-appuntamenti\/a60568616\/separare-artista-dall-opera-dilemma\/\" target=\"_blank\" data-vars-ga-outbound-link=\"https:\/\/www.marieclaire.it\/attualita\/news-appuntamenti\/a60568616\/separare-artista-dall-opera-dilemma\/\" data-vars-ga-ux-element=\"Hyperlink\" data-vars-ga-call-to-action=\"una saggista scrisse un libro interessante\" data-node-id=\"4.1\" class=\"body-link css-17yqdwx emevuu60\" rel=\"nofollow noopener\">una saggista scrisse un libro interessante<\/a> in cui si &#8211; e ci &#8211; domandava se si possa scindere l&#8217;arte da chi la fa. Ma il problema non \u00e8 stato affatto risolto e ci tormenta ogni volta che un cantante o un attore che apprezziamo rilascia qualche dichiarazione pubblica deludente che riguarda soprattutto la politica. Cosa fare, per\u00f2, se a rimanere delusa \u00e8 una persona che con quell&#8217;artista ci lavorava e ha condiviso il successo? Lo ha raccontato di recente l&#8217;ex Spice Girls Mel C, che ai tempi della massima popolarit\u00e0 della band ha avuto questo problema con la collega Geri Halliwell.<\/p>\n<p>Antefatto della polemica: perch\u00e9 &#8220;Thatcher no&#8221;?<\/p>\n<p data-journey-content=\"true\" data-node-id=\"12\" class=\"css-1ood0zq emevuu60\">Per capire l&#8217;argomento occorre uno spiegone d&#8217;infarinatura, per chi ai tempi era molto giovane. \u00c8 un bene che ognuno abbia la sua libert\u00e0 di scelta di voto, anche se ultimamente \u00e8 difficile trovarsi al lato giusto della Storia difendendo chi scatena guerre e lascia morire bambini. Ma negli anni 90 la pace era un pochino pi\u00f9 diffusa e gli attacchi erano diretti soprattutto ai propri capi di Stato, e a come risolvevano le questioni interne. Nel Regno Unito, la patria delle Spice Girls, il personaggio politico pi\u00f9 controverso <a href=\"https:\/\/www.marieclaire.it\/attualita\/news-appuntamenti\/a40367751\/margaret-thatcher\/\" target=\"_blank\" data-vars-ga-outbound-link=\"https:\/\/www.marieclaire.it\/attualita\/news-appuntamenti\/a40367751\/margaret-thatcher\/\" data-vars-ga-ux-element=\"Hyperlink\" data-vars-ga-call-to-action=\"era Margaret Thatcher\" data-node-id=\"12.1\" class=\"body-link css-17yqdwx emevuu60\" rel=\"nofollow noopener\">era Margaret Thatcher<\/a>, ancora oggi considerata la leader pi\u00f9 influente e importante della storia degli UK dopo Winston Churchill. Negli anni 80, per risollevare l&#8217;economia fortemente provata dalle crisi del decennio precedente, Thatcher aveva messo in atto politiche molto restrittive che hanno colpito duramente le classi pi\u00f9 deboli, i cui membri hanno praticamente pagato per garantire ai propri figli (forse) un futuro migliore. Oggi qualcuno dice che quelle misure impietose furono necessarie, e cita il caso nostro della ministra Elsa Fornero che nel 2011 annunci\u00f2 &#8220;lacrime e sangue&#8221;, mettendo in ginocchio alcune categorie, ma che secondo molti, con il sacrificio di alcuni ha tamponato il nostro sistema previdenziale che faceva acqua dappertutto. <\/p>\n<p>Che disse Geri Halliwell su Margaret Thatcher, nel 1996 <\/p>\n<p data-journey-content=\"true\" data-node-id=\"17\" class=\"css-1ood0zq emevuu60\">Tornando alle Spice Girls, una di loro, Mel C ha di recente rievocato la polemica che si scaten\u00f2 quando la collega Geri Halliwell tir\u00f2 in ballo la prima ministra in un intervista del 1996 con Spectator. L&#8217;ex Sporty Spice, il cui vero nome \u00e8 Melanie Chisholm, ha raccontato oggi nel podcast di Louis Theroux di essersi sentita a disagio quando la Ginger Spice dichiar\u00f2 al tempo: &#8220;Noi Spice Girls siamo vere thatcheriane. La Thatcher \u00e8 stata la prima Spice Girl, la pioniera della nostra ideologia: il Girl Power&#8221;. Il problema, infatti, \u00e8 che parl\u00f2 per tutte quando lei, invece, non era affatto daccordo con quell&#8217;affermazione. <\/p>\n<p><img draggable=\"true\" alt=\"london, england june 26: (embargoed for publication in uk tabloid newspapers until 48 hours after create date and time. mandatory credit photo by dave m. benett\/getty images required) melanie chisholm aka mel c (l) and geri halliwell attend a press conference launching viva forever, a new musical based on the songs of the spice girls, at the st pancras renaissance hotel on june 26, 2012 in london, england. (photo by dave m. benett\/getty images)\" title=\"Mel C e Geri Halliwell\" loading=\"lazy\" width=\"1024\" height=\"846\" decoding=\"async\" data-nimg=\"1\" style=\"color:transparent;width:100%;height:auto;\"   src=\"https:\/\/www.europesays.com\/it\/wp-content\/uploads\/2026\/07\/97e23df3-0e49-426c-a433-aeea45c86d4f.jpg\" class=\"css-0 e1g79fud0\"\/><a target=\"_blank\" rel=\"noopener nofollow\" data-theme-key=\"base-link\" href=\"https:\/\/pinterest.com\/pin\/create\/button\/?url=https:\/\/www.marieclaire.it\/attualita\/gossip\/a71880481\/spice-girls-margaret-thatcher\/&amp;description=marieclaireita&amp;media=https:\/\/hips.hearstapps.com\/hmg-prod\/images\/97e23df3-0e49-426c-a433-aeea45c86d4f.jpg?resize=1600:*\" class=\"pinterest css-on9hn5 e1socmtw0\"><img decoding=\"async\" data-dynamic-svg=\"true\" src=\"https:\/\/www.marieclaire.it\/_assets\/design-tokens\/fre\/static\/icons\/social\/pinterest.e8cf655.svg?primary=%2523ffffff\" loading=\"lazy\" data-testid=\"dynamic-svg-base\" height=\"auto\" width=\"auto\" alt=\"pinterest\" class=\"css-4lml0h e1mlxuuw1\"\/><\/a>Dave M. Benett\/\/Getty Images<\/p>\n<p><strong>Mel C e Geri Halliwell in una conferenza stampa del 2012<\/strong><\/p>\n<p>Cosa pensava Mel C di Margaret Thatcher?<\/p>\n<p data-journey-content=\"true\" data-node-id=\"24\" class=\"css-1ood0zq emevuu60\">Halliweel applaudiva Thatcher per essere stata la prima donna primo ministro nel Regno Unito, &#8220;Ma io sono cresciuta nel nord-ovest dell&#8217;Inghilterra&#8221;, ha detto Mel C, &#8220;tutta la mia famiglia \u00e8 di Liverpool, la famiglia di mio padre, gli uomini lavoravano al porto, o almeno lo facevano da generazioni&#8221;, ed erano quindi fra le categorie che rimasero colpite dalle politiche thatcheriane. &#8220;Penso che una delle difficolt\u00e0 dell&#8217;essere una Spice Girls fosse proprio il fatto che venivamo accomunate. Se qualcuna aveva un&#8217;opinione politica, tutti pensavano che valesse per tutte, ma non era cos\u00ec&#8221;. Quando torn\u00f2 dalle sue parti, a Liverpool, Mel C si trov\u00f2 in imbarazzo con parenti e vicini dei genitori e si dovette giustificare: &#8220;Cavolo, non l&#8217;ho detto io&#8221;, continuava a ripetere. Ha dovuto attendere trent&#8217;anni per togliersi il sassolino dalla scarpa, ma alla fine c&#8217;\u00e8 riuscita anche lei.<\/p>\n","protected":false},"excerpt":{"rendered":"Cosa pensare di un artista che sceglie uno schieramento politico impopolare? Il dilemma \u00e8 annoso. Due anni fa,&hellip;\n","protected":false},"author":3,"featured_media":578792,"comment_status":"","ping_status":"","sticky":false,"template":"","format":"standard","meta":{"footnotes":"","_share_on_mastodon":"0"},"categories":[1443],"tags":[203,204,1537,90,89,1538,1539,15570],"class_list":["post-578791","post","type-post","status-publish","format-standard","has-post-thumbnail","category-musica","tag-entertainment","tag-intrattenimento","tag-it","tag-italia","tag-italy","tag-music","tag-musica","tag-traffic"],"share_on_mastodon":{"url":"https:\/\/pubeurope.com\/@it\/116896818916599360","error":""},"_links":{"self":[{"href":"https:\/\/www.europesays.com\/it\/wp-json\/wp\/v2\/posts\/578791","targetHints":{"allow":["GET"]}}],"collection":[{"href":"https:\/\/www.europesays.com\/it\/wp-json\/wp\/v2\/posts"}],"about":[{"href":"https:\/\/www.europesays.com\/it\/wp-json\/wp\/v2\/types\/post"}],"author":[{"embeddable":true,"href":"https:\/\/www.europesays.com\/it\/wp-json\/wp\/v2\/users\/3"}],"replies":[{"embeddable":true,"href":"https:\/\/www.europesays.com\/it\/wp-json\/wp\/v2\/comments?post=578791"}],"version-history":[{"count":0,"href":"https:\/\/www.europesays.com\/it\/wp-json\/wp\/v2\/posts\/578791\/revisions"}],"wp:featuredmedia":[{"embeddable":true,"href":"https:\/\/www.europesays.com\/it\/wp-json\/wp\/v2\/media\/578792"}],"wp:attachment":[{"href":"https:\/\/www.europesays.com\/it\/wp-json\/wp\/v2\/media?parent=578791"}],"wp:term":[{"taxonomy":"category","embeddable":true,"href":"https:\/\/www.europesays.com\/it\/wp-json\/wp\/v2\/categories?post=578791"},{"taxonomy":"post_tag","embeddable":true,"href":"https:\/\/www.europesays.com\/it\/wp-json\/wp\/v2\/tags?post=578791"}],"curies":[{"name":"wp","href":"https:\/\/api.w.org\/{rel}","templated":true}]}}