{"id":57881,"date":"2025-08-20T09:18:09","date_gmt":"2025-08-20T09:18:09","guid":{"rendered":"https:\/\/www.europesays.com\/it\/57881\/"},"modified":"2025-08-20T09:18:09","modified_gmt":"2025-08-20T09:18:09","slug":"il-corpo-fa-brutti-scherzi","status":"publish","type":"post","link":"https:\/\/www.europesays.com\/it\/57881\/","title":{"rendered":"\u201cIl corpo fa brutti scherzi\u201d"},"content":{"rendered":"<p>Problemi di salute per <strong>Gaia<\/strong> che ha deciso di annullare una data del suo tour a causa di un malore, come ha raccontato lei stessa su Instagram. La cantante si sarebbe dovuta esibire sul palco di Gonnesa, in Sardegna, il 20 agosto. Il concerto per\u00f2 non ci sar\u00e0, come ha spiegato in un messaggio apparso a sorpresa sui social.\n<\/p>\n<p>Il messaggio di Gaia e la data del concerto annullata<\/p>\n<p>Uno stop inaspettato per il tour di <a href=\"https:\/\/dilei.it\/star-e-vip\/gaia-gozzi\/\" rel=\"nofollow noopener\" target=\"_blank\">Gaia<\/a> che qualche settimana da aveva inaugurato il <strong>tour Estate 2025<\/strong>. Quella di Gonnesa sarebbe stata la quartultima tappa, mentre l\u2019ultimo appuntamento \u00e8 previsto per il 13 settembre a Cuneo.<\/p>\n<p>\u201cBellezze, il mio corpo ha deciso di fare brutti scherzi proprio adesso e la data di domani in Piazza del Minatore a Gonnesa \u00e8 purtroppo annullata \u2013 ha scritto Gaia su Instagram, rivolgendosi direttamente ai fan -. Ci tenevo tantissimo e mi dispiace da morire. Prometto che ritorner\u00f2 prestissimo per recuperare come si deve\u201d.<\/p>\n<p>27 anni e una carriera in ascesa, Gaia \u00e8 stata fra i protagonisti dell\u2019ultimo Festival di Sanremo 2025 grazie alla canzone Chiamo io Chiami tu. Arrivata al successo grazie ad Amici di <a href=\"https:\/\/dilei.it\/star-e-vip\/maria-de-filippi\/\" rel=\"nofollow noopener\" target=\"_blank\">Maria De Filippi,<\/a> \u00e8 riuscita a imporsi nel panorama musicale <strong>con il suo talento e hit iconiche<\/strong> come Sesso e Samba, cantante insieme a<a href=\"https:\/\/dilei.it\/star-e-vip\/tony-effe\/\" rel=\"nofollow noopener\" target=\"_blank\"> Tony Effe<\/a>. Il 22 agosto \u00e8 prevista la prossima tappa del tour a Palmi, Reggio Calabria. La tappa, almeno per ora, \u00e8 stata confermata e i fan potranno vedere Gaia esibirsi finalmente sul palco dopo questo piccolo imprevisto.<\/p>\n<p>Lo sfogo di Gaia su Instagram<\/p>\n<p>Qualche giorno fa <a href=\"https:\/\/dilei.it\/vip\/gaia-sfogo-lacrime-in-treno\/1762235\/\" rel=\"nofollow noopener\" target=\"_blank\">Gaia aveva scelto di sfogarsi sui social,<\/a> pubblicando un lungo messaggio in cui<strong> si mostrava con gli occhi umidi di pianto.<\/strong><\/p>\n<p>\u201cLa diabolica trinit\u00e0 \u00e8 venuta a farmi visita. Senso di vuoto, ansia e solitudine sono arrivati per rimanere pi\u00f9 del solito \u2013 aveva scritto la cantante mentre si trovava su un treno diretto da Roma a Milano -. Una tratta familiare per me, per la mia primavera emozionale, i primi amori sbocciati nella citt\u00e0 eterna, le prime responsabilit\u00e0 che mi richiamavano verso il freddo Nord e i primi sensi di vuoto non pi\u00f9 colmabili da una carezza di pap\u00e0 o una tenera rassicurazione di mamma. Il dejavu era inevitabile. L\u2019inquietudine pure\u201d.<\/p>\n<p>Gaia, con grande sincerit\u00e0, aveva raccontato di provare un <strong>forte senso di vuoto, solitudine e ansia<\/strong> che \u201channo preso spazio nel mio corpo come se fossero loro i proprietari di casa, si sono insediati con approccio apparentemente cortese e in poco tempo hanno dettato legge, imbavagliandomi l\u2019anima e rendendola ostaggio\u201d.<\/p>\n<p>\u201cQuesta ferita va fatta respirare, ossigenare \u2013 aveva aggiunto l\u2019artista -. L\u2019ansia di risolvere un problema \u00e8 essa stessa un problema. Un cane che si morde la coda, un\u2019apparente risoluzione che sotto forma di cura va ad infettare pi\u00f9 in profondit\u00e0. La bimba che \u00e8 in me vorrebbe essere solo vista, amata, accettata, cercata. Senza dover per forza fare \u2018la brava\u2019, servire a qualcosa o qualcuno, non dando mai e poi mai fastidio\u201d.<\/p>\n","protected":false},"excerpt":{"rendered":"Problemi di salute per Gaia che ha deciso di annullare una data del suo tour a causa di&hellip;\n","protected":false},"author":3,"featured_media":57882,"comment_status":"","ping_status":"","sticky":false,"template":"","format":"standard","meta":{"footnotes":""},"categories":[174],"tags":[203,34883,204,1537,90,89],"class_list":{"0":"post-57881","1":"post","2":"type-post","3":"status-publish","4":"format-standard","5":"has-post-thumbnail","7":"category-intrattenimento","8":"tag-entertainment","9":"tag-gaia","10":"tag-intrattenimento","11":"tag-it","12":"tag-italia","13":"tag-italy"},"share_on_mastodon":{"url":"","error":""},"_links":{"self":[{"href":"https:\/\/www.europesays.com\/it\/wp-json\/wp\/v2\/posts\/57881","targetHints":{"allow":["GET"]}}],"collection":[{"href":"https:\/\/www.europesays.com\/it\/wp-json\/wp\/v2\/posts"}],"about":[{"href":"https:\/\/www.europesays.com\/it\/wp-json\/wp\/v2\/types\/post"}],"author":[{"embeddable":true,"href":"https:\/\/www.europesays.com\/it\/wp-json\/wp\/v2\/users\/3"}],"replies":[{"embeddable":true,"href":"https:\/\/www.europesays.com\/it\/wp-json\/wp\/v2\/comments?post=57881"}],"version-history":[{"count":0,"href":"https:\/\/www.europesays.com\/it\/wp-json\/wp\/v2\/posts\/57881\/revisions"}],"wp:featuredmedia":[{"embeddable":true,"href":"https:\/\/www.europesays.com\/it\/wp-json\/wp\/v2\/media\/57882"}],"wp:attachment":[{"href":"https:\/\/www.europesays.com\/it\/wp-json\/wp\/v2\/media?parent=57881"}],"wp:term":[{"taxonomy":"category","embeddable":true,"href":"https:\/\/www.europesays.com\/it\/wp-json\/wp\/v2\/categories?post=57881"},{"taxonomy":"post_tag","embeddable":true,"href":"https:\/\/www.europesays.com\/it\/wp-json\/wp\/v2\/tags?post=57881"}],"curies":[{"name":"wp","href":"https:\/\/api.w.org\/{rel}","templated":true}]}}