{"id":578876,"date":"2026-07-10T18:33:15","date_gmt":"2026-07-10T18:33:15","guid":{"rendered":"https:\/\/www.europesays.com\/it\/578876\/"},"modified":"2026-07-10T18:33:15","modified_gmt":"2026-07-10T18:33:15","slug":"carnevali-no-a-kessie-e-brahim-diaz-su-vlahovic-e-dibu-martinez","status":"publish","type":"post","link":"https:\/\/www.europesays.com\/it\/578876\/","title":{"rendered":"Carnevali: &#8220;No a Kessie e Brahim Diaz. Su Vlahovic e Dibu Martinez&#8230;&#8221;"},"content":{"rendered":"<p>                                ll neo ad e dg della Juventus ha fatto il punto sulle trattative, mandando un messaggio chiaro all&#8217;ambiente<\/p>\n<p class=\"paragraph\" spellcheck=\"true\">Un inno alla calma e al realismo. A poco pi\u00f9 di due giorni dall&#8217;inizio del ritiro estivo, con il solo Ekhator come volto nuovo, il neo ad e dg della Juve, Giovanni Carnevali manda un messaggio chiaro all&#8217;ambiente. &#8220;Abbiamo varie trattative in corso e abbiamo del tempo perch\u00e9 dobbiamo pensare, riflettere, fare le cose senza essere presi dalla frenesia &#8211; esordisce a margine della 28\u00aa edizione del Premio nazionale Sportilia &#8220;Sport e non solo&#8221; di Santa Sofia -. Stiamo facendo tante valutazioni perch\u00e9 oggi opportunit\u00e0 ce ne sono, ma \u00e8 anche un mercato difficile perch\u00e9 basta affacciarsi o iniziare a pensare a qualche giocatore e ci sono delle cifre molto molto elevate. Bisogna avere un po&#8217; di tempo ed essere un po&#8217; pi\u00f9 realisti con quello che possiamo fare sotto l&#8217;aspetto economico&#8221;.<\/p>\n<p>    carnevali sul mercato della juve\u2014 \u00a0<\/p>\n<p class=\"paragraph is-inline\" spellcheck=\"true\">Il dirigente juventino, comunque, ha chiara la sua mission. &#8220;Credo che dobbiamo costruire una squadra che deve cercare di ottenere dei risultati importanti, sapendo le difficolt\u00e0 che ci possono essere, dove siamo arrivati e come dobbiamo ricostruire per cercare di arrivare pi\u00f9 in alto possibile&#8221;, spiega, prima di entrare nel dettaglio dei giocatori attenzionati. Sui portieri: &#8220;Non \u00e8 soltanto una lotta a due tra Martinez e Vicario: ce ne sono anche altri &#8211; chiarisce -. Credo che in questo momento dobbiamo fare pi\u00f9 valutazioni. Basta pensare al &#8220;Dibu&#8221;, che sta giocando il Mondiale per cui dobbiamo aspettare anche questo. Ci sono tante situazioni e credo che una societ\u00e0 come la Juventus debba essere aperta su ogni fronte e attenta a quello che il mercato pu\u00f2 proporre&#8221;. Su Vlahovic: &#8220;Mi \u00e8 stato chiesto se abbiamo avuto degli incontri con lui e onestamente non ne ho mai avuti per cui la porta aperta o chiusa non serve a tanto &#8211; \u00e8 netto -. Credo che se ci dovessero essere delle opportunit\u00e0 le ascolteremo&#8221;. Infine, a chi aveva accostato i profili di Kessi\u00e9, Theo Hernandez e Brahim Diaz ai bianconeri dopo <a href=\"https:\/\/www.gazzetta.it\/Calcio\/Serie-A\/Juventus\/07-07-2026\/juve-massara-nuovo-responsabile-area-tecnica.shtml?intcmp=hyperlink-articolo-gazit\" title=\"Juve, Massara nuovo Chief Football Officer: \u00e8 ufficiale\" rel=\"nofollow noopener\" target=\"_blank\">l&#8217;arrivo di Massara<\/a>, che li aveva portati al Milan, come capo dell&#8217;area tecnica, Carnevali replica cos\u00ec: &#8220;Non c\u2019\u00e8 niente di vero &#8211; chiude -. Si parla di giocatori importantissimi, per\u00f2 se analizziamo i costi vediamo che sono oggi non possono entrare a far parte in questo momento per quello che riguarda la costruzione di questa societ\u00e0&#8221;. Una frase che \u00e8 un inno al realismo.<\/p>\n","protected":false},"excerpt":{"rendered":"ll neo ad e dg della Juventus ha fatto il punto sulle trattative, mandando un messaggio chiaro all&#8217;ambiente&hellip;\n","protected":false},"author":3,"featured_media":578877,"comment_status":"","ping_status":"","sticky":false,"template":"","format":"standard","meta":{"footnotes":"","_share_on_mastodon":"0"},"categories":[1452],"tags":[4924,1238,89436,89437,721,6963,6969,2138,928,318813,1367,318814,120524,18350,59957,2149,1115,1740,3412,14340,1537,90,89,565,558,35788,1412,6411,5385,1739,245,244],"class_list":["post-578876","post","type-post","status-publish","format-standard","has-post-thumbnail","category-calcio","tag-ambiente","tag-aperta","tag-brahim","tag-brahim-diaz","tag-calcio","tag-carnevali","tag-ce","tag-cercare","tag-chiaro","tag-chiaro-ambiente","tag-credo","tag-credo-dobbiamo","tag-dg","tag-diaz","tag-dibu","tag-dobbiamo","tag-entrare","tag-football","tag-giocatori","tag-inno","tag-it","tag-italia","tag-italy","tag-juve","tag-juventus","tag-martinez","tag-mercato","tag-messaggio","tag-pensare","tag-soccer","tag-sport","tag-sports"],"share_on_mastodon":{"url":"https:\/\/pubeurope.com\/@it\/116897120838880313","error":""},"_links":{"self":[{"href":"https:\/\/www.europesays.com\/it\/wp-json\/wp\/v2\/posts\/578876","targetHints":{"allow":["GET"]}}],"collection":[{"href":"https:\/\/www.europesays.com\/it\/wp-json\/wp\/v2\/posts"}],"about":[{"href":"https:\/\/www.europesays.com\/it\/wp-json\/wp\/v2\/types\/post"}],"author":[{"embeddable":true,"href":"https:\/\/www.europesays.com\/it\/wp-json\/wp\/v2\/users\/3"}],"replies":[{"embeddable":true,"href":"https:\/\/www.europesays.com\/it\/wp-json\/wp\/v2\/comments?post=578876"}],"version-history":[{"count":0,"href":"https:\/\/www.europesays.com\/it\/wp-json\/wp\/v2\/posts\/578876\/revisions"}],"wp:featuredmedia":[{"embeddable":true,"href":"https:\/\/www.europesays.com\/it\/wp-json\/wp\/v2\/media\/578877"}],"wp:attachment":[{"href":"https:\/\/www.europesays.com\/it\/wp-json\/wp\/v2\/media?parent=578876"}],"wp:term":[{"taxonomy":"category","embeddable":true,"href":"https:\/\/www.europesays.com\/it\/wp-json\/wp\/v2\/categories?post=578876"},{"taxonomy":"post_tag","embeddable":true,"href":"https:\/\/www.europesays.com\/it\/wp-json\/wp\/v2\/tags?post=578876"}],"curies":[{"name":"wp","href":"https:\/\/api.w.org\/{rel}","templated":true}]}}