{"id":579119,"date":"2026-07-10T22:16:11","date_gmt":"2026-07-10T22:16:11","guid":{"rendered":"https:\/\/www.europesays.com\/it\/579119\/"},"modified":"2026-07-10T22:16:11","modified_gmt":"2026-07-10T22:16:11","slug":"kylian-mbappe-intervista-i-mondiali-la-francia-e-il-rigore-sbagliato-col-marocco","status":"publish","type":"post","link":"https:\/\/www.europesays.com\/it\/579119\/","title":{"rendered":"Kylian Mbapp\u00e9; intervista: &#8220;I Mondiali, la Francia e il rigore sbagliato col Marocco&#8221;"},"content":{"rendered":"<p>                                Il capitano dei vicecampioni del mondo parla dopo il successo sul Marocco: &#8220;La pressione \u00e8 enorme perch\u00e9 se non ottieni risultati con questa maglia vieni massacrato. Dispiaciuto per Hakimi? No, siamo amici ma non in campo&#8221;<\/p>\n<p>                    10 luglio 2026 (modifica alle 23:33)  &#8211; BOSTON (STATI UNITI)<\/p>\n<p>        <a href=\"https:\/\/www.gazzetta.it\/en\/football\/world-cup\/10-07-2026\/kylian-mbappe-interview-the-world-cup-france-and-the-missed-penalty-against-morocco.shtml\" class=\"button button--link-dark\" rel=\"nofollow noopener\" target=\"_blank\"><\/p>\n<p>            English version<\/p>\n<p>        <\/a><\/p>\n<p class=\"paragraph\" spellcheck=\"true\">Non ci sono pi\u00f9 parole per Kylian Mbapp\u00e9. Dicono tutto i numeri. Terzo Mondiale di fila, una Coppa in bacheca al primo colpo (2018), un secondo posto ai rigori (2022), una semifinale (per adesso&#8230;). <a href=\"https:\/\/www.gazzetta.it\/Calcio\/Mondiali\/09-07-2026\/mar.shtml?intcmp=hyperlink-articolo-gazit\" title=\"La Francia \u00e8 di un altro pianeta: Mbapp\u00e9 e Demb\u00e9l\u00e9 a segno, Marocco a casa e semifinale\" rel=\"nofollow noopener\" target=\"_blank\">Marocco mandato al tappeto con un gran gol<\/a>, dopo aver sbagliato dal dischetto. Capocannoniere in Qatar con 8 reti, cifra gi\u00e0 raggiunta qui in America prima della semifinale (ma con una partita in pi\u00f9). Un totale di 20 gol nella storia del torneo, soltanto Messi \u00e8 davanti a quota 21, ma i due si inseguono, sorpassano e contro-sorpassano dalla prima giornata. L&#8217;immagine dell\u2019attaccante totale. Dalle parole, per\u00f2, si capisce una cosa: Mbapp\u00e9 \u00e8 un leader, non per niente nel gruppo lo chiamano &#8220;Mobutu&#8221;, il nome del dittatore dello Zaire (oggi Congo) tra gli anni &#8217;60 e i &#8217;90. Una Francia che sembra addirittura pi\u00f9 forte di quella che sollev\u00f2 la Coppa in Russia. Ed \u00e8 questo l&#8217;unico momento in cui Mbapp\u00e9, nato attaccante, si mette sulla difensiva: &#8220;Non \u00e8 la Francia pi\u00f9 forte in cui ho giocato. Non ancora&#8230;&#8221;.<\/p>\n<p class=\"paragraph\" spellcheck=\"true\"><b>Cosa manca?<\/b><br \/>&#8220;Sono stato campione e vicecampione del mondo, mentre questa Francia \u00e8 solo quella con il maggiore potenziale. Fa sognare. Ma le squadre pi\u00f9 forti sono quelle che vincono. Fino a prova contraria, accanto a me non vedo ancora una Coppa del Mondo&#8221;.<\/p>\n<p class=\"paragraph\" spellcheck=\"true\"><b>Sembrate per\u00f2 invincibili e fate paura ai rivali&#8230;<\/b><br \/>&#8220;Siamo consapevoli del nostro potenziale. Ma arrivati qui conta di pi\u00f9 quello che stiamo dimostrando. Non \u00e8 la paura degli avversari a farti vincere. Quelle sono soltanto sensazioni. Abbiamo ancora molto da dimostrare prima di essere considerati invincibili e meritare tutti gli altri superlativi che ci date&#8221;.<\/p>\n<p class=\"paragraph\" spellcheck=\"true\"><b>Perch\u00e9 la Francia \u00e8 cos\u00ec forte anche nei momenti difficili come contro il Marocco o contro il Paraguay?<br \/><\/b>&#8220;Prima di tutto: giochiamo con passione. La passione di rappresentare la Francia, e di giocare un Mondiale con questa maglia. Non esiste niente di pi\u00f9 forte. Nel gruppo ne siamo perfettamente consapevoli e cerchiamo di insegnarlo anche ai pi\u00f9 giovani. Siamo una squadra e un Paese con una storia importante nella Coppa del Mondo. I giovani devono conoscerla e sapere che cosa significa sostenere la pressione di giocare per la Francia&#8221;.<\/p>\n<p class=\"text\">\u00c8 il gruppo pi\u00f9 talentuoso in cui ho giocato. Per dire che \u00e8 il pi\u00f9 forte bisogna alzare il trofeo<\/p>\n<p>Kylian Mbapp\u00e9<\/p>\n<p class=\"paragraph\" spellcheck=\"true\"><b>Si vede che c&#8217;\u00e8 un bel gruppo. Non sempre nella Francia \u00e8 stato cos\u00ec.<br \/><\/b>&#8220;Per i giovani sono gi\u00e0 quello un po&#8217; pi\u00f9&#8230; vecchio. Devo dare l&#8217;esempio. C&#8217;\u00e8 affetto tra noi. Molti compagni sono miei amici e li conosco da parecchi anni. Sono quello che ha giocato pi\u00f9 partite ai Mondiali, devo trasmettere questa esperienza. Ma dal punto di vista emozionale, non calcistico. Sanno giocare, non ne hanno bisogno&#8221;.<\/p>\n<p class=\"paragraph\" spellcheck=\"true\"><b>A proposito di amici: \u00e8 dispiaciuto di aver eliminato Hakimi?<br \/><\/b>&#8220;Lui \u00e8 un amico carissimo nella vita. Ma in campo no, non ci sono sentimenti. Io ero qui per vincere e anche lui. Sar\u00e0 pi\u00f9 difficile quando lo rivedr\u00f2 negli spogliatoi, perch\u00e9 torneremo a essere amici. Ma durante la partita non potevano esserci emozioni o amicizia&#8221;.<\/p>\n<p class=\"paragraph\" spellcheck=\"true\"><b>Dou\u00e9 \u00e8 uno dei giovanissimi della Francia, ma sembra un veterano.<br \/><\/b>&#8220;Offre molte alternative, cambia la squadra. Nel primo tempo ha cercato maggiormente il dribbling e l&#8217;uno contro uno, restando largo per costringere Hakimi a difendere. Nella ripresa \u00e8 stato quasi un terzo centrocampista. Grandissimo giocatore&#8221;.<\/p>\n<p class=\"paragraph\" spellcheck=\"true\"><b>\u00c8 il momento di rilassarsi prima della semifinale?<\/b><br \/>&#8220;C&#8217;\u00e8 un solo modo per rilassarsi: vincere il Mondiale. Perch\u00e9, quando giochi per la Francia, se non vinci vieni massacrato. Abbiamo un collettivo unito, che va sempre nella stessa direzione, quella della vittoria. Siamo in semifinale, ma il percorso \u00e8 ancora lungo e ora ci aspettano le partite pi\u00f9 difficili. Non so se si possa dire che siamo in missione&#8230;&#8221;.<\/p>\n<p class=\"paragraph\" spellcheck=\"true\"><b>Che cosa \u00e8 successo sul rigore parato da Bounou?<\/b><br \/>&#8220;Semplicemente ho tirato male e lui l&#8217;ha parato. La situazione, per\u00f2, \u00e8 stata complicata perch\u00e9 si \u00e8 creato un grande equivoco. L&#8217;arbitro mi ha detto che era rigore. Gli ho chiesto se il controllo del Var fosse terminato, mi ha risposto di s\u00ec, e a quel punto Demb\u00e9l\u00e9 mi ha dato il pallone. Quando avevo cominciato a concentrarmi, l&#8217;arbitro \u00e8 tornato da me dicendomi che forse non era rigore. Ho ripreso il pallone, mi ha detto di aspettare perch\u00e9 dovevano controllare un&#8217;azione avvenuta due minuti prima. E mi sono lasciato deconcentrare. Sono stati forse tre minuti. Questo \u00e8 il calcio del Var, bisogna adattarsi&#8221;.<\/p>\n<p class=\"paragraph\" spellcheck=\"true\"><b>Avrebbe preferito il Belgio in semifinale?<br \/><\/b>&#8220;Nessun desiderio particolare. Con la Spagna andremo noi in cerca di una rivincita. Se fosse stato il Belgio, sarebbero stati loro a volerla&#8221;.<\/p>\n<p class=\"is-copyright\">\u00a9 RIPRODUZIONE RISERVATA<\/p>\n","protected":false},"excerpt":{"rendered":"Il capitano dei vicecampioni del mondo parla dopo il successo sul Marocco: &#8220;La pressione \u00e8 enorme perch\u00e9 se&hellip;\n","protected":false},"author":3,"featured_media":579120,"comment_status":"","ping_status":"","sticky":false,"template":"","format":"standard","meta":{"footnotes":"","_share_on_mastodon":"0"},"categories":[176],"tags":[3811,318922,318923,562,4297,3440,4300,1976,1537,90,89,7157,56030,4979,11688,1924,318921,245,244,3803],"class_list":["post-579119","post","type-post","status-publish","format-standard","has-post-thumbnail","category-sport","tag-addirittura","tag-addirittura-forte","tag-addirittura-forte-sollevo","tag-attaccante","tag-coppa","tag-forte","tag-francia","tag-gol","tag-it","tag-italia","tag-italy","tag-marocco","tag-mbappe","tag-parole","tag-sbagliato","tag-semifinale","tag-sorpassano","tag-sport","tag-sports","tag-totale"],"share_on_mastodon":{"url":"https:\/\/pubeurope.com\/@it\/116897997603343332","error":""},"_links":{"self":[{"href":"https:\/\/www.europesays.com\/it\/wp-json\/wp\/v2\/posts\/579119","targetHints":{"allow":["GET"]}}],"collection":[{"href":"https:\/\/www.europesays.com\/it\/wp-json\/wp\/v2\/posts"}],"about":[{"href":"https:\/\/www.europesays.com\/it\/wp-json\/wp\/v2\/types\/post"}],"author":[{"embeddable":true,"href":"https:\/\/www.europesays.com\/it\/wp-json\/wp\/v2\/users\/3"}],"replies":[{"embeddable":true,"href":"https:\/\/www.europesays.com\/it\/wp-json\/wp\/v2\/comments?post=579119"}],"version-history":[{"count":0,"href":"https:\/\/www.europesays.com\/it\/wp-json\/wp\/v2\/posts\/579119\/revisions"}],"wp:featuredmedia":[{"embeddable":true,"href":"https:\/\/www.europesays.com\/it\/wp-json\/wp\/v2\/media\/579120"}],"wp:attachment":[{"href":"https:\/\/www.europesays.com\/it\/wp-json\/wp\/v2\/media?parent=579119"}],"wp:term":[{"taxonomy":"category","embeddable":true,"href":"https:\/\/www.europesays.com\/it\/wp-json\/wp\/v2\/categories?post=579119"},{"taxonomy":"post_tag","embeddable":true,"href":"https:\/\/www.europesays.com\/it\/wp-json\/wp\/v2\/tags?post=579119"}],"curies":[{"name":"wp","href":"https:\/\/api.w.org\/{rel}","templated":true}]}}