{"id":579256,"date":"2026-07-11T00:12:32","date_gmt":"2026-07-11T00:12:32","guid":{"rendered":"https:\/\/www.europesays.com\/it\/579256\/"},"modified":"2026-07-11T00:12:32","modified_gmt":"2026-07-11T00:12:32","slug":"molestia-sotto-30-secondi-sindacalista-condannato-in-appello-bis","status":"publish","type":"post","link":"https:\/\/www.europesays.com\/it\/579256\/","title":{"rendered":"Molestia sotto 30 secondi, sindacalista condannato in appello bis"},"content":{"rendered":"<p><strong>La Corte d&#8217;Appello di Milano ha condannato a un anno e due mesi l&#8217;ex sindacalista di Malpensa accusato di violenza sessuale da una hostess. L&#8217;uomo era stato assolto due volte, perch\u00e9 secondo i giudici la donna avrebbe avuto &#8220;30 secondi&#8221; per opporsi. La Cassazione aveva annullato il verdetto con rinvio<\/strong><\/p>\n<p>Un anno e due mesi di reclusione. \u00c8 la condanna decisa dalla Corte d&#8217;Appello di Milano nei confronti dell&#8217;ex sindacalista che lavorava all&#8217;aeroporto di Malpensa, imputato per violenza sessuale dopo la denuncia di una hostess. Il 48enne era stato assolto in primo e in secondo grado: secondo quei giudici la donna avrebbe avuto una finestra di &#8220;20-30 secondi&#8221; per sottrarsi all&#8217;abuso. Un passaggio che aveva innescato polemiche e che la <a data-intcmp=\"skytg24_foglia articolo_interlink_text\" href=\"https:\/\/tg24.sky.it\/cronaca\/2025\/06\/17\/violenza-sessuale-sentenza-30-secondi-cassazione\" rel=\"nofollow noopener\" target=\"_blank\">Cassazione ha smontato, annullando il verdetto con rinvio<\/a>.<\/p>\n<p>\u00a0<\/p>\n<p>\t\t \tI fatti del marzo 2018<\/p>\n<p>La vicenda risale a pi\u00f9 di otto anni fa. La donna, all&#8217;epoca hostess, si era rivolta al sindacalista per una vertenza di lavoro. Durante quell&#8217;incontro, secondo le indagini, sarebbero avvenute le molestie e gli abusi. Da l\u00ec la denuncia e un percorso giudiziario che ha attraversato quattro gradi di giudizio.<\/p>\n<p>\t\t\t<a class=\"c-inline-card j-inline-card c-inline-card--with-image\" href=\"https:\/\/tg24.sky.it\/cronaca\/2024\/09\/17\/violenza-sessuale-milano-corte-appello-sentenza\" rel=\"follow nofollow noopener\" data-intcmp=\"skytg24_articolo_approfondimenti_inline\" target=\"_blank\"><\/p>\n<p>\t\t\t         <img decoding=\"async\" crossorigin=\"anonymous\" alt=\"\" src=\"https:\/\/www.europesays.com\/it\/wp-content\/uploads\/2026\/07\/avvocati_giustizia_ansa2.jpg\"  loading=\"lazy\"  bad-src=\"https:\/\/www.europesays.com\/it\/wp-content\/uploads\/2026\/07\/avvocati_giustizia_ansa2.jpg\"\/><\/p>\n<p>\n\t\t\t         Leggi anche<br \/>\n\t\t\t         &#8220;Nessuna molestia, in 20 secondi poteva dire no&#8221;, la sentenza\n\t\t\t      <\/p>\n<p>\t\t\t<\/a><\/p>\n<p>\t\t\tLe due assoluzioni e il &#8220;tempo per reagire&#8221;<\/p>\n<p>Nel 2022 il Tribunale di Busto Arsizio aveva assolto l&#8217;imputato, seguito poi dalla Corte d&#8217;Appello. La motivazione: la condotta dell&#8217;uomo non aveva &#8220;vanificato ogni possibile reazione della parte offesa&#8221;, essendosi protratta per un intervallo che &#8220;le avrebbe consentito anche di potersi dileguare&#8221;. Un ragionamento fondato proprio su quei venti-trenta secondi che hanno dato il nome mediatico al caso.<\/p>\n<p>\t\t \tLa Cassazione: il ritardo nella reazione \u00e8 irrilevante<\/p>\n<p>Dopo il ricorso del sostituto procuratore generale Angelo Renna, nel febbraio 2025 la Suprema Corte ha annullato con rinvio. Il &#8220;ritardo nella reazione&#8221; della vittima, cio\u00e8 &#8220;nella manifestazione del dissenso&#8221;, \u00e8 &#8220;irrilevante&#8221; ai fini della &#8220;configurazione della violenza sessuale&#8221;. Su questo, scrivono i giudici, &#8220;la giurisprudenza \u00e8 netta&#8221;: la &#8220;sorpresa&#8221; di fronte all&#8217;abuso &#8220;pu\u00f2 essere tale da superare&#8221; la &#8220;contraria volont\u00e0&#8221;, ponendo chi lo subisce nell'&#8221;impossibilit\u00e0 di difendersi&#8221;.<\/p>\n<p>\t\t\t<a class=\"c-inline-card j-inline-card c-inline-card--with-image\" href=\"https:\/\/tg24.sky.it\/cronaca\/2025\/06\/17\/violenza-sessuale-sentenza-30-secondi-cassazione\" rel=\"follow nofollow noopener\" data-intcmp=\"skytg24_articolo_approfondimenti_inline\" target=\"_blank\"><\/p>\n<p>\t\t\t         <img decoding=\"async\" crossorigin=\"anonymous\" alt=\"\" src=\"https:\/\/www.europesays.com\/it\/wp-content\/uploads\/2026\/07\/legge-uguale-per-tutti-ansa.jpg\"  loading=\"lazy\"  bad-src=\"https:\/\/www.europesays.com\/it\/wp-content\/uploads\/2026\/07\/legge-uguale-per-tutti-ansa.jpg\"\/><\/p>\n<p>\n\t\t\t         Leggi anche<br \/>\n\t\t\t         La Cassazione: &#8220;Se c&#8217;\u00e8 violenza non conta il tempo di reazione&#8221;\n\t\t\t      <\/p>\n<p>\t\t\t<\/a><\/p>\n<p>\t\t\tL&#8217;appello bis e la provvisionale<\/p>\n<p>Davanti alla seconda sezione penale della Corte milanese, presieduta da Enrico Manzi, il pg Renna aveva chiesto due anni. Nelle udienze precedenti, celebrate a porte chiuse, la donna (oggi 49enne e non pi\u00f9 hostess) ha testimoniato di nuovo. I giudici hanno riconosciuto a suo favore una provvisionale di risarcimento da 10mila euro. Le motivazioni saranno depositate entro 90 giorni.<\/p>\n<p>\t\t\t&#8220;Una sentenza spartiacque&#8221;<\/p>\n<p>&#8220;La sentenza della Cassazione aveva individuato dei punti fermi sul consenso violato e sul gesto repentino nella violenza sessuale, anche se nella forma attenuata&#8221;, ha spiegato l&#8217;avvocato Gionata Bonuccelli, legale di parte civile. &#8220;Ora attendiamo le motivazioni, ma questa \u00e8 una sentenza spartiacque su questi aspetti, arriva dopo una battaglia giudiziaria iniziata nel 2018&#8221;. Il legale ha aggiunto che la sua assistita &#8220;\u00e8 ancora molto segnata da questa vicenda&#8221; e che a settembre si aprir\u00e0 davanti al Tribunale di Novara un giudizio per diffamazione a mezzo stampa legato a dichiarazioni dell&#8217;imputato.<\/p>\n<p>\t\t\t&#8220;Mi sono chiesta chi me lo avesse fatto fare&#8221;<\/p>\n<p>La donna, che ha lasciato il lavoro, parla di un prezzo pagato dentro e fuori dalle aule. &#8220;Ho pagato un prezzo molto alto per la diffamazione che mi \u00e8 stata fatta in azienda&#8221;, racconta. &#8220;L&#8217;imputato oggi condannato ha sempre avuto, insieme ad altri del suo sindacato, un atteggiamento molto diffamatorio nei miei confronti e questo \u00e8 stato un prezzo alto che ho dovuto pagare, tant&#8217;\u00e8 che ho dovuto lasciare il lavoro&#8221;.<\/p>\n<p>\u00a0<\/p>\n<p>Un prezzo che, tra un percorso giudiziario durato otto anni e le ricadute personali e professionali, l&#8217;ha portata pi\u00f9 volte al dubbio: &#8220;Purtroppo tante volte in questi anni mi sono chiesta chi me lo avesse fatto fare. E ho pensato che forse, se fossi tornata indietro, non avrei denunciato&#8221;. Poi, senza nascondere la commozione: &#8220;L&#8217;unica consolazione \u00e8 stata che dentro di me sapevo e ancora so di aver fatto tutto il possibile. E mi dicevo &#8216;tu hai fatto il tuo, se poi c&#8217;\u00e8 chi il suo non lo fa, purtroppo non dipende da te'&#8221;.<\/p>\n<p>Un consiglio alle donne che si trovano nella stessa condizione e non trovano la forza di denunciare, non se la sente di darlo: &#8220;Ognuno faccia i conti con le proprie forze e cerchi di fare quel che \u00e8 meglio per se stesso e di agire secondo coscienza&#8221;.<\/p>\n<p>\t            TAG:<\/p>\n","protected":false},"excerpt":{"rendered":"La Corte d&#8217;Appello di Milano ha condannato a un anno e due mesi l&#8217;ex sindacalista di Malpensa accusato&hellip;\n","protected":false},"author":3,"featured_media":577860,"comment_status":"","ping_status":"","sticky":false,"template":"","format":"standard","meta":{"footnotes":"","_share_on_mastodon":"0"},"categories":[79],"tags":[14,93,94,1537,90,89,29456,70495,7,15,11,84,91,12,85,92,9355],"class_list":["post-579256","post","type-post","status-publish","format-standard","has-post-thumbnail","category-italia","tag-cronaca","tag-cronaca-italiana","tag-cronacaitaliana","tag-it","tag-italia","tag-italy","tag-molestie","tag-molestie-sessuali","tag-news","tag-notizie","tag-ultime-notizie","tag-ultime-notizie-e-news-di-oggi","tag-ultime-notizie-italia","tag-ultimenotizie","tag-ultimenotizieenewsdioggi","tag-ultimenotizieitalia","tag-violenza-sessuale"],"share_on_mastodon":{"url":"https:\/\/pubeurope.com\/@it\/116898454627818342","error":""},"_links":{"self":[{"href":"https:\/\/www.europesays.com\/it\/wp-json\/wp\/v2\/posts\/579256","targetHints":{"allow":["GET"]}}],"collection":[{"href":"https:\/\/www.europesays.com\/it\/wp-json\/wp\/v2\/posts"}],"about":[{"href":"https:\/\/www.europesays.com\/it\/wp-json\/wp\/v2\/types\/post"}],"author":[{"embeddable":true,"href":"https:\/\/www.europesays.com\/it\/wp-json\/wp\/v2\/users\/3"}],"replies":[{"embeddable":true,"href":"https:\/\/www.europesays.com\/it\/wp-json\/wp\/v2\/comments?post=579256"}],"version-history":[{"count":0,"href":"https:\/\/www.europesays.com\/it\/wp-json\/wp\/v2\/posts\/579256\/revisions"}],"wp:featuredmedia":[{"embeddable":true,"href":"https:\/\/www.europesays.com\/it\/wp-json\/wp\/v2\/media\/577860"}],"wp:attachment":[{"href":"https:\/\/www.europesays.com\/it\/wp-json\/wp\/v2\/media?parent=579256"}],"wp:term":[{"taxonomy":"category","embeddable":true,"href":"https:\/\/www.europesays.com\/it\/wp-json\/wp\/v2\/categories?post=579256"},{"taxonomy":"post_tag","embeddable":true,"href":"https:\/\/www.europesays.com\/it\/wp-json\/wp\/v2\/tags?post=579256"}],"curies":[{"name":"wp","href":"https:\/\/api.w.org\/{rel}","templated":true}]}}