{"id":579301,"date":"2026-07-11T01:03:16","date_gmt":"2026-07-11T01:03:16","guid":{"rendered":"https:\/\/www.europesays.com\/it\/579301\/"},"modified":"2026-07-11T01:03:16","modified_gmt":"2026-07-11T01:03:16","slug":"west-nile-nel-lazio-primo-caso-del-2026-positivo-un-paziente-di-latina-allerta-in-emilia-romagna-estesa-circolazione-del-virus","status":"publish","type":"post","link":"https:\/\/www.europesays.com\/it\/579301\/","title":{"rendered":"West Nile, nel Lazio primo caso del 2026: positivo un paziente di Latina. Allerta in Emilia Romagna: \u00abEstesa circolazione del virus\u00bb"},"content":{"rendered":"<p>Nel Lazio e&#8217; stato registrato il primo caso di positivita&#8217; al virus <strong>West Nile<\/strong> del 2026. Secondo quanto apprende \u00abAgenzia Nova\u00bb da fonti sanitarie, il contagio e&#8217; stato accertato in provincia di Latina, territorio che gia&#8217; nella scorsa stagione era stato interessato da diversi casi di infezione. La conferma segna l&#8217;avvio della sorveglianza epidemiologica per la nuova stagione estivo-autunnale, periodo in cui aumenta la circolazione del virus, trasmesso all&#8217;uomo attraverso la puntura di zanzare infette. Nella maggior parte dei casi l&#8217;infezione decorre in modo asintomatico o con sintomi lievi, ma nelle persone piu&#8217; fragili puo&#8217; evolvere in forme neurologiche gravi. Lo scorso anno la provincia di Latina era stata il principale focolaio del Lazio, con numerosi casi registrati durante l&#8217;estate.<\/p>\n<p>Allerta in Emilia Romagna <\/p>\n<p>L&#8217;Emilia Romagna segnala una \u00abprecoce ed estesa circolazione\u00bb del virus West Nile in regione. \u00abL&#8217;attenzione del Servizio sanitario regionale si mantiene alta dopo che il sistema di sorveglianza entomologica previsto dal Piano regionale arbovirosi ha rilevato fin dalla met\u00e0 di giugno segnali di circolazione del virus tra le zanzare. Ad oggi sono interessate tutte le province eccetto la Romagna, quindi 6 su 9. Anche se in regione si tratta di una circolazione endemica, quindi ormai stabilmente presente, e finora il sistema di sorveglianza sanitaria non ha rilevato casi di infezione nell&#8217;uomo, i dati lasciano prevedere che nelle prossime settimane si potranno osservare casi di forme gravi di malattia West Nile\u00bb, avverte la Regione in una nota. \u00abSi tratta di una situazione eccezionale &#8211; aggiunge &#8211; poich\u00e9 in tutti gli anni di sorveglianza, cio\u00e8 dal 2008, mai si \u00e8 rilevata circolazione del virus nelle zanzare cos\u00ec precocemente in stagione e su un territorio cos\u00ec vasto\u00bb. \u00abGrazie a un sistema di sorveglianza entomologica e sanitaria che funziona bene, si \u00e8 potuta riscontrare una circolazione del virus dalle zanzare fuori dalla normalit\u00e0 &#8211; afferma l&#8217;assessore regionale alle Politiche per la salute, Massimo Fabi &#8211; Tutto il sistema sanitario regionale \u00e8 impegnato nel monitoraggio e continua a mantenere alta l\u2019attenzione, ma in questa fase \u00e8 fondamentale la collaborazione e l&#8217;impegno delle cittadine e dei cittadini, chiamati ad adottare tutte le misure di prevenzione, peraltro molto semplici, utili a proteggersi dalle punture delle zanzare. Un piccolo sforzo che, nell&#8217;insieme, pu\u00f2 fare la differenza\u00bb. L&#8217;infezione che le zanzare positive al virus West Nile possono trasmettere all&#8217;uomo \u00e8 nella maggiore parte dei casi asintomatica &#8211; si ricorda nella nota &#8211; ma in una percentuale bassa, circa l&#8217;1%, pu\u00f2 evolversi in una malattia neuroinvasiva con esiti anche gravi; una condizione pi\u00f9 frequente in persone a rischio, come gli anziani o gli immunocompromessi. Il vettore del virus West Nile \u00e8 la zanzara comune, mentre non pu\u00f2 trasmetterlo la zanzara tigre; pertanto occorre proteggersi dalle punture soprattutto in caso di attivit\u00e0 all&#8217;aria aperta in ore serali, poich\u00e9 la zanzara comune \u00e8 attiva dopo il tramonto.<\/p>\n<p>&#13;<br \/>\n                                \u00a9 RIPRODUZIONE RISERVATA&#13;<\/p>\n<p>&#13;<\/p>\n<p>\n                            Gli eventi del fine settimana, ogni gioved\u00ec<br \/>\n                            <b>Iscriviti<\/b> e ricevi le notizie via email\n                        <\/p>\n","protected":false},"excerpt":{"rendered":"Nel Lazio e&#8217; stato registrato il primo caso di positivita&#8217; al virus West Nile del 2026. Secondo quanto&hellip;\n","protected":false},"author":3,"featured_media":579302,"comment_status":"","ping_status":"","sticky":false,"template":"","format":"standard","meta":{"footnotes":"","_share_on_mastodon":"0"},"categories":[175],"tags":[239,1537,90,89,11225,240,243,3143],"class_list":["post-579301","post","type-post","status-publish","format-standard","has-post-thumbnail","category-salute","tag-health","tag-it","tag-italia","tag-italy","tag-latina","tag-salute","tag-ultima-ora","tag-west-nile"],"share_on_mastodon":{"url":"https:\/\/pubeurope.com\/@it\/116898654272441971","error":""},"_links":{"self":[{"href":"https:\/\/www.europesays.com\/it\/wp-json\/wp\/v2\/posts\/579301","targetHints":{"allow":["GET"]}}],"collection":[{"href":"https:\/\/www.europesays.com\/it\/wp-json\/wp\/v2\/posts"}],"about":[{"href":"https:\/\/www.europesays.com\/it\/wp-json\/wp\/v2\/types\/post"}],"author":[{"embeddable":true,"href":"https:\/\/www.europesays.com\/it\/wp-json\/wp\/v2\/users\/3"}],"replies":[{"embeddable":true,"href":"https:\/\/www.europesays.com\/it\/wp-json\/wp\/v2\/comments?post=579301"}],"version-history":[{"count":0,"href":"https:\/\/www.europesays.com\/it\/wp-json\/wp\/v2\/posts\/579301\/revisions"}],"wp:featuredmedia":[{"embeddable":true,"href":"https:\/\/www.europesays.com\/it\/wp-json\/wp\/v2\/media\/579302"}],"wp:attachment":[{"href":"https:\/\/www.europesays.com\/it\/wp-json\/wp\/v2\/media?parent=579301"}],"wp:term":[{"taxonomy":"category","embeddable":true,"href":"https:\/\/www.europesays.com\/it\/wp-json\/wp\/v2\/categories?post=579301"},{"taxonomy":"post_tag","embeddable":true,"href":"https:\/\/www.europesays.com\/it\/wp-json\/wp\/v2\/tags?post=579301"}],"curies":[{"name":"wp","href":"https:\/\/api.w.org\/{rel}","templated":true}]}}