{"id":579307,"date":"2026-07-11T01:06:20","date_gmt":"2026-07-11T01:06:20","guid":{"rendered":"https:\/\/www.europesays.com\/it\/579307\/"},"modified":"2026-07-11T01:06:20","modified_gmt":"2026-07-11T01:06:20","slug":"xavier-niel-iliad-diventa-primo-azionista-di-vodafone-compra-il-16-dagli-emirati-per-52-miliardi","status":"publish","type":"post","link":"https:\/\/www.europesays.com\/it\/579307\/","title":{"rendered":"Xavier Niel (Iliad) diventa primo azionista di Vodafone: compra il 16% dagli Emirati per 5,2 miliardi"},"content":{"rendered":"<p>Il magnate francese delle telecomunicazioni punta sul gruppo britannico guidato da Margherita Della Valle: \u00abSiamo fiduciosi che potr\u00e0 garantire ritorni nel lungo termine, pronti a dare il nostro contributo\u00bb<\/p>\n<p class=\"chapter-paragraph\">\u00abChe numero devo fare per chiamare l\u2019Europa?\u00bb. La domanda scherzosa (falsamente) attribuita a Henry Kissinger ha ora una risposta: il numero da comporre \u00e8 quello di Xavier Niel. L\u2019imprenditore francese si appresta infatti a diventare primo azionista della britannica Vodafone Group, rafforzando il suo ruolo di crocevia delle telecomunicazioni europee.<\/p>\n<p>    L\u2019operazione<\/p>\n<p class=\"chapter-paragraph\">Vega, societ\u00e0 controllata dalla famiglia Niel, ha annunciato ieri un accordo  per rilevare per circa 5,1 miliardi di euro il 16,2% di Vodafone, attualmente in mano al gruppo emiratino Etisalat. Il patron di Iliad si \u00e8 detto fiducioso delle prospettive crescita del gruppo guidato da Margherita Della Valle che \u2014 dopo aver venduto le attivit\u00e0 italiane a Fastweb  e quelle in Spagna al fondo Zegona \u2014 \u00e8 attivo in Regno Unito, Germania e diversi Paesi africani. \u00abIn qualit\u00e0 di investitore di riferimento con sede in Europa, siamo pronti a contribuire al suo successo futuro con la nostra profonda esperienza nel settore e il know-how operativo\u00bb, ha sottolineato Niel. \u00abAbbiamo una comprovata esperienza nell\u2019aiutare le aziende a migliorare le proprie performance e a creare un valore sostanziale per gli azionisti\u00bb.    &#13;<br \/>\n&#13;<br \/>\n&#13;<br \/>\n&#13;<br \/>\n&#13;<br \/>\n&#13;<br \/>\n&#13;<br \/>\n&#13;<br \/>\n&#13;<br \/>\n&#13;<br \/>\n&#13;<br \/>\n&#13;<br \/>\n&#13;<br \/>\n&#13;<br \/>\n&#13;<br \/>\n&#13;<br \/>\n&#13;<br \/>\n&#13;<br \/>\n&#13;<br \/>\n&#13;<br \/>\n&#13;<br \/>\n&#13;<br \/>\n&#13;<br \/>\n&#13;<br \/>\n&#13;<br \/>\n&#13;<br \/>\n&#13;<br \/>\n&#13;<br \/>\n&#13;<br \/>\n&#13;<br \/>\n&#13;<br \/>\n&#13;<br \/>\n&#13;<br \/>\n&#13;<br \/>\n&#13;<br \/>\n&#13;<br \/>\n&#13;<br \/>\n&#13;<br \/>\n&#13;<br \/>\n&#13;<br \/>\n&#13;<br \/>\n&#13;<br \/>\n&#13;<br \/>\n&#13;<br \/>\n&#13;<br \/>\n&#13;<br \/>\n&#13;<br \/>\n&#13;<br \/>\n&#13;<br \/>\n&#13;<br \/>\n&#13;<br \/>\n&#13;<br \/>\n&#13;\n<\/p>\n<p>    La reazione<\/p>\n<p class=\"chapter-paragraph\">Vodafone ha salutato con favore l\u2019investimento di Niel che ora dovr\u00e0 ottenere il via libera anche del governo di Londra. Il 58ennne imprenditore si \u00e8 intanto impegnato a non lanciare una scalata sull\u2019intero capitale di Vodafone, a meno che non ricorrano alcune condizioni (offerte concorrenti, intese con il cda o una modifica rilevante del contesto di mercato). Insomma, mai dire mai. D\u2019altronde, partito da zero,  Niel si \u00e8 fatto strada a suon di acquisizioni, giocando in attacco in un\u2019industria, quella delle telecomunicazioni, che da tempo gioca in difesa di margini sempre pi\u00f9 ristretti. Oggi, l\u2019imprenditore francese \u00e8 a capo di un impero che spazia dall\u2019Europa all\u2019America Latina e include 26 Paesi, fra cui Italia, Francia, Polonia, Irlanda, Svezia. A cui ora si aggiungeranno anche Regno Unito e Germania, e l\u2019Africa.<\/p>\n<p>    Il ritorno<\/p>\n<p class=\"chapter-paragraph\">Per il patron di Iliad, in realt\u00e0, si tratta di un ritorno nel capitale di Vodafone. Niel aveva gi\u00e0 comprato nel 2022 il 2,5% nel gruppo britannico, salvo poi rivenderla. Iliad ha poi tentato per due volte di acquistare le attivit\u00e0 di Vodafone in Italia che, per\u00f2, sono poi finite sotto il controllo di Fastweb. Adesso Niel \u00e8 andato direttamente alla casa-madre britannica.<\/p>\n<p class=\"is-last-update\" datetime=\"2026-07-10T18:14:33+02:00\">10 luglio 2026 ( modifica il 10 luglio 2026 | 18:14)<\/p>\n<p class=\"is-copyright\">\n            \u00a9 RIPRODUZIONE RISERVATA\n        <\/p>\n","protected":false},"excerpt":{"rendered":"Il magnate francese delle telecomunicazioni punta sul gruppo britannico guidato da Margherita Della Valle: \u00abSiamo fiduciosi che potr\u00e0&hellip;\n","protected":false},"author":3,"featured_media":579308,"comment_status":"","ping_status":"","sticky":false,"template":"","format":"standard","meta":{"footnotes":"","_share_on_mastodon":"0"},"categories":[172],"tags":[178,1498,16646,3326,2304,177,392,318959,4876,3085,9380,3368,3044,54288,318960,318961,30117,5560,76078,1537,90,89,20582,318962,125737,1312,857,38683,318963,3237,24281,63730],"class_list":["post-579307","post","type-post","status-publish","format-standard","has-post-thumbnail","category-affari","tag-affari","tag-attivita","tag-azionista","tag-britannica","tag-britannico","tag-business","tag-capitale","tag-capitale-vodafone","tag-esperienza","tag-europa","tag-fastweb","tag-francese","tag-germania","tag-guidato","tag-guidato-margherita","tag-guidato-margherita-valle","tag-iliad","tag-imprenditore","tag-imprenditore-francese","tag-it","tag-italia","tag-italy","tag-margherita","tag-margherita-valle","tag-niel","tag-numero","tag-paesi","tag-patron","tag-patron-iliad","tag-pronti","tag-telecomunicazioni","tag-vodafone"],"share_on_mastodon":{"url":"https:\/\/pubeurope.com\/@it\/116898666061367894","error":""},"_links":{"self":[{"href":"https:\/\/www.europesays.com\/it\/wp-json\/wp\/v2\/posts\/579307","targetHints":{"allow":["GET"]}}],"collection":[{"href":"https:\/\/www.europesays.com\/it\/wp-json\/wp\/v2\/posts"}],"about":[{"href":"https:\/\/www.europesays.com\/it\/wp-json\/wp\/v2\/types\/post"}],"author":[{"embeddable":true,"href":"https:\/\/www.europesays.com\/it\/wp-json\/wp\/v2\/users\/3"}],"replies":[{"embeddable":true,"href":"https:\/\/www.europesays.com\/it\/wp-json\/wp\/v2\/comments?post=579307"}],"version-history":[{"count":0,"href":"https:\/\/www.europesays.com\/it\/wp-json\/wp\/v2\/posts\/579307\/revisions"}],"wp:featuredmedia":[{"embeddable":true,"href":"https:\/\/www.europesays.com\/it\/wp-json\/wp\/v2\/media\/579308"}],"wp:attachment":[{"href":"https:\/\/www.europesays.com\/it\/wp-json\/wp\/v2\/media?parent=579307"}],"wp:term":[{"taxonomy":"category","embeddable":true,"href":"https:\/\/www.europesays.com\/it\/wp-json\/wp\/v2\/categories?post=579307"},{"taxonomy":"post_tag","embeddable":true,"href":"https:\/\/www.europesays.com\/it\/wp-json\/wp\/v2\/tags?post=579307"}],"curies":[{"name":"wp","href":"https:\/\/api.w.org\/{rel}","templated":true}]}}