{"id":579311,"date":"2026-07-11T01:08:13","date_gmt":"2026-07-11T01:08:13","guid":{"rendered":"https:\/\/www.europesays.com\/it\/579311\/"},"modified":"2026-07-11T01:08:13","modified_gmt":"2026-07-11T01:08:13","slug":"bambino-investito-e-ucciso-dalla-nonna-leoni-da-tastiera-scatenano-odio-e-critiche-sui-social-il-sindaco-durighetto-siate-umani","status":"publish","type":"post","link":"https:\/\/www.europesays.com\/it\/579311\/","title":{"rendered":"Bambino investito e ucciso dalla nonna, leoni da tastiera scatenano odio e critiche sui social. Il sindaco Durighetto: \u00abSiate umani\u00bb"},"content":{"rendered":"<p><a href=\"https:\/\/www.ilgazzettino.it\/t\/zero-branco\" rel=\"nofollow noopener\" target=\"_blank\">ZERO BRANCO<\/a>\u00a0(<a href=\"https:\/\/www.ilgazzettino.it\/t\/treviso\" rel=\"nofollow noopener\" target=\"_blank\">TREVISO<\/a>) &#8211; Critiche e offese online alla famiglia di <a href=\"https:\/\/www.ilgazzettino.it\/t\/simone-chelaru\" rel=\"nofollow noopener\" target=\"_blank\">Simone Chelaru<\/a>, il bimbo <a href=\"https:\/\/www.ilgazzettino.it\/t\/investito\" rel=\"nofollow noopener\" target=\"_blank\">investito<\/a> dalla <a href=\"https:\/\/www.ilgazzettino.it\/t\/nonna\" rel=\"nofollow noopener\" target=\"_blank\">nonna<\/a> sessantaduenne nel cortile di casa in via Tiveron a Zero Branco mercoled\u00ec sera. \u00c8 la denuncia che arriva dall\u2019amministrazione comunale e, in particolare, dal sindaco Luca Durighetto, mentre la comunit\u00e0 piange senza sosta la tragedia di un bimbo di un anno e dieci mesi morto improvvisamente sotto gli occhi dei genitori. I social, in questi giorni, sono diventati uno \u201csfogatoio\u201d e un luogo di confronto virtuale, tra riferimenti razzisti, cinismo assoluto, umorismo nero e, in alcuni casi, accuse dirette non soltanto rivolte alla nonna o ai genitori, ma anche allo stesso Simone. E, anche se la Procura, attraverso una perizia cinematica, sta effettivamente indagando sulle responsabilit\u00e0 della nonna di Simone, Valentina Vicol, e sulle sue possibilit\u00e0 di evitare l\u2019incidente in quel momento, \u00e8 gi\u00e0 chiaro come l\u2019accaduto sia stato frutto di una fatalit\u00e0 tragica per tutti, in primis per l\u2019indagata.\u00a0<\/p>\n<p>    &#13;<\/p>\n<p>APPROFONDIMENTI<\/p>\n<p>&#13;<br \/>\n        &#13;<\/p>\n<p><a class=\"link_item\" data-linked_from=\"9643956\" href=\"https:\/\/www.ilgazzettino.it\/nordest\/treviso\/bambino_investito_nonna_raccomandazione_tieni_stretto_simone-9641993.html\" rel=\"nofollow noopener\" target=\"_blank\">Nipotino investito dalla nonna, la raccomandazione ai genitori prima dell\u2019incubo: \u00abTenete stretto Simone\u00bb<\/a><\/p>\n<p>L&#8217;odio <\/p>\n<p>C\u2019\u00e8 chi, tra le migliaia di commenti alla notizia, \u00e8 arrivato a digitare frasi come: \u00abTogliete la patente a questi anziani\u00bb, oppure \u00abI genitori dov\u2019erano? Dovevano tenerlo d\u2019occhio. Invece guardavano i loro smartphone. Crescete cani, che \u00e8 meglio\u00bb. Cos\u00ec, nel mezzo di un\u2019ondata di solidariet\u00e0, con una raccolta fondi per la famiglia e l\u2019offerta spontanea di psicologi professionisti per supportare i genitori e la nonna in questo momento difficilissimo, anche il veleno dei social gocciola su Zero Branco. Partendo dalla lettura di un preciso commento su Facebook (ndr, poi cancellato per la rabbia suscitata in altri utenti), che offendeva anche la memoria del bimbo oltre che la famiglia Chelaru, il sindaco Luca Durighetto ha condannato i commenti rancorosi e critici nei confronti della famiglia senza mezzi termini: \u00ab\u00c8 uno degli aspetti che mi ha colpito maggiormente in negativo \u2013 prosegue Durighetto \u2013. La comunit\u00e0 dovrebbe essere, prima di tutto, protezione, famiglia, mutuo aiuto, vicinanza, empatia e umanit\u00e0. Leggere certi commenti, assolutamente inutili oltre che offensivi, non solo nei confronti delle persone coinvolte, ma dell\u2019essere uomini prima di tutto, \u00e8 qualcosa di inaccettabile. Credo che tutti dovremmo fare un piccolo esame di coscienza. In questo momento la priorit\u00e0 deve essere il rispetto del dolore delle famiglie, il rispetto di chi sta veramente soffrendo. Mi auguro che nessuno dei miei concittadini abbia sentito l\u2019impulso di scrivere certe cose, perch\u00e9 non \u00e8 umanamente concepibile\u00bb. Anche il sindaco di Treviso, Mario Conte si \u00e8 unito in questa richiesta: \u00abIn questi momenti non esistono parole. Nessuno, come purtroppo \u00e8 successo, deve giudicare o insultare, nessuno deve puntare il dito. Solo silenzio e preghiera\u00bb.<\/p>\n<p>La famiglia <\/p>\n<p>La famiglia, nel frattempo, si \u00e8 chiusa nel dolore nell\u2019abitazione al civico 46 di via Tiveron, ma lo ha fatto ancora una volta unita. Lo scrivono anche nel necrologio: \u00abUniti nella forza dell\u2019amore\u00bb. Le responsabilit\u00e0, da una parte la nonna sessantaduenne e dall\u2019altra i genitori, Olga e Iurie, passano cos\u00ec in secondo piano. \u00abPiccolo sole dei nostri giorni, sei diventato stella del nostro cielo: continuerai a brillare in ogni nostro respiro\u00bb \u00e8 la frase che hanno scelto per annunciare la data del funerale, luned\u00ec alle 9 nella chiesa di Sant\u2019Alberto. A celebrare il rito ortodosso sar\u00e0 padre Marius Kociorva della parrocchia ortodossa romena di Treviso. Un addio che la famiglia vorrebbe fosse discreto e intimo, ma che inevitabilmente coinvolger\u00e0 tante altre famiglie come quella di Simone. A contrastare l\u2019odio sui social, la solidariet\u00e0 in paese \u00e8 tanta: i vicini si prendono cura della famiglia ogni giorno, portando loro i viveri di prima necessit\u00e0 e aiutandoli nelle mansioni quotidiane. Anche in Comune a Zero Branco alcuni professionisti, in gran parte psicologi, si sono fatti avanti, rendendosi disponibili per aiutare soprattutto nonna Valentina. Alcuni volontari hanno anche avviato una raccolta fondi per la famiglia, cos\u00ec come era stato fatto l\u2019anno scorso per il piccolo Carlo, morto a Cavallino. I Chelaru, per\u00f2, hanno dichiarato pi\u00f9 volte di voler vivere questo lutto in famiglia, stretti gli uni agli altri, nel ricordo del piccolo Simone.\u00a0<\/p>\n","protected":false},"excerpt":{"rendered":"ZERO BRANCO\u00a0(TREVISO) &#8211; Critiche e offese online alla famiglia di Simone Chelaru, il bimbo investito dalla nonna sessantaduenne&hellip;\n","protected":false},"author":3,"featured_media":579312,"comment_status":"","ping_status":"","sticky":false,"template":"","format":"standard","meta":{"footnotes":"","_share_on_mastodon":"0"},"categories":[79],"tags":[14,93,94,23102,1537,90,89,7,16493,15,318964,11,84,91,12,85,92,318965],"class_list":["post-579311","post","type-post","status-publish","format-standard","has-post-thumbnail","category-italia","tag-cronaca","tag-cronaca-italiana","tag-cronacaitaliana","tag-investito","tag-it","tag-italia","tag-italy","tag-news","tag-nonna","tag-notizie","tag-simone-chelaru","tag-ultime-notizie","tag-ultime-notizie-e-news-di-oggi","tag-ultime-notizie-italia","tag-ultimenotizie","tag-ultimenotizieenewsdioggi","tag-ultimenotizieitalia","tag-zero-branco"],"share_on_mastodon":{"url":"https:\/\/pubeurope.com\/@it\/116898673887528714","error":""},"_links":{"self":[{"href":"https:\/\/www.europesays.com\/it\/wp-json\/wp\/v2\/posts\/579311","targetHints":{"allow":["GET"]}}],"collection":[{"href":"https:\/\/www.europesays.com\/it\/wp-json\/wp\/v2\/posts"}],"about":[{"href":"https:\/\/www.europesays.com\/it\/wp-json\/wp\/v2\/types\/post"}],"author":[{"embeddable":true,"href":"https:\/\/www.europesays.com\/it\/wp-json\/wp\/v2\/users\/3"}],"replies":[{"embeddable":true,"href":"https:\/\/www.europesays.com\/it\/wp-json\/wp\/v2\/comments?post=579311"}],"version-history":[{"count":0,"href":"https:\/\/www.europesays.com\/it\/wp-json\/wp\/v2\/posts\/579311\/revisions"}],"wp:featuredmedia":[{"embeddable":true,"href":"https:\/\/www.europesays.com\/it\/wp-json\/wp\/v2\/media\/579312"}],"wp:attachment":[{"href":"https:\/\/www.europesays.com\/it\/wp-json\/wp\/v2\/media?parent=579311"}],"wp:term":[{"taxonomy":"category","embeddable":true,"href":"https:\/\/www.europesays.com\/it\/wp-json\/wp\/v2\/categories?post=579311"},{"taxonomy":"post_tag","embeddable":true,"href":"https:\/\/www.europesays.com\/it\/wp-json\/wp\/v2\/tags?post=579311"}],"curies":[{"name":"wp","href":"https:\/\/api.w.org\/{rel}","templated":true}]}}