{"id":579371,"date":"2026-07-11T02:18:18","date_gmt":"2026-07-11T02:18:18","guid":{"rendered":"https:\/\/www.europesays.com\/it\/579371\/"},"modified":"2026-07-11T02:18:18","modified_gmt":"2026-07-11T02:18:18","slug":"juventus-giovanili-chiellini-a-capo-dellarea-next-gen-scaglia-rinnova","status":"publish","type":"post","link":"https:\/\/www.europesays.com\/it\/579371\/","title":{"rendered":"Juventus giovanili: Chiellini a capo dell&#8217;area Next Gen, Scaglia rinnova"},"content":{"rendered":"<p>                                Gi\u00e0 riferimento in Seconda squadra, il dirigente allarga il raggio d&#8217;azione. Scaglia torna a curare le squadre Youth, dall&#8217;Under 17 all&#8217;Under 7<\/p>\n<p class=\"paragraph\" spellcheck=\"true\">Due grandi novit\u00e0 e un ritorno al passato nel settore giovanile della <a href=\"https:\/\/www.gazzetta.it\/calcio\/squadre\/juventus\/notizie\/\" rel=\"nofollow noopener\" target=\"_blank\">Juventus<\/a>. Nasce la squadra Under 18, diversi anni dopo la scelta di non partecipare per consentire ai propri giovani di fare un passaggio pi\u00f9 veloce in seconda squadra. La decisione viene rivista per una visione pi\u00f9 complessiva, che fa riferimento al nuovo incarico di Claudio Chiellini: gi\u00e0 a capo della Next Gen, il dirigente allargher\u00e0 il raggio d\u2019azione sulle squadre Under 20, Under 18 e sui calciatori in prestito, cos\u00ec da rendere la struttura pi\u00f9 integrata possibile. Anche per questo il club gli ha rinnovato la fiducia, sottoponendogli un nuovo contratto fino al 2028. Stesso prolungamento per Massimiliano Scaglia, che torna a capo dell\u2019Academy comprendendo le squadre dall\u2019Under 17 all\u2019Under 7, con il supporto di Davide Bellotto per le formazioni Youth che vanno dall\u2019Under 13 all\u2019Under 7.\u00a0<\/p>\n<p><a class=\"is-partner-link\" href=\"https:\/\/abbonamenti.gazzetta.it\/de-promo-mondiali\/?pwcmp=cta&amp;forceBrowser=true\" rel=\"nofollow noopener\" target=\"_blank\">Gazzetta Mondiale: ogni notte un\u2019edizione straordinaria esclusiva. Non perdertela, abbonati a 1\u20ac\/mese!<\/a><\/p>\n<p>        le parole di chiellini\u2014 \u00a0<\/p>\n<p class=\"paragraph\" spellcheck=\"true\">\u201cIn questi dodici anni ho avuto la possibilit\u00e0 di crescere insieme al club e il mio obiettivo in questo nuovo ruolo sar\u00e0 quello di sviluppare un&#8217;unica area di lavoro che comprenda Under 18, Under 20, Next Gen e giocatori in prestito, creando un percorso sempre pi\u00f9 lineare che accompagni la crescita non solo dei nostri calciatori, ma anche di allenatori, staff e dirigenti \u2013 ha spiegato il responsabile della nuova Area Next Gen del club, Claudio Chiellini -. In quest&#8217;ottica si inserisce anche la nascita dell&#8217;Under 18, un progetto che valutiamo da tempo e che rappresenta un passo importante per rendere ancora pi\u00f9 completo il percorso di formazione dei nostri giovani in modo da renderli pronti per la Prima Squadra e per il calcio professionistico\u201d. Sulla panchina della Next Gen \u00e8 stato confermato Massimo Brambilla, su quella dell&#8217;Under 20 Simone Padoin e in quella dell&#8217;Under 18 sieder\u00e0\u00a0Piero Panzanaro.<\/p>\n<p class=\"is-copyright\">\u00a9 RIPRODUZIONE RISERVATA<\/p>\n","protected":false},"excerpt":{"rendered":"Gi\u00e0 riferimento in Seconda squadra, il dirigente allarga il raggio d&#8217;azione. Scaglia torna a curare le squadre Youth,&hellip;\n","protected":false},"author":3,"featured_media":579372,"comment_status":"","ping_status":"","sticky":false,"template":"","format":"standard","meta":{"footnotes":"","_share_on_mastodon":"0"},"categories":[1452],"tags":[841,318988,318989,2482,1952,721,777,10576,318990,4123,162212,318991,554,2283,1740,7531,1537,90,89,7532,7533,1739,245,244,1857,10976,4315,305164],"class_list":["post-579371","post","type-post","status-publish","format-standard","has-post-thumbnail","category-calcio","tag-area","tag-area-next","tag-area-next-gen","tag-azione","tag-calciatori","tag-calcio","tag-capo","tag-chiellini","tag-chiellini-capo","tag-claudio","tag-claudio-chiellini","tag-claudio-chiellini-capo","tag-club","tag-dirigente","tag-football","tag-gen","tag-it","tag-italia","tag-italy","tag-next","tag-next-gen","tag-soccer","tag-sport","tag-sports","tag-squadra","tag-squadre","tag-under","tag-under-under"],"share_on_mastodon":{"url":"https:\/\/pubeurope.com\/@it\/116898949034574155","error":""},"_links":{"self":[{"href":"https:\/\/www.europesays.com\/it\/wp-json\/wp\/v2\/posts\/579371","targetHints":{"allow":["GET"]}}],"collection":[{"href":"https:\/\/www.europesays.com\/it\/wp-json\/wp\/v2\/posts"}],"about":[{"href":"https:\/\/www.europesays.com\/it\/wp-json\/wp\/v2\/types\/post"}],"author":[{"embeddable":true,"href":"https:\/\/www.europesays.com\/it\/wp-json\/wp\/v2\/users\/3"}],"replies":[{"embeddable":true,"href":"https:\/\/www.europesays.com\/it\/wp-json\/wp\/v2\/comments?post=579371"}],"version-history":[{"count":0,"href":"https:\/\/www.europesays.com\/it\/wp-json\/wp\/v2\/posts\/579371\/revisions"}],"wp:featuredmedia":[{"embeddable":true,"href":"https:\/\/www.europesays.com\/it\/wp-json\/wp\/v2\/media\/579372"}],"wp:attachment":[{"href":"https:\/\/www.europesays.com\/it\/wp-json\/wp\/v2\/media?parent=579371"}],"wp:term":[{"taxonomy":"category","embeddable":true,"href":"https:\/\/www.europesays.com\/it\/wp-json\/wp\/v2\/categories?post=579371"},{"taxonomy":"post_tag","embeddable":true,"href":"https:\/\/www.europesays.com\/it\/wp-json\/wp\/v2\/tags?post=579371"}],"curies":[{"name":"wp","href":"https:\/\/api.w.org\/{rel}","templated":true}]}}