{"id":579451,"date":"2026-07-11T03:49:19","date_gmt":"2026-07-11T03:49:19","guid":{"rendered":"https:\/\/www.europesays.com\/it\/579451\/"},"modified":"2026-07-11T03:49:19","modified_gmt":"2026-07-11T03:49:19","slug":"ciccio-valenti-su-khalaili-viene-allinter-ci-mancherebbe-anche-che","status":"publish","type":"post","link":"https:\/\/www.europesays.com\/it\/579451\/","title":{"rendered":"Ciccio Valenti su Khalaili: &#8220;Viene all&#8217;Inter, ci mancherebbe anche che&#8230;&#8221;"},"content":{"rendered":"<p>\n<strong>Scegli Golssip come tuo sito preferito su Google: <a href=\"https:\/\/www.google.com\/preferences\/source?q=golssip.it\" rel=\"nofollow noopener\" target=\"_blank\">clicca qui<\/a><\/strong>\n<\/p>\n<p>\nL&#8217;<strong>Inter<\/strong> ha trovato il sostituto di <strong>Denzel Dumfries<\/strong>. Dopo la trattativa naufragata per <strong>Marco Palestra<\/strong> i dirigenti nerazzurri hanno chiuso per <strong>Anan Khalaili<\/strong>, giocatore dell&#8217;<strong>Union Saint Gilloise<\/strong>. L&#8217;operazione si \u00e8 conclusa per 25 mln di euro pi\u00f9 bonus. In queste ore si \u00e8 parlato anche del fattore <strong>Cristian<\/strong> <strong>Chivu<\/strong>, che avrebbe ulteriormente convinto il giocatore a sposare il progetto Inter. Su questo tema si \u00e8 espresso anche <strong>Ciccio Valenti<\/strong>.\n<\/p>\n<p>        <img src=\"https:\/\/www.europesays.com\/it\/wp-content\/uploads\/2026\/07\/GettyImages-2276404996-1-1bbc66c0df47-480x320.jpg\"   width=\"1200\" height=\"800\" alt=\"GettyImages-2276404996 (1)\" title=\"GettyImages-2276404996 (1)\" loading=\"lazy\" decoding=\"async\" class=\"w-full h-auto rounded-lg\"\/><\/p>\n<p>\n&#8220;Pare che arrivi\u2026 \u201c determinante la capacit\u00e0 di persuasione di <strong>Chivu<\/strong> \u2026\u201d aspetta, aspetta\u2026 dobbiamo convincere uno a lasciare dei frati belgi per giocare a San Siro nell\u2019 <strong>Inter<\/strong>? Mah\u2026 che si mettesse al lavoro e che i frati contassero 25 pallettoni\u2026&#8221;, ha commentato <strong>Ciccio Valenti<\/strong> quando la trattativa per <strong>Anan Khalaili<\/strong> sembrava andare per le lunghe. &#8220;Io scontento? No assolutamente. Ma stai venendo all\u2019Inter ci mancherebbe ci fosse da convincerti&#8221;, ha concluso Valenti con la consueta ironia che piace ai tifosi.\n<\/p>\n<p>        <img src=\"https:\/\/www.europesays.com\/it\/wp-content\/uploads\/2026\/07\/8a51df1ddacc1e5a3111c28a37e3c456-1024x582.jpg\"   width=\"1490\" height=\"847\" alt=\"ciccio-valenti\" title=\"ciccio-valenti\" loading=\"eager\" fetchpriority=\"high\" decoding=\"sync\" class=\"w-full h-auto aspect-3\/2 object-cover object-top rounded-lg\"\/><\/p>\n<blockquote class=\"twitter-tweet\" data-dnt=\"true\">\n<p lang=\"it\" dir=\"ltr\">Pare che arrivi\u2026 \u201c determinante la capacit\u00e0 di persuasione di Chivu \u2026\u201d aspetta, aspetta\u2026 dobbiamo convincere uno a lasciare dei frati belgi per giocare a San Siro nell\u2019 Inter? Mah\u2026 che si mettesse al lavoro e che i frati contassero 25 pallettoni\u2026<\/p>\n<p>\u2014 GiacomoCiccioValenti (@cicciovalenti) <a href=\"https:\/\/x.com\/cicciovalenti\/status\/2075266850032611643?ref_src=twsrc%5Etfw\" rel=\"nofollow\">July 9, 2026<\/a><\/p><\/blockquote>\n","protected":false},"excerpt":{"rendered":"Scegli Golssip come tuo sito preferito su Google: clicca qui L&#8217;Inter ha trovato il sostituto di Denzel Dumfries.&hellip;\n","protected":false},"author":3,"featured_media":579452,"comment_status":"","ping_status":"","sticky":false,"template":"","format":"standard","meta":{"footnotes":"","_share_on_mastodon":"0"},"categories":[176],"tags":[309413,270189,36578,319021,319022,7196,319023,319024,319025,319026,2839,89731,190345,8870,350,1537,90,89,192610,245,244,2981,210602],"class_list":["post-579451","post","type-post","status-publish","format-standard","has-post-thumbnail","category-sport","tag-anan","tag-anan-khalaili","tag-arrivi","tag-arrivi-determinante","tag-arrivi-determinante-capacita","tag-aspetta","tag-aspetta-aspetta","tag-aspetta-aspetta-dobbiamo","tag-aspetta-dobbiamo","tag-aspetta-dobbiamo-convincere","tag-chivu","tag-ciccio","tag-ciccio-valenti","tag-frati","tag-inter","tag-it","tag-italia","tag-italy","tag-khalaili","tag-sport","tag-sports","tag-trattativa","tag-valenti"],"share_on_mastodon":{"url":"https:\/\/pubeurope.com\/@it\/116899307468574930","error":""},"_links":{"self":[{"href":"https:\/\/www.europesays.com\/it\/wp-json\/wp\/v2\/posts\/579451","targetHints":{"allow":["GET"]}}],"collection":[{"href":"https:\/\/www.europesays.com\/it\/wp-json\/wp\/v2\/posts"}],"about":[{"href":"https:\/\/www.europesays.com\/it\/wp-json\/wp\/v2\/types\/post"}],"author":[{"embeddable":true,"href":"https:\/\/www.europesays.com\/it\/wp-json\/wp\/v2\/users\/3"}],"replies":[{"embeddable":true,"href":"https:\/\/www.europesays.com\/it\/wp-json\/wp\/v2\/comments?post=579451"}],"version-history":[{"count":0,"href":"https:\/\/www.europesays.com\/it\/wp-json\/wp\/v2\/posts\/579451\/revisions"}],"wp:featuredmedia":[{"embeddable":true,"href":"https:\/\/www.europesays.com\/it\/wp-json\/wp\/v2\/media\/579452"}],"wp:attachment":[{"href":"https:\/\/www.europesays.com\/it\/wp-json\/wp\/v2\/media?parent=579451"}],"wp:term":[{"taxonomy":"category","embeddable":true,"href":"https:\/\/www.europesays.com\/it\/wp-json\/wp\/v2\/categories?post=579451"},{"taxonomy":"post_tag","embeddable":true,"href":"https:\/\/www.europesays.com\/it\/wp-json\/wp\/v2\/tags?post=579451"}],"curies":[{"name":"wp","href":"https:\/\/api.w.org\/{rel}","templated":true}]}}