{"id":579471,"date":"2026-07-11T04:11:14","date_gmt":"2026-07-11T04:11:14","guid":{"rendered":"https:\/\/www.europesays.com\/it\/579471\/"},"modified":"2026-07-11T04:11:14","modified_gmt":"2026-07-11T04:11:14","slug":"premio-citta-creativa-unesco-larte-strumento-di-dialogo-giovani-scultori-in-vetrina","status":"publish","type":"post","link":"https:\/\/www.europesays.com\/it\/579471\/","title":{"rendered":"Premio citt\u00e0 creativa Unesco. L\u2019arte strumento di dialogo. Giovani scultori in vetrina"},"content":{"rendered":"<p>Il Club per l\u2019Unesco &#8220;Carrara dei Marmi&#8221; di Massa \u2013 Carrara Odv in collaborazione con il Comune di Carrara e la Federazione Italiana delle Associazioni e Club per l\u2019Unesco organizza il Premio Carrara Citt\u00e0 Creativa Unesco, giunto alla sua decima edizione: si svolger\u00e0 dal 7 settembre al 2 ottobre 2026 come forum internazionale e residenza d\u2019artista dedicata ai giovani scultori del marmo. Promosso dal Club per l\u2019Unesco &#8220;Carrara dei Marmi&#8221; di Massa Carrara Odv, il progetto nasce con l\u2019obiettivo di valorizzare l\u2019arte come strumento di dialogo, sostenibilit\u00e0, salute e pace. Attraverso la creazione scultorea, i partecipanti saranno invitati a dare voce ai valori Unesco e al messaggio simbolico racchiuso nel motto &#8220;\u2026quando i cannoni tacciono si odono le muse\u2026&#8221;. <\/p>\n<p>L\u2019iniziativa \u00e8 realizzata in collaborazione con il Comune di Carrara e la Federazione Italiana delle Associazioni e Club per l\u2019Unesco. Il concorso rappresenta cos\u00ec un\u2019importante occasione di incontro culturale e creativo nel cuore della tradizione del marmo di Carrara. &#8220;Il marmo \u00e8 faticoso, ha portato lutti e dolori, ma \u00e8 anche la materia dell\u2019arte di Michelangelo. Nel dare Carrara \u00e8 stata generosa: noi abbiamo pochi monumenti ma in compenso al mondo abbiamo dato tanto, non c\u2019\u00e8 luogo dove non ci sia una scultura in marmo, siamo andati all\u2019estero portando la nostra identit\u00e0&#8221; ha detto la Presidente Unesco Maria Grazia Passani. &#8220;Il vostro Club \u00e8 molto attivo: a ottobre sar\u00e0 la quinta volta che vengo a Carrara nel giro di tre anni. Non esiste altra citt\u00e0 tra gli oltre 100 Club Unesco di cui possa dire altrettanto&#8221; ha fatto eco Mauro Macale, presidente della Federazione Unesco. <\/p>\n<p>&#8220;Quella dell\u2019Unesco \u00e8 una famiglia numerosa, motivata e resiliente. La partita di ospitare qui giovani e trovare le location adatte \u00e8 difficile, occorre un gioco di squadra, una rete forte e potente&#8221; ha ribadito l\u2019assessora alla Cultura Gea Dazzi, che ha anche tenuto a sottolineare quello che \u00e8 il tema di quest\u2019anno, la pace: &#8220;A tal fine posso preannunciare che come amministrazione terremo tavoli per la pace en plein air, probabilmente in piazza Gramsci&#8221;. Mentre Giuseppe Biagini ha ricordato che dieci anni fa negli Usa la Fondazione per le Citt\u00e0 Creative aggiunse Carrara pezzo mancante: &#8220;La creativit\u00e0 che c\u2019\u00e8 qui non c\u2019\u00e8 da nessun\u2019altra parte del mondo, in tanti vengono a imparare ma il Genius Loci \u00e8 solo qui&#8221;. Infine Luciano Massari: &#8220;Gli aspiranti artisti non devono avere gi\u00e0 un curriculum ma devono ancora trovare la propria strada, nella speranza che si radichino qui. \u00c8 un territorio che ha bisogno di alto artigianato e artisti&#8221;. Per ora ci sono stati interessamenti da Istanbul e anche dal Cile. Francesca Frediani<\/p>\n","protected":false},"excerpt":{"rendered":"Il Club per l\u2019Unesco &#8220;Carrara dei Marmi&#8221; di Massa \u2013 Carrara Odv in collaborazione con il Comune di&hellip;\n","protected":false},"author":3,"featured_media":579472,"comment_status":"","ping_status":"","sticky":false,"template":"","format":"standard","meta":{"footnotes":"","_share_on_mastodon":"0"},"categories":[1446],"tags":[1615,1613,1614,1611,1610,1819,63633,1612,3875,203,1598,204,1537,90,89,776,319040,6566,10472,8280],"class_list":["post-579471","post","type-post","status-publish","format-standard","has-post-thumbnail","category-arte-e-design","tag-arte","tag-arte-e-design","tag-arteedesign","tag-arts","tag-arts-and-design","tag-citta","tag-creativa","tag-design","tag-dialogo","tag-entertainment","tag-giovani","tag-intrattenimento","tag-it","tag-italia","tag-italy","tag-premio","tag-scultori","tag-strumento","tag-unesco","tag-vetrina"],"share_on_mastodon":{"url":"https:\/\/pubeurope.com\/@it\/116899393303010351","error":""},"_links":{"self":[{"href":"https:\/\/www.europesays.com\/it\/wp-json\/wp\/v2\/posts\/579471","targetHints":{"allow":["GET"]}}],"collection":[{"href":"https:\/\/www.europesays.com\/it\/wp-json\/wp\/v2\/posts"}],"about":[{"href":"https:\/\/www.europesays.com\/it\/wp-json\/wp\/v2\/types\/post"}],"author":[{"embeddable":true,"href":"https:\/\/www.europesays.com\/it\/wp-json\/wp\/v2\/users\/3"}],"replies":[{"embeddable":true,"href":"https:\/\/www.europesays.com\/it\/wp-json\/wp\/v2\/comments?post=579471"}],"version-history":[{"count":0,"href":"https:\/\/www.europesays.com\/it\/wp-json\/wp\/v2\/posts\/579471\/revisions"}],"wp:featuredmedia":[{"embeddable":true,"href":"https:\/\/www.europesays.com\/it\/wp-json\/wp\/v2\/media\/579472"}],"wp:attachment":[{"href":"https:\/\/www.europesays.com\/it\/wp-json\/wp\/v2\/media?parent=579471"}],"wp:term":[{"taxonomy":"category","embeddable":true,"href":"https:\/\/www.europesays.com\/it\/wp-json\/wp\/v2\/categories?post=579471"},{"taxonomy":"post_tag","embeddable":true,"href":"https:\/\/www.europesays.com\/it\/wp-json\/wp\/v2\/tags?post=579471"}],"curies":[{"name":"wp","href":"https:\/\/api.w.org\/{rel}","templated":true}]}}