{"id":579494,"date":"2026-07-11T04:38:13","date_gmt":"2026-07-11T04:38:13","guid":{"rendered":"https:\/\/www.europesays.com\/it\/579494\/"},"modified":"2026-07-11T04:38:13","modified_gmt":"2026-07-11T04:38:13","slug":"ecco-i-dialoghi-con-il-novecento-dalla-collezione-di-elio-giuliani-uno-spaccato-sulla-pittura-che-vale","status":"publish","type":"post","link":"https:\/\/www.europesays.com\/it\/579494\/","title":{"rendered":"Ecco i \u2018Dialoghi con il Novecento\u2018. Dalla collezione di Elio Giuliani uno spaccato sulla pittura che vale"},"content":{"rendered":"<p>&#8220;Per fortuna che Elio (Giuliani) c\u2019\u00e8&#8221;. Un obbligo dirlo. Perch\u00e9 per organizzare una <strong>mostra di dipinti<\/strong> su una <strong>Pesaro<\/strong> che non c\u2019\u00e8 pi\u00f9, l\u2019amministrazione comunale \u00e8 dovuta ricorrere alla sua bella <strong>collezione di dipinti<\/strong>. Un lavoro di passione e di amore per l\u2019arte che va avanti da 42 anni. &#8220;Per fortuna che Elio c\u2019\u00e8&#8221;, va ribadito, perch\u00e9 tutta la raccolta dei pittori del Novecento della Fondazione Cassa di Risparmio \u00e8 finita al palazzo Ducale di Urbino. Comunque sia ieri ai <strong>Musei Civici<\/strong> \u00e8 stata presentata una selezione di circa cento dipinti della collezione di Elio Giuliani che da oggi fino all\u201911 ottobre, giorno di chiusura, sar\u00e0 visitabile tutti i giorni. Alla presentazione di questa mostra \u2013 l\u2019anno scorso una esposizione dei dipinti di propriet\u00e0 di Giuliani \u00e8 stata ospitata a palazzo Bracci Pagani dalla Fondazione Carifano a Fano \u2013, oltre al giornalista-collezionista anche il curatore Roberto Bua, della presidente della commissione Cultura dell\u2019amministrazione Anna Maria Mattioli, del presidente della fondazione Pescheria Claudio Olmeda che ha promosso l\u2019appuntamento. Naturalmente alla presentazione era presente anche il sindaco Andrea Biancani che ha avuto parole di apprezzamento per Giuliani e per la sua cultura e per il suo amore del territorio.<\/p>\n<p>La mostra che \u00e8 intitolata <strong>Dialoghi con il Novecento<\/strong> si snoda in quattro sale al primo piano dei musei Civici di palazzo Toschi Mosca. Un grande amarcord di una citt\u00e0 che nei decenni ha cambiato i suoi profili: dalle marine, ai viali della zona mare, a baia Flaminia, fino ai gozzi che navigano sul Foglia. Cartoline grandi firme perch\u00e9 si va da Caff\u00e9 a Gallucci, da Bonetti a Baratti, da Bucci a Wildi, da Carnevali a Vangi dimenticandone tanti altri che hanno segnato il Novecento pittorico pesarese perch\u00e9 l\u2019elenco \u00e8 molto lungo. Particolari, tra i tanti esposti due \u201cpezzi\u201c firmati dal fanese Emilio Antonioni, una delle espressioni pi\u00f9 alte dell\u2019arte fanese, che ritraggono i compagni di sofferenza nel periodo in cui Antonioni fu ricoverato all\u2019ospedale psichiatrico San Benedetto, lungo corso XI Settembre. Una presentazione che avviene mentre nell\u2019androne un gruppo di turisti si ferma ad ammirare la grande Medusa del Mengaroni, perch\u00e9 in questa esposizione c\u2019\u00e8 anche un altro filo conduttore e cio\u00e8 quello che lega la pittura alla ceramica, il tutto mentre all\u2019esterno la grande opera in marmo di Giuliano Vangi \u00e8 circondata da camioncini e muratori che stanno lavorando proprio nell\u2019allestire le sale che ospiteranno le sue sculture.<\/p>\n<p>Un contributo nell\u2019allestimento arriva anche dal pubblico e cio\u00e8 dalla collezione del Novecento dei Musei Civici come la serra degli Orti Giuli di Bazzali, una marina di Cancelli e una natura morta di Pavisa. Giuliani ci tiene a dire soprattutto una cosa, lui era partito giovanissimo con i dipinti dj Naponelli, &#8220;che questa mostra la dedico a Gastone Bertozzini&#8221; un altro grande collezionista, ex presidente di Confindustria morto qualche settimana fa.<\/p>\n<p>E questa mostra basata sulla collezione Giuliani si chiude con una grande opera: il primo amore del collezionista e cio\u00e8 La Giostra di Naponelli l\u2019artista di via Cecchi che con i suoi colori intensi cattur\u00f2 l\u2019attenzione di tantissimi collezionisti non solo pesaresi.<\/p>\n<p>m. g.<\/p>\n","protected":false},"excerpt":{"rendered":"&#8220;Per fortuna che Elio (Giuliani) c\u2019\u00e8&#8221;. Un obbligo dirlo. Perch\u00e9 per organizzare una mostra di dipinti su una&hellip;\n","protected":false},"author":3,"featured_media":579495,"comment_status":"","ping_status":"","sticky":false,"template":"","format":"standard","meta":{"footnotes":"","_share_on_mastodon":"0"},"categories":[1446],"tags":[1615,1613,1614,1611,1610,16802,1612,81165,203,3169,204,1537,90,89,16631,16756,59129],"class_list":["post-579494","post","type-post","status-publish","format-standard","has-post-thumbnail","category-arte-e-design","tag-arte","tag-arte-e-design","tag-arteedesign","tag-arts","tag-arts-and-design","tag-collezione","tag-design","tag-dialoghi","tag-entertainment","tag-giuliani","tag-intrattenimento","tag-it","tag-italia","tag-italy","tag-novecento","tag-pittura","tag-spaccato"],"share_on_mastodon":{"url":"https:\/\/pubeurope.com\/@it\/116899499358531301","error":""},"_links":{"self":[{"href":"https:\/\/www.europesays.com\/it\/wp-json\/wp\/v2\/posts\/579494","targetHints":{"allow":["GET"]}}],"collection":[{"href":"https:\/\/www.europesays.com\/it\/wp-json\/wp\/v2\/posts"}],"about":[{"href":"https:\/\/www.europesays.com\/it\/wp-json\/wp\/v2\/types\/post"}],"author":[{"embeddable":true,"href":"https:\/\/www.europesays.com\/it\/wp-json\/wp\/v2\/users\/3"}],"replies":[{"embeddable":true,"href":"https:\/\/www.europesays.com\/it\/wp-json\/wp\/v2\/comments?post=579494"}],"version-history":[{"count":0,"href":"https:\/\/www.europesays.com\/it\/wp-json\/wp\/v2\/posts\/579494\/revisions"}],"wp:featuredmedia":[{"embeddable":true,"href":"https:\/\/www.europesays.com\/it\/wp-json\/wp\/v2\/media\/579495"}],"wp:attachment":[{"href":"https:\/\/www.europesays.com\/it\/wp-json\/wp\/v2\/media?parent=579494"}],"wp:term":[{"taxonomy":"category","embeddable":true,"href":"https:\/\/www.europesays.com\/it\/wp-json\/wp\/v2\/categories?post=579494"},{"taxonomy":"post_tag","embeddable":true,"href":"https:\/\/www.europesays.com\/it\/wp-json\/wp\/v2\/tags?post=579494"}],"curies":[{"name":"wp","href":"https:\/\/api.w.org\/{rel}","templated":true}]}}