{"id":579600,"date":"2026-07-11T06:34:17","date_gmt":"2026-07-11T06:34:17","guid":{"rendered":"https:\/\/www.europesays.com\/it\/579600\/"},"modified":"2026-07-11T06:34:17","modified_gmt":"2026-07-11T06:34:17","slug":"e-un-cellulare-quel-dettaglio-nella-foto-dei-mondiali-del-1962-le-teorie-bufale-del-viaggiatore-nel-tempo","status":"publish","type":"post","link":"https:\/\/www.europesays.com\/it\/579600\/","title":{"rendered":"\u00ab\u00c9 un cellulare quel dettaglio nella foto dei Mondiali del 1962?\u00bb: le teorie (bufale) del viaggiatore nel tempo"},"content":{"rendered":"<p class=\"summary-art is-normal-b-light\">Un&#8217;immagine che ritrae il capitano del Brasile Mauro Ramos \u00e8 molto discussa online per un dettaglio che sembra stonare con l&#8217;epoca in cui \u00e8 stata scattata. Ma c&#8217;\u00e8 una spiegazione<\/p>\n<p class=\"chapter-paragraph\">\u00c8 il <b>1962<\/b>, la settima edizione del Mondiale di calcio si \u00e8 appena conclusa. Il Cile, Paese ospitante, <b>celebra la vittoria dei\u00a0\u00abvicini\u00bb brasiliani.<\/b> Il capitano <b>Mauro Ramos<\/b> alza la coppa e i tanti fotografi si apprestano a immortalare un momento storico. Uno di questi scatti \u00e8 recentemente diventato virale &#8211; complice probabilmente il Mondiale che si sta giocando negli Stati Uniti &#8211; per <b>un dettaglio <\/b>che ha fatto spalancare gli occhi a molti utenti online. In primo piano, proprio sotto a Ramos, <b>una mano tiene bene in vita quello che sembra essere un telefono cellulare<\/b>. Un dispositivo che, nel 1962, era ancora lontano persino dall&#8217;essere inventato.\u00a0<\/p>\n<p class=\"chapter-paragraph\">Le teorie su come un cellulare possa essere arrivato in Cile, alla finale del Mondiale, nel 1962, sono le pi\u00f9 strampalate. C&#8217;\u00e8 addirittura chi propone che colui o colei che sta impugnando questo oggetto del futuro<b> sia un viaggiatore nel tempo.<\/b> Guardandolo, sembra avere le caratteristiche estetiche di uno <b>StarTac<\/b>, il cellulare che Motorola ha lanciato nel 1996. Ovvero 34 anni dopo. Ovviamente questa non pu\u00f2 essere la spiegazione: osservando nel dettaglio la fotografia in bianco e nero \u00e8 ben pi\u00f9 chiaro che questo misterioso dispositivo non \u00e8 decisamente un telefono.    &#13;<br \/>\n&#13;<br \/>\n&#13;<br \/>\n&#13;<br \/>\n&#13;<br \/>\n&#13;<br \/>\n&#13;<br \/>\n&#13;<br \/>\n&#13;<br \/>\n&#13;<br \/>\n&#13;<br \/>\n&#13;<br \/>\n&#13;<br \/>\n&#13;<br \/>\n&#13;<br \/>\n&#13;<br \/>\n&#13;<br \/>\n&#13;<br \/>\n&#13;<br \/>\n&#13;<br \/>\n&#13;<br \/>\n&#13;<br \/>\n&#13;<br \/>\n&#13;<br \/>\n&#13;<br \/>\n&#13;<br \/>\n&#13;<br \/>\n&#13;<br \/>\n&#13;<br \/>\n&#13;<br \/>\n&#13;<br \/>\n&#13;<br \/>\n&#13;<br \/>\n&#13;<br \/>\n&#13;<br \/>\n&#13;<br \/>\n&#13;<br \/>\n&#13;<br \/>\n&#13;<br \/>\n&#13;<br \/>\n&#13;<br \/>\n&#13;<br \/>\n&#13;<br \/>\n&#13;<br \/>\n&#13;<br \/>\n&#13;<br \/>\n&#13;<br \/>\n&#13;<br \/>\n&#13;<br \/>\n&#13;<br \/>\n&#13;<br \/>\n&#13;<br \/>\n&#13;\n<\/p>\n<p class=\"chapter-paragraph\">Si tratta invece di una<b> fotocamera box,<\/b> anche chiamata fotocamera a cassetta: un dispositivo fotografico che negli anni &#8217;60 era molto utilizzato. Di forma rettangolare, \u00e8 dotato di un obiettivo a una delle estremit\u00e0 e di una pellicola o lastra sensibile dall&#8217;altra. <b>Erano molto diffusi perch\u00e9 facili da utilizzare<\/b>, senza bisogno di operazioni per mettere a fuoco o regolare l&#8217;esposizione. Lo scatto lo ritrae da una <b>angolazione particolare\u00a0<\/b>e lo fa assomigliare &#8211; perlomeno da lontano &#8211; a un cellulare a conchiglia. <b>L&#8217;impugnatura<\/b>, con una sola mano per arrivare oltre la folla, ha fatto il resto.<\/p>\n<p>Per non perdere le ultime novit\u00e0 su tecnologia e innovazione<br \/>iscriviti alla <a href=\"https:\/\/www.corriere.it\/newsletter\/?id=53\" style=\"text-decoration: underline;\" rel=\"nofollow noopener\" target=\"_blank\">newsletter di Login<\/a><\/p>\n<p class=\"is-last-update\" datetime=\"2026-07-10T16:44:47+02:00\">10 luglio 2026<\/p>\n<p class=\"is-copyright\">\n            \u00a9 RIPRODUZIONE RISERVATA\n        <\/p>\n","protected":false},"excerpt":{"rendered":"Un&#8217;immagine che ritrae il capitano del Brasile Mauro Ramos \u00e8 molto discussa online per un dettaglio che sembra&hellip;\n","protected":false},"author":3,"featured_media":579601,"comment_status":"","ping_status":"","sticky":false,"template":"","format":"standard","meta":{"footnotes":"","_share_on_mastodon":"0"},"categories":[173],"tags":[3811,8230,12206,17033,26599,4934,53803,1537,90,89,962,26758,319073,1353,1315,24823,155161,195,198,199,197,200,201,17844,194,196,5485,19443,84833],"class_list":["post-579600","post","type-post","status-publish","format-standard","has-post-thumbnail","category-scienza-e-tecnologia","tag-addirittura","tag-capitano","tag-cellulare","tag-cile","tag-dettaglio","tag-dispositivo","tag-fotocamera","tag-it","tag-italia","tag-italy","tag-mano","tag-mauro","tag-mauro-ramos","tag-mondiale","tag-online","tag-ramos","tag-ritrae","tag-science","tag-science-and-technology","tag-scienceandtechnology","tag-scienza","tag-scienza-e-tecnologia","tag-scienzaetecnologia","tag-spiegazione","tag-technology","tag-tecnologia","tag-telefono","tag-teorie","tag-viaggiatore"],"share_on_mastodon":{"url":"https:\/\/pubeurope.com\/@it\/116899955800621575","error":""},"_links":{"self":[{"href":"https:\/\/www.europesays.com\/it\/wp-json\/wp\/v2\/posts\/579600","targetHints":{"allow":["GET"]}}],"collection":[{"href":"https:\/\/www.europesays.com\/it\/wp-json\/wp\/v2\/posts"}],"about":[{"href":"https:\/\/www.europesays.com\/it\/wp-json\/wp\/v2\/types\/post"}],"author":[{"embeddable":true,"href":"https:\/\/www.europesays.com\/it\/wp-json\/wp\/v2\/users\/3"}],"replies":[{"embeddable":true,"href":"https:\/\/www.europesays.com\/it\/wp-json\/wp\/v2\/comments?post=579600"}],"version-history":[{"count":0,"href":"https:\/\/www.europesays.com\/it\/wp-json\/wp\/v2\/posts\/579600\/revisions"}],"wp:featuredmedia":[{"embeddable":true,"href":"https:\/\/www.europesays.com\/it\/wp-json\/wp\/v2\/media\/579601"}],"wp:attachment":[{"href":"https:\/\/www.europesays.com\/it\/wp-json\/wp\/v2\/media?parent=579600"}],"wp:term":[{"taxonomy":"category","embeddable":true,"href":"https:\/\/www.europesays.com\/it\/wp-json\/wp\/v2\/categories?post=579600"},{"taxonomy":"post_tag","embeddable":true,"href":"https:\/\/www.europesays.com\/it\/wp-json\/wp\/v2\/tags?post=579600"}],"curies":[{"name":"wp","href":"https:\/\/api.w.org\/{rel}","templated":true}]}}