{"id":579677,"date":"2026-07-11T07:47:16","date_gmt":"2026-07-11T07:47:16","guid":{"rendered":"https:\/\/www.europesays.com\/it\/579677\/"},"modified":"2026-07-11T07:47:16","modified_gmt":"2026-07-11T07:47:16","slug":"robert-de-niro-a-roma-per-i-50-anni-di-novecento-di-bertolucci-appuntamento-il-13-luglio-a-san-cosimato","status":"publish","type":"post","link":"https:\/\/www.europesays.com\/it\/579677\/","title":{"rendered":"Robert De Niro a Roma per i 50 anni di \u00abNovecento\u00bb di Bertolucci: appuntamento il 13 luglio a San Cosimato"},"content":{"rendered":"<p>Dopo la trasferta capitolina in occasione dell\u2019inaugurazione di Nobu in via Veneto (hotel e ristorante di cui \u00e8 patron), l&#8217;attore Premio Oscar torna in citt\u00e0 ospite della rassegna  Cinema in Piazza, in dialogo con Monda e Carocci<\/p>\n<p class=\"chapter-paragraph\"><b>Robert De Niro torna a Roma<\/b>. E stavolta non per parlare di <b><a href=\"https:\/\/roma.corriere.it\/notizie\/cronaca\/25_novembre_07\/roma-robert-de-niro-apre-il-primo-nobu-hotel-restaurant-d-italia-e-speciale-aprire-in-una-citta-unica-che-amo-molto-20d1ebf2-cc34-40ef-884a-91ecee50cxlk.shtml\" rel=\"nofollow noopener\" target=\"_blank\">Nobu (l\u2019hotel ristorante di cui \u00e8 patron, in via Veneto)<\/a><\/b>, niente cerimonie istituzionali \u2014 la Lupa Capitolina l\u2019ha ritirata lo scorso novembre \u2014 ma solo cinema. Luned\u00ec 13 luglio sar\u00e0 ospite della rassegna  Cinema in Piazza per presentare la proiezione di Novecento di Bernardo Bertolucci, in occasione del cinquantesimo anniversario dell\u2019uscita del film, nell\u2019arena di piazza San Cosimato. Una serata in cui il Premio Oscar italoamericano dialogher\u00e0 con Antonio Monda e <b>Valerio Carocci<\/b>, presidente del <b><a href=\"https:\/\/roma.corriere.it\/notizie\/cronaca\/26_giugno_24\/piccolo-america-e-campidoglio-e-rottura-ora-una-lista-civica-contro-gualtieri-i-big-del-cinema-da-virzi-a-borghi-e-marinelli-noi-61757a06-f181-4527-a574-ae56249e5xlk.shtml\" rel=\"nofollow noopener\" target=\"_blank\">Piccolo America<\/a><\/b> che organizza l\u2019evento.<\/p>\n<p>    Il capolavoro del 1976<\/p>\n<p class=\"chapter-paragraph\">Per l\u2019attore italoamericano e il regista emiliano il <b><a href=\"https:\/\/www.corriere.it\/spettacoli\/cinema-serie-tv\/cards\/novecento-stasera-tv-sequestro-oscenita-avances-depardieu-stefania-sandrelli-ecco-21-segreti\/film_principale.shtml\" rel=\"nofollow noopener\" target=\"_blank\">capolavoro del 1976<\/a><\/b> non fu una semplice collaborazione professionale, ma l\u2019inizio di una profonda amicizia. E per De Niro anche di una metamorfosi identitaria sullo schermo. Bertolucci lo volle  che era fresco del trionfo de \u00ab<b>Il Padrino &#8211; Parte II<\/b>\u00bb, per affidargli il ruolo del possidente Alfredo Berlinghieri, segnandone per sempre la carriera e il suo rapporto con l\u2019Italia (i nonni erano molisani). Lo scelse \u2014 attore metodico e struggente \u2014 per contrapporlo al volto spigoloso e ai modi pi\u00f9 rudi di <b><a href=\"https:\/\/roma.corriere.it\/notizie\/cronaca\/26_gennaio_19\/dopo-la-rissa-la-pace-depardieu-incontra-barillari-l-attore-francese-e-il-re-dei-paparazzi-all-harry-s-bar-di-via-veneto-946d9c14-4df2-467f-82e5-5d89dd722xlk.shtml\" rel=\"nofollow noopener\" target=\"_blank\">G\u00e9rard Depardieu<\/a><\/b> (nei panni di Olmo, figlio di contadini della Pianura Padana). E la sua recitazione cerebrale sfid\u00f2 l\u2019istinto puro del collega francese.    &#13;<br \/>\n&#13;<br \/>\n&#13;<br \/>\n&#13;<br \/>\n&#13;<br \/>\n&#13;<br \/>\n&#13;<br \/>\n&#13;<br \/>\n&#13;<br \/>\n&#13;<br \/>\n&#13;<br \/>\n&#13;<br \/>\n&#13;<br \/>\n&#13;<br \/>\n&#13;<br \/>\n&#13;<br \/>\n&#13;<br \/>\n&#13;<br \/>\n&#13;<br \/>\n&#13;<br \/>\n&#13;<br \/>\n&#13;<br \/>\n&#13;<br \/>\n&#13;<br \/>\n&#13;<br \/>\n&#13;<br \/>\n&#13;<br \/>\n&#13;<br \/>\n&#13;<br \/>\n&#13;<br \/>\n&#13;<br \/>\n&#13;<br \/>\n&#13;<br \/>\n&#13;<br \/>\n&#13;<br \/>\n&#13;<br \/>\n&#13;<br \/>\n&#13;<br \/>\n&#13;<br \/>\n&#13;<br \/>\n&#13;<br \/>\n&#13;<br \/>\n&#13;<br \/>\n&#13;<br \/>\n&#13;<br \/>\n&#13;<br \/>\n&#13;<br \/>\n&#13;<br \/>\n&#13;<br \/>\n&#13;<br \/>\n&#13;<br \/>\n&#13;<br \/>\n&#13;\n<\/p>\n<p>    Quando De Niro impar\u00f2 il dialetto emiliano<\/p>\n<p class=\"chapter-paragraph\">De Niro volle immergersi completamente nella realt\u00e0 della campagna di Parma: <b>visse per settimane nelle cascine emiliane<\/b>, impar\u00f2 a comprendere il dialetto e i ritmi locali. Mesi che poi ha sempre ricordato come una scuola di libert\u00e0 artistica assoluta, a contatto con la vastit\u00e0 politica e poetica del <b>cinema d\u2019autore europeo<\/b>. Il pubblico romano ora aspetta di sentire i suoi racconti e il suo sguardo sul cinema.<\/p>\n<p class=\"is-last-update\" datetime=\"2026-07-10T21:29:28+02:00\">10 luglio 2026<\/p>\n<p class=\"is-copyright\">\n            \u00a9 RIPRODUZIONE RISERVATA\n        <\/p>\n","protected":false},"excerpt":{"rendered":"Dopo la trasferta capitolina in occasione dell\u2019inaugurazione di Nobu in via Veneto (hotel e ristorante di cui \u00e8&hellip;\n","protected":false},"author":3,"featured_media":579678,"comment_status":"","ping_status":"","sticky":false,"template":"","format":"standard","meta":{"footnotes":"","_share_on_mastodon":"0"},"categories":[1451],"tags":[2382,24247,26518,41678,319128,1621,1620,640,319129,319130,277,13254,44405,12823,203,6139,319131,319132,40695,204,1537,90,106103,89,426,319133,13273,13232,16631,3205,5543],"class_list":["post-579677","post","type-post","status-publish","format-standard","has-post-thumbnail","category-celebrita","tag-attore","tag-bertolucci","tag-capitolina","tag-capolavoro","tag-carocci","tag-celebrita","tag-celebrities","tag-cinema","tag-cinema-piazza","tag-cosimato","tag-de","tag-de-niro","tag-dialetto","tag-emiliano","tag-entertainment","tag-hotel","tag-hotel-ristorante","tag-hotel-ristorante-patron","tag-imparo","tag-intrattenimento","tag-it","tag-italia","tag-italoamericano","tag-italy","tag-luglio","tag-monda","tag-niro","tag-nobu","tag-novecento","tag-occasione","tag-piazza"],"share_on_mastodon":{"url":"https:\/\/pubeurope.com\/@it\/116900244112496545","error":""},"_links":{"self":[{"href":"https:\/\/www.europesays.com\/it\/wp-json\/wp\/v2\/posts\/579677","targetHints":{"allow":["GET"]}}],"collection":[{"href":"https:\/\/www.europesays.com\/it\/wp-json\/wp\/v2\/posts"}],"about":[{"href":"https:\/\/www.europesays.com\/it\/wp-json\/wp\/v2\/types\/post"}],"author":[{"embeddable":true,"href":"https:\/\/www.europesays.com\/it\/wp-json\/wp\/v2\/users\/3"}],"replies":[{"embeddable":true,"href":"https:\/\/www.europesays.com\/it\/wp-json\/wp\/v2\/comments?post=579677"}],"version-history":[{"count":0,"href":"https:\/\/www.europesays.com\/it\/wp-json\/wp\/v2\/posts\/579677\/revisions"}],"wp:featuredmedia":[{"embeddable":true,"href":"https:\/\/www.europesays.com\/it\/wp-json\/wp\/v2\/media\/579678"}],"wp:attachment":[{"href":"https:\/\/www.europesays.com\/it\/wp-json\/wp\/v2\/media?parent=579677"}],"wp:term":[{"taxonomy":"category","embeddable":true,"href":"https:\/\/www.europesays.com\/it\/wp-json\/wp\/v2\/categories?post=579677"},{"taxonomy":"post_tag","embeddable":true,"href":"https:\/\/www.europesays.com\/it\/wp-json\/wp\/v2\/tags?post=579677"}],"curies":[{"name":"wp","href":"https:\/\/api.w.org\/{rel}","templated":true}]}}