{"id":579777,"date":"2026-07-11T09:17:15","date_gmt":"2026-07-11T09:17:15","guid":{"rendered":"https:\/\/www.europesays.com\/it\/579777\/"},"modified":"2026-07-11T09:17:15","modified_gmt":"2026-07-11T09:17:15","slug":"un-passo-dal-cielo-la-serie-tv-rai-dice-addio-alle-dolomiti-del-cadore-dispiace-si-era-creata-familiarita-impatto-incredibile-sul-turismo","status":"publish","type":"post","link":"https:\/\/www.europesays.com\/it\/579777\/","title":{"rendered":"Un passo dal cielo, la serie tv Rai dice addio alle Dolomiti del Cadore: \u00abDispiace, si era creata familiarit\u00e0. Impatto incredibile sul turismo\u00bb"},"content":{"rendered":"<p>    di<br \/>\n    Alissa Claire Collavo<\/p>\n<p class=\"summary-art is-line-h-12\">Dopo l&#8217;ottava stagione la troupe ha salutato il paese di San Vito. Il sindaco: \u00abSerata con il cast alla fine delle riprese nel 2024. Dopo la messa in onda, pi\u00f9 nulla\u00bb<\/p>\n<p class=\"chapter-paragraph\">\u00abLo scorso anno, a quest\u2019ora, le riprese erano gi\u00e0 concluse\u00bb. Il sindaco di <b>San Vito di Cadore<\/b>, Franco De Bon, racconta cos\u00ec l\u2019assenza della troupe televisiva di \u00ab<a href=\"https:\/\/corrieredelveneto.corriere.it\/belluno\/cultura-tempo-libero\/20_luglio_18\/passo-cielo-primo-ciak-lago-mosigo-cadore-3795025e-c8c3-11ea-9c99-73c035e72c2a.shtml\" rel=\"nofollow noopener\" target=\"_blank\">Un passo dal cielo<\/a>\u00bb, fortunata serie targata <b>Rai <\/b>e Lux Vide che dalla sesta stagione era ambientata nel piccolo comune dolomitico ai piedi del monte <b>Antelao<\/b>. Un centinaio di persone, tra attori, registi, sceneggiatori, maestranze, comparse \u00abma anche un\u2019\u00e9quipe medica del \u201cGemelli\u201d di Roma\u00bb, elenca il primo cittadino, che <b>da aprile a fine giugno<\/b> erano soliti popolare San Vito, diventando per alcuni mesi parte attiva della comunit\u00e0.<\/p>\n<p>    \u00abLe ultime riprese nel 2024\u00bb<\/p>\n<p class=\"chapter-paragraph\">La serie \u00e8 stata richiamo per curiosi e turisti. \u00abL\u2019impatto \u00e8 stato incredibile \u2013 ricorda De Bon \u2013 abbiamo avuto gli <b>alberghi pieni anche nel 2021<\/b>, appena dopo il periodo della pandemia\u00bb. Le prime riprese bellunesi, fatte nell\u2019estate 2020. Nel 2024, le ultime, \u00abperch\u00e9 lo scorso anno c\u2019\u00e8 stata la messa in onda degli episodi poi nulla\u00bb. Soltanto una serata con tutto il cast nella sala polifunzionale del paese, a conclusione delle riprese. Un momento di <b>festa <\/b>che ha permesso al pubblico di incontrare i protagonisti della fiction. \u00abDispiace \u2013 dichiara il sindaco \u2013 perch\u00e9 si era creata una collaborazione, una familiarit\u00e0 tra la societ\u00e0 di produzione, il Consorzio e il nostro territorio\u00bb. L\u2019assenza, insomma, si fa sentire. \u00abPer noi era una grande <b>occasione di visibilit\u00e0<\/b> ma lo era anche per altre localit\u00e0 del territorio, come <b>Auronzo, Borca, Cortina<\/b>\u00bb.    &#13;<br \/>\n&#13;<br \/>\n&#13;<br \/>\n&#13;<br \/>\n&#13;<br \/>\n&#13;<br \/>\n&#13;<br \/>\n&#13;<br \/>\n&#13;<br \/>\n&#13;<br \/>\n&#13;<br \/>\n&#13;<br \/>\n&#13;<br \/>\n&#13;<br \/>\n&#13;<br \/>\n&#13;<br \/>\n&#13;<br \/>\n&#13;<br \/>\n&#13;<br \/>\n&#13;<br \/>\n&#13;<br \/>\n&#13;<br \/>\n&#13;<br \/>\n&#13;<br \/>\n&#13;<br \/>\n&#13;<br \/>\n&#13;<br \/>\n&#13;<br \/>\n&#13;<br \/>\n&#13;<br \/>\n&#13;<br \/>\n&#13;<br \/>\n&#13;<br \/>\n&#13;<br \/>\n&#13;<br \/>\n&#13;<br \/>\n&#13;<br \/>\n&#13;<br \/>\n&#13;<br \/>\n&#13;<br \/>\n&#13;<br \/>\n&#13;<br \/>\n&#13;<br \/>\n&#13;<br \/>\n&#13;<br \/>\n&#13;<br \/>\n&#13;<br \/>\n&#13;<br \/>\n&#13;<br \/>\n&#13;<br \/>\n&#13;<br \/>\n&#13;<br \/>\n&#13;\n<\/p>\n<p>    Impatto sul turismo locale<\/p>\n<p class=\"chapter-paragraph\">Una scelta \u2013 quella di non girare a San Vito, in estate \u2013 che per\u00f2 non sembra preoccupare l\u2019ex primo cittadino Emanuele Caruzzo. \u00abQui <b>il turismo arriva lo stesso<\/b>, sono belle zone a prescindere\u00bb, spiega, pur riconoscendo l\u2019impatto che la serie tv ha avuto sul <b>turismo locale<\/b>. \u00abDal lago di Mosigo, alla caserma\u2026 in questi anni, c\u2019\u00e8 stato un bel movimento\u00bb. Sereno anche il Consorzio di promozione turistica \u00abCadore Dolomiti\u00bb: il trend di quest\u2019estate \u00e8 in linea con il flusso turistico dello scorso anno. Manca la serie tv, a fare da traino, certo. \u00abMa noi contiamo sulla forte promozione data dalle <b>Olimpiadi e Paralimpiadi<\/b>\u00bb. E, soprattutto, su un turismo in prevalenza asiatico.\u00a0\u00a0<\/p>\n<p class=\"is-mr-t-20 is-mr-b-20\"><b><br \/>\n                                    <a href=\"https:\/\/corrieredelveneto.corriere.it\/belluno\/?intcmp=Notizielocali_nd_010623_corriere_ss_belluno\" target=\"_blank\" rel=\"nofollow noopener\">Vai a tutte le notizie di Belluno<\/a><br \/>\n                        <\/b><\/p>\n<p class=\"chapter-paragraph\"><b><a href=\"https:\/\/www.corriere.it\/newsletter\/?theme=39&amp;intcmp=NL-artic_nd_060624_corriere_ss_veneto\" target=\"_blank\" rel=\"nofollow noopener\">Iscriviti alla newsletter del Corriere del Veneto<\/a><\/b><\/p>\n<p class=\"is-last-update\" datetime=\"2026-07-11T08:00:16+02:00\">10 luglio 2026 ( modifica il 11 luglio 2026 | 08:00)<\/p>\n<p class=\"is-copyright\">\n            \u00a9 RIPRODUZIONE RISERVATA\n        <\/p>\n","protected":false},"excerpt":{"rendered":"di Alissa Claire Collavo Dopo l&#8217;ottava stagione la troupe ha salutato il paese di San Vito. Il sindaco:&hellip;\n","protected":false},"author":3,"featured_media":579778,"comment_status":"","ping_status":"","sticky":false,"template":"","format":"standard","meta":{"footnotes":"","_share_on_mastodon":"0"},"categories":[174],"tags":[5263,51458,64026,2389,12783,2414,38265,11373,277,319198,6037,4759,203,1533,268988,1390,319199,4302,204,1537,90,89,695,13181,91954,9167,8334,532,193154,1821,9100,19,2062,253,124099],"class_list":["post-579777","post","type-post","status-publish","format-standard","has-post-thumbnail","category-intrattenimento","tag-assenza","tag-bon","tag-cadore","tag-cast","tag-cielo","tag-cittadino","tag-consorzio","tag-creata","tag-de","tag-de-bon","tag-dispiace","tag-dolomiti","tag-entertainment","tag-estate","tag-familiarita","tag-impatto","tag-impatto-incredibile","tag-incredibile","tag-intrattenimento","tag-it","tag-italia","tag-italy","tag-locale","tag-messa","tag-messa-onda","tag-onda","tag-riprese","tag-san","tag-san-vito","tag-serie","tag-serie-tv","tag-sindaco","tag-turismo","tag-tv","tag-vito"],"share_on_mastodon":{"url":"https:\/\/pubeurope.com\/@it\/116900596874053527","error":""},"_links":{"self":[{"href":"https:\/\/www.europesays.com\/it\/wp-json\/wp\/v2\/posts\/579777","targetHints":{"allow":["GET"]}}],"collection":[{"href":"https:\/\/www.europesays.com\/it\/wp-json\/wp\/v2\/posts"}],"about":[{"href":"https:\/\/www.europesays.com\/it\/wp-json\/wp\/v2\/types\/post"}],"author":[{"embeddable":true,"href":"https:\/\/www.europesays.com\/it\/wp-json\/wp\/v2\/users\/3"}],"replies":[{"embeddable":true,"href":"https:\/\/www.europesays.com\/it\/wp-json\/wp\/v2\/comments?post=579777"}],"version-history":[{"count":0,"href":"https:\/\/www.europesays.com\/it\/wp-json\/wp\/v2\/posts\/579777\/revisions"}],"wp:featuredmedia":[{"embeddable":true,"href":"https:\/\/www.europesays.com\/it\/wp-json\/wp\/v2\/media\/579778"}],"wp:attachment":[{"href":"https:\/\/www.europesays.com\/it\/wp-json\/wp\/v2\/media?parent=579777"}],"wp:term":[{"taxonomy":"category","embeddable":true,"href":"https:\/\/www.europesays.com\/it\/wp-json\/wp\/v2\/categories?post=579777"},{"taxonomy":"post_tag","embeddable":true,"href":"https:\/\/www.europesays.com\/it\/wp-json\/wp\/v2\/tags?post=579777"}],"curies":[{"name":"wp","href":"https:\/\/api.w.org\/{rel}","templated":true}]}}