{"id":579843,"date":"2026-07-11T10:24:17","date_gmt":"2026-07-11T10:24:17","guid":{"rendered":"https:\/\/www.europesays.com\/it\/579843\/"},"modified":"2026-07-11T10:24:17","modified_gmt":"2026-07-11T10:24:17","slug":"biella-rugby-giacomo-foglio-bonda-si-aggreghera-alle-zebre-parma-per-il-preseason-newsbiella-it","status":"publish","type":"post","link":"https:\/\/www.europesays.com\/it\/579843\/","title":{"rendered":"Biella Rugby, Giacomo Foglio Bonda si aggregher\u00e0 alle Zebre Parma per il preseason\u00a0&#8211;\u00a0Newsbiella.it"},"content":{"rendered":"<p>Le Zebre Parma e il Biella Rugby annunciano che Giacomo Foglio Bonda sar\u00e0 aggregato alla franchigia giallobl\u00f9 in occasione del raduno precampionato. Durante il preseason il centro biellese sar\u00e0 osservato dallo staff tecnico, che al termine della preparazione effettuer\u00e0 le proprie valutazioni.<\/p>\n<p>Nato a Biella il 6 luglio 2001, Foglio Bonda (173 cm per 78 kg) \u00e8 cresciuto interamente nel settore giovanile del Biella Rugby, dove ha iniziato a giocare nella stagione 2014\/2015 con l&#8217;Under 14, completando tutta la trafila fino all&#8217;esordio in Serie A \u00c9lite con la prima squadra.<\/p>\n<p>Nell&#8217;ultima stagione ha realizzato nove mete, chiudendo tra i migliori marcatori del campionato secondo le statistiche Metaman della Lega Rugby. Le sue prestazioni gli hanno inoltre consentito di conquistare il secondo posto nella classifica &#8220;Rookie of the Year&#8221; dei Serie A \u00c9lite Awards 2025\/2026.<\/p>\n<p>Per la societ\u00e0 \u00e8 motivo di grande orgoglio che un atleta nato e cresciuto nel club abbia l&#8217;opportunit\u00e0 di vivere il preseason con le Zebre\u201d, dichiara il direttore sportivo del Biella Rugby, <strong>Corrado Musso<\/strong>. \u201cHa sempre dimostrato grande maturit\u00e0, un forte senso di appartenenza e un legame profondo con il club, incarnando al meglio i valori che vogliamo trasmettere. Siamo certi che sapr\u00e0 affrontare questa esperienza con seriet\u00e0 e determinazione. Per tutti i nostri giovani, il suo percorso rappresenta un esempio concreto. Chi cresce nel Biella Rugby, lavora con impegno e crede nel proprio percorso pu\u00f2 ambire a traguardi importanti\u201d.<\/p>\n<p>\u201cAbbiamo osservato a lungo Giacomo nella scorsa stagione sportiva, in cui si \u00e8 distinto per il suo gioco elettrico ed imprevedibile negli incontri della Serie A \u00c9lite\u201d, aggiunge <strong>George Biagi<\/strong>, direttore sportivo delle Zebre Parma. \u201cIl suo inserimento nel gruppo del preseason conferma la volont\u00e0 di rafforzare il dialogo ed il rapporto con le realt\u00e0 territoriali come il Biella Rugby, che negli anni hanno dimostrato di saper far crescere giovani di valore. Per lui sar\u00e0 un&#8217;occasione importante per confrontarsi con il nostro ambiente e mettere in mostra le proprie qualit\u00e0 durante il periodo di preparazione\u201d.<\/p>\n<p> c. s. Biella Rugby g. c.<\/p>\n","protected":false},"excerpt":{"rendered":"Le Zebre Parma e il Biella Rugby annunciano che Giacomo Foglio Bonda sar\u00e0 aggregato alla franchigia giallobl\u00f9 in&hellip;\n","protected":false},"author":3,"featured_media":579844,"comment_status":"","ping_status":"","sticky":false,"template":"","format":"standard","meta":{"footnotes":"","_share_on_mastodon":"0"},"categories":[1458],"tags":[1934,629,1537,90,89,7,1935,1840,245,244],"class_list":["post-579843","post","type-post","status-publish","format-standard","has-post-thumbnail","category-rugby","tag-biella","tag-gara","tag-it","tag-italia","tag-italy","tag-news","tag-newsbiella","tag-rugby","tag-sport","tag-sports"],"share_on_mastodon":{"url":"https:\/\/pubeurope.com\/@it\/116900860351118010","error":""},"_links":{"self":[{"href":"https:\/\/www.europesays.com\/it\/wp-json\/wp\/v2\/posts\/579843","targetHints":{"allow":["GET"]}}],"collection":[{"href":"https:\/\/www.europesays.com\/it\/wp-json\/wp\/v2\/posts"}],"about":[{"href":"https:\/\/www.europesays.com\/it\/wp-json\/wp\/v2\/types\/post"}],"author":[{"embeddable":true,"href":"https:\/\/www.europesays.com\/it\/wp-json\/wp\/v2\/users\/3"}],"replies":[{"embeddable":true,"href":"https:\/\/www.europesays.com\/it\/wp-json\/wp\/v2\/comments?post=579843"}],"version-history":[{"count":0,"href":"https:\/\/www.europesays.com\/it\/wp-json\/wp\/v2\/posts\/579843\/revisions"}],"wp:featuredmedia":[{"embeddable":true,"href":"https:\/\/www.europesays.com\/it\/wp-json\/wp\/v2\/media\/579844"}],"wp:attachment":[{"href":"https:\/\/www.europesays.com\/it\/wp-json\/wp\/v2\/media?parent=579843"}],"wp:term":[{"taxonomy":"category","embeddable":true,"href":"https:\/\/www.europesays.com\/it\/wp-json\/wp\/v2\/categories?post=579843"},{"taxonomy":"post_tag","embeddable":true,"href":"https:\/\/www.europesays.com\/it\/wp-json\/wp\/v2\/tags?post=579843"}],"curies":[{"name":"wp","href":"https:\/\/api.w.org\/{rel}","templated":true}]}}