{"id":579851,"date":"2026-07-11T10:30:14","date_gmt":"2026-07-11T10:30:14","guid":{"rendered":"https:\/\/www.europesays.com\/it\/579851\/"},"modified":"2026-07-11T10:30:14","modified_gmt":"2026-07-11T10:30:14","slug":"inter-visite-khalaili-chiesti-dal-coni-ulteriori-accertamenti","status":"publish","type":"post","link":"https:\/\/www.europesays.com\/it\/579851\/","title":{"rendered":"Inter, visite Khalaili: chiesti dal Coni ulteriori accertamenti"},"content":{"rendered":"<p>                                Nuovi esami specifici verranno effettuati tra luned\u00ec e marted\u00ec. Fino a quel momento non sar\u00e0 possibile tesserarlo<\/p>\n<p class=\"paragraph\" spellcheck=\"true\">L\u2019Inter sperava di presentarlo immediatamente, ma ancora niente annuncio per il promesso nerazzurro Anan Khalaili. L\u2019esterno israeliano ha sostenuto ieri a Milano le visite di idoneit\u00e0 sportiva, propedeutiche al suo trasferimento ufficiale in Serie A, ma l&#8217;Istituto di Medicina dello Sport del Coni ha richiesto un approfondimento, con nuovi esami specifici che saranno effettuati luned\u00ec e marted\u00ec. Fino a quel momento non sar\u00e0 quindi possibile tesserare l\u2019erede di Dumfries, per cui l\u2019Inter aveva deciso di investire 25 milioni di euro pi\u00f9 bonus dopo una serrata trattativa con i belgi dell\u2019Union Saint-Gilloise, la squadra che ne detiene il cartellino. Al giocatore era stato garantito un contratto quinquennale da circa 2,2 milioni netti a stagione.<\/p>\n<p>        approfondimenti\u2014 \u00a0<\/p>\n<p class=\"paragraph\" spellcheck=\"true\">L\u2019Inter, ovviamente, seguir\u00e0 da vicino questi approfondimenti considerati necessari dal Coni e, solo alla fine delle nuove visite, potr\u00e0 essere presa una decisione su un affare altamente strategico nella campagna acquisti nerazzurra. Insomma, marted\u00ec si capir\u00e0 se lo stop sar\u00e0 stato solo temporaneo.<\/p>\n","protected":false},"excerpt":{"rendered":"Nuovi esami specifici verranno effettuati tra luned\u00ec e marted\u00ec. Fino a quel momento non sar\u00e0 possibile tesserarlo L\u2019Inter&hellip;\n","protected":false},"author":3,"featured_media":579852,"comment_status":"","ping_status":"","sticky":false,"template":"","format":"standard","meta":{"footnotes":"","_share_on_mastodon":"0"},"categories":[1452],"tags":[4438,721,14565,32608,319237,319238,6104,319239,1740,350,1537,90,89,192610,1691,1427,1739,245,244,8484],"class_list":["post-579851","post","type-post","status-publish","format-standard","has-post-thumbnail","category-calcio","tag-approfondimenti","tag-calcio","tag-coni","tag-effettuati","tag-effettuati-lunedi","tag-effettuati-lunedi-martedi","tag-esami","tag-esami-specifici","tag-football","tag-inter","tag-it","tag-italia","tag-italy","tag-khalaili","tag-lunedi","tag-martedi","tag-soccer","tag-sport","tag-sports","tag-visite"],"share_on_mastodon":{"url":"https:\/\/pubeurope.com\/@it\/116900884033618501","error":""},"_links":{"self":[{"href":"https:\/\/www.europesays.com\/it\/wp-json\/wp\/v2\/posts\/579851","targetHints":{"allow":["GET"]}}],"collection":[{"href":"https:\/\/www.europesays.com\/it\/wp-json\/wp\/v2\/posts"}],"about":[{"href":"https:\/\/www.europesays.com\/it\/wp-json\/wp\/v2\/types\/post"}],"author":[{"embeddable":true,"href":"https:\/\/www.europesays.com\/it\/wp-json\/wp\/v2\/users\/3"}],"replies":[{"embeddable":true,"href":"https:\/\/www.europesays.com\/it\/wp-json\/wp\/v2\/comments?post=579851"}],"version-history":[{"count":0,"href":"https:\/\/www.europesays.com\/it\/wp-json\/wp\/v2\/posts\/579851\/revisions"}],"wp:featuredmedia":[{"embeddable":true,"href":"https:\/\/www.europesays.com\/it\/wp-json\/wp\/v2\/media\/579852"}],"wp:attachment":[{"href":"https:\/\/www.europesays.com\/it\/wp-json\/wp\/v2\/media?parent=579851"}],"wp:term":[{"taxonomy":"category","embeddable":true,"href":"https:\/\/www.europesays.com\/it\/wp-json\/wp\/v2\/categories?post=579851"},{"taxonomy":"post_tag","embeddable":true,"href":"https:\/\/www.europesays.com\/it\/wp-json\/wp\/v2\/tags?post=579851"}],"curies":[{"name":"wp","href":"https:\/\/api.w.org\/{rel}","templated":true}]}}