{"id":579940,"date":"2026-07-11T11:52:17","date_gmt":"2026-07-11T11:52:17","guid":{"rendered":"https:\/\/www.europesays.com\/it\/579940\/"},"modified":"2026-07-11T11:52:17","modified_gmt":"2026-07-11T11:52:17","slug":"udinese-zaniolo-e-il-caso-sul-contratto-non-si-allena","status":"publish","type":"post","link":"https:\/\/www.europesays.com\/it\/579940\/","title":{"rendered":"Udinese, Zaniolo e il caso sul contratto: non si allena"},"content":{"rendered":"<p>                                Dopo un primo accordo di massima, il numero 10 bianconero avrebbe chiesto pi\u00f9 garanzie legate ai bonus<\/p>\n<p class=\"paragraph\" spellcheck=\"true\">Che Nicol\u00f2 Zaniolo sia un calciatore da maneggiare con particolare attenzione \u00e8 chiaro ormai da anni. Ma marted\u00ec mattina sembrava che la sua storia con l\u2019Udinese, che dura da un annetto, sembrava destinata a proseguire felicemente. L\u2019agente Claudio Vigorelli, l&#8217;uomo mercato del club Gianluca Nani e i suoi collaboratori felici e contenti, Gino Pozzo collegato da Londra contento di poter andare avanti col suo numero 10 in cui crede.\u00a0Il ragazzo che \u00e8 salito al piano di sopra a stringere le mani a tutti.<\/p>\n<p>        la situazione\u2014 \u00a0<\/p>\n<p class=\"paragraph\" spellcheck=\"true\">E invece no. Il contratto, prima firmato, dopo l\u2019acquisto a titolo definitivo dal Galatasaray, e poi ampiamente riveduto e corretto, non va bene. A Zaniolo. Che non ci vede chiarissimo. E cos\u00ec non si \u00e8 presentato alle sedute al Bruseschi che anticipano in qualche modo il vero e proprio ritiro che comincer\u00e0 luned\u00ec, sempre a Udine per poi trasferirsi in Austria. Un milione e mezzo pi\u00f9 i bonus. Circa 300 mila euro. Questa la soluzione trovata. Ma proprio in questi bonus ci sarebbe l\u2019insoddisfazione del ragazzo. Che si \u00e8 messo di traverso. E ora tutto va ridiscusso. L\u2019Udinese tiene moltissimo al giocatore che non percepir\u00e0 pi\u00f9 i 2 milioni e 700 mila euro del Gala, ma ha il privilegio di essere considerato un elemento fondamentale per la squadra di Kosta Runjaic che lo ha rilanciato alla grande dopo anni complicati. Zaniolo \u00e8 andato al mare. Chiss\u00e0 se sole, cuore e amore serviranno per farlo tornare luned\u00ec deciso ad allenarsi e a vivere una stagione da protagonista come quella appena conclusa. Mercoled\u00ec viene presentata la campagna abbonamenti e svelata la nuova maglia. Col presidente della Regione Massimiliano Fedriga a fare gli onori di casa. Zaniolo sar\u00e0 il testimonial? Al momento sembra improbabile\u2026.<\/p>\n","protected":false},"excerpt":{"rendered":"Dopo un primo accordo di massima, il numero 10 bianconero avrebbe chiesto pi\u00f9 garanzie legate ai bonus Che&hellip;\n","protected":false},"author":3,"featured_media":579941,"comment_status":"","ping_status":"","sticky":false,"template":"","format":"standard","meta":{"footnotes":"","_share_on_mastodon":"0"},"categories":[1452],"tags":[19425,319278,319279,579,260839,319280,2842,49452,319281,587,721,6693,724,1740,1537,90,89,1691,1312,5402,11603,1739,245,244,2817,60374],"class_list":["post-579940","post","type-post","status-publish","format-standard","has-post-thumbnail","category-calcio","tag-abbonamenti","tag-abbonamenti-svelata","tag-abbonamenti-svelata-nuova","tag-accordo","tag-accordo-massima","tag-accordo-massima-numero","tag-acquisto","tag-acquisto-definitivo","tag-acquisto-definitivo-galatasaray","tag-bonus","tag-calcio","tag-contratto","tag-euro","tag-football","tag-it","tag-italia","tag-italy","tag-lunedi","tag-numero","tag-ragazzo","tag-sembrava","tag-soccer","tag-sport","tag-sports","tag-udinese","tag-zaniolo"],"share_on_mastodon":{"url":"https:\/\/pubeurope.com\/@it\/116901206264271462","error":""},"_links":{"self":[{"href":"https:\/\/www.europesays.com\/it\/wp-json\/wp\/v2\/posts\/579940","targetHints":{"allow":["GET"]}}],"collection":[{"href":"https:\/\/www.europesays.com\/it\/wp-json\/wp\/v2\/posts"}],"about":[{"href":"https:\/\/www.europesays.com\/it\/wp-json\/wp\/v2\/types\/post"}],"author":[{"embeddable":true,"href":"https:\/\/www.europesays.com\/it\/wp-json\/wp\/v2\/users\/3"}],"replies":[{"embeddable":true,"href":"https:\/\/www.europesays.com\/it\/wp-json\/wp\/v2\/comments?post=579940"}],"version-history":[{"count":0,"href":"https:\/\/www.europesays.com\/it\/wp-json\/wp\/v2\/posts\/579940\/revisions"}],"wp:featuredmedia":[{"embeddable":true,"href":"https:\/\/www.europesays.com\/it\/wp-json\/wp\/v2\/media\/579941"}],"wp:attachment":[{"href":"https:\/\/www.europesays.com\/it\/wp-json\/wp\/v2\/media?parent=579940"}],"wp:term":[{"taxonomy":"category","embeddable":true,"href":"https:\/\/www.europesays.com\/it\/wp-json\/wp\/v2\/categories?post=579940"},{"taxonomy":"post_tag","embeddable":true,"href":"https:\/\/www.europesays.com\/it\/wp-json\/wp\/v2\/tags?post=579940"}],"curies":[{"name":"wp","href":"https:\/\/api.w.org\/{rel}","templated":true}]}}