{"id":579951,"date":"2026-07-11T12:01:14","date_gmt":"2026-07-11T12:01:14","guid":{"rendered":"https:\/\/www.europesays.com\/it\/579951\/"},"modified":"2026-07-11T12:01:14","modified_gmt":"2026-07-11T12:01:14","slug":"west-nile-primo-caso-del-2026-nel-lazio-positivo-un-paziente-della-provincia-di-latina","status":"publish","type":"post","link":"https:\/\/www.europesays.com\/it\/579951\/","title":{"rendered":"West Nile, primo caso del 2026 nel Lazio: positivo un paziente della provincia di Latina"},"content":{"rendered":"<p>Si registra in provincia di Latina il primo caso di positivit\u00e0 al virus West Nile nel Lazio dall&#8217;inizio del 2026. Il contagio, secondo quanto appreso da Agenzia Nova da fonti sanitarie, \u00e8 stato accertato nel territorio pontino, che gi\u00e0 nella scorsa estate era stato il principale focolaio regionale dell&#8217;infezione.<\/p>\n<p>La conferma segna di fatto l&#8217;avvio della sorveglianza epidemiologica per la stagione estivo-autunnale, periodo in cui aumenta la circolazione del virus trasmesso all&#8217;uomo attraverso la puntura di zanzare infette.<\/p>\n<p>Nella maggior parte dei casi l&#8217;infezione decorre senza sintomi oppure si manifesta con febbre e disturbi lievi. Nelle persone pi\u00f9 fragili, tuttavia, il virus pu\u00f2 provocare complicanze neurologiche anche gravi, motivo per cui le autorit\u00e0 sanitarie monitorano con particolare attenzione l&#8217;evoluzione della situazione.<\/p>\n<p>Lo scorso anno la provincia di Latina aveva registrato numerosi casi di West Nile, risultando l&#8217;area del Lazio maggiormente interessata dalla diffusione del virus. Il nuovo caso conferma quindi la necessit\u00e0 di mantenere alta l&#8217;attenzione, anche attraverso le campagne di disinfestazione e le misure di prevenzione gi\u00e0 avviate in diversi comuni del territorio.<\/p>\n","protected":false},"excerpt":{"rendered":"Si registra in provincia di Latina il primo caso di positivit\u00e0 al virus West Nile nel Lazio dall&#8217;inizio&hellip;\n","protected":false},"author":3,"featured_media":579952,"comment_status":"","ping_status":"","sticky":false,"template":"","format":"standard","meta":{"footnotes":"","_share_on_mastodon":"0"},"categories":[175],"tags":[14,239,1537,90,89,11225,240,3143],"class_list":["post-579951","post","type-post","status-publish","format-standard","has-post-thumbnail","category-salute","tag-cronaca","tag-health","tag-it","tag-italia","tag-italy","tag-latina","tag-salute","tag-west-nile"],"share_on_mastodon":{"url":"https:\/\/pubeurope.com\/@it\/116901241692513809","error":""},"_links":{"self":[{"href":"https:\/\/www.europesays.com\/it\/wp-json\/wp\/v2\/posts\/579951","targetHints":{"allow":["GET"]}}],"collection":[{"href":"https:\/\/www.europesays.com\/it\/wp-json\/wp\/v2\/posts"}],"about":[{"href":"https:\/\/www.europesays.com\/it\/wp-json\/wp\/v2\/types\/post"}],"author":[{"embeddable":true,"href":"https:\/\/www.europesays.com\/it\/wp-json\/wp\/v2\/users\/3"}],"replies":[{"embeddable":true,"href":"https:\/\/www.europesays.com\/it\/wp-json\/wp\/v2\/comments?post=579951"}],"version-history":[{"count":0,"href":"https:\/\/www.europesays.com\/it\/wp-json\/wp\/v2\/posts\/579951\/revisions"}],"wp:featuredmedia":[{"embeddable":true,"href":"https:\/\/www.europesays.com\/it\/wp-json\/wp\/v2\/media\/579952"}],"wp:attachment":[{"href":"https:\/\/www.europesays.com\/it\/wp-json\/wp\/v2\/media?parent=579951"}],"wp:term":[{"taxonomy":"category","embeddable":true,"href":"https:\/\/www.europesays.com\/it\/wp-json\/wp\/v2\/categories?post=579951"},{"taxonomy":"post_tag","embeddable":true,"href":"https:\/\/www.europesays.com\/it\/wp-json\/wp\/v2\/tags?post=579951"}],"curies":[{"name":"wp","href":"https:\/\/api.w.org\/{rel}","templated":true}]}}