{"id":579957,"date":"2026-07-11T12:04:21","date_gmt":"2026-07-11T12:04:21","guid":{"rendered":"https:\/\/www.europesays.com\/it\/579957\/"},"modified":"2026-07-11T12:04:21","modified_gmt":"2026-07-11T12:04:21","slug":"mps-test-sulle-offerte-banco-bpm-scopre-le-carte","status":"publish","type":"post","link":"https:\/\/www.europesays.com\/it\/579957\/","title":{"rendered":"Mps, test sulle offerte. Banco Bpm scopre le carte"},"content":{"rendered":"<p>Roma, 11 luglio 2026 \u2013 La partita sul <strong>Monte dei Paschi<\/strong> entra nella settimana decisiva. Mentre gli advisor passano ai raggi X l\u2019offerta pubblica di acquisto e scambio lanciata da <strong>Intesa Sanpaolo<\/strong> e la proposta di fusione alla pari avanzata da <strong>Banco Bpm<\/strong>, a Siena cresce l\u2019attesa per il consiglio di amministrazione convocato gioved\u00ec. Sar\u00e0 quella la prima occasione per una valutazione, almeno preliminare, sui due progetti destinati a ridisegnare la <strong>geografia bancaria italiana<\/strong>.<\/p>\n<p>Prima, per\u00f2, toccher\u00e0 a Banco Bpm. Marted\u00ec il consiglio di amministrazione di Piazza Meda dovrebbe ricevere dall\u2019amministratore delegato <strong>Giuseppe Castagna <\/strong>un\u2019informativa sul risiko e sui possibili sviluppi dell\u2019operazione con Mps. Una mossa attesa, perch\u00e9 l\u2019invito rivolto a <strong>Rocca Salimbeni <\/strong>a studiare una fusione alla pari deve ora trasformarsi in una proposta concreta, capace di competere con quella gi\u00e0 formalizzata dal ceo di Intesa Carlo Messina e che valorizza Mps circa 33,4 miliardi di euro, poco meno dei 34,2 miliardi raggiunti dalla banca senese in Borsa.<\/p>\n<p> <img alt=\"Giuseppe Castagna, amministratore delegato di Banco Bpm\" loading=\"lazy\" width=\"4000\" height=\"2670\" decoding=\"async\" data-nimg=\"1\" style=\"color:transparent;max-width:100%;height:auto\"   src=\"https:\/\/www.europesays.com\/it\/wp-content\/uploads\/2026\/07\/giuseppe-castagna-amministratore-delegato-di-banco-bpm.webp\"\/><\/p>\n<p>Giuseppe Castagna, amministratore delegato di Banco Bpm<\/p>\n<p>La differenza tra i due scenari <\/p>\n<p>A Siena la differenza tra i due scenari appare netta. Il<strong> successo dell\u2019operazione di Intesa determinerebbe la fine del percorso autonomo del Monte,<\/strong> tornato protagonista del mercato dopo l\u2019integrazione con Mediobanca e diventato la terza banca italiana. Il progetto prevede inoltre la cessione a Unipol di circa met\u00e0 della rete di Mps.<strong> La fusione con Banco Bpm, invece, consentirebbe almeno sulla carta di proseguire il cammino di crescita autonoma<\/strong>, facendo di Siena e Milano i due pilastri di un nuovo terzo polo bancario. Anche le parole pronunciate a fine giugno dall\u2019amministratore delegato Luigi Lovaglio sembrano indicare una particolare attenzione alla tutela dell\u2019indipendenza del Monte. Il manager ha sottolineato che il valore della banca non sarebbe ancora pienamente riconosciuto dal mercato e che Mps dispone di un &#8220;enorme potenziale&#8221; per accrescerlo ulteriormente. Lovaglio ha inoltre definito positiva, per i clienti, i dipendenti e per l\u2019intero Paese, la presenza di un grande operatore indipendente capace di rafforzare la concorrenza in tutti i segmenti.<\/p>\n<p> <img alt=\"Rocca Salimbeni, sede centrale di Banca Monte dei Paschi di Siena\" loading=\"lazy\" width=\"4000\" height=\"2666\" decoding=\"async\" data-nimg=\"1\" style=\"color:transparent;max-width:100%;height:auto\"   src=\"https:\/\/www.europesays.com\/it\/wp-content\/uploads\/2026\/07\/rocca-salimbeni-sede-centrale-di-banca-monte-dei-paschi-di-siena.webp\"\/><\/p>\n<p>Rocca Salimbeni, sede centrale di Banca Monte dei Paschi di Siena<\/p>\n<p>Il vincolo della passivity rule <\/p>\n<p>Resta per\u00f2 il vincolo della passivity rule, che<strong> impedisce al consiglio di adottare iniziative difensive capaci di ostacolare l\u2019offerta di Intesa senza una preventiva autorizzazione dell\u2019assemblea<\/strong>. Mps rinnova, intanto, il suo legame con Siena. La banca e il Comune hanno raggiunto un accordo transattivo che chiude il contenzioso sul contratto derivato sottoscritto nel 2002 e rinnovato nel 2005. L\u2019intesa consentir\u00e0 a Palazzo Pubblico di liberare circa 7,1 milioni di euro finora accantonati e di destinarli a nuovi investimenti. Comune e Monte hanno inoltre deciso di finanziare con un milione di euro il rinnovo dei costumi del Corteo storico del Palio: 500mila euro saranno destinati alle diciassette Contrade e altrettanti alle monture di propriet\u00e0 comunale.<\/p>\n","protected":false},"excerpt":{"rendered":"Roma, 11 luglio 2026 \u2013 La partita sul Monte dei Paschi entra nella settimana decisiva. Mentre gli advisor&hellip;\n","protected":false},"author":3,"featured_media":579958,"comment_status":"","ping_status":"","sticky":false,"template":"","format":"standard","meta":{"footnotes":"","_share_on_mastodon":"0"},"categories":[172],"tags":[178,1406,177,10434,1537,90,89,15129,5858,19320,2641],"class_list":["post-579957","post","type-post","status-publish","format-standard","has-post-thumbnail","category-affari","tag-affari","tag-banco","tag-business","tag-carte","tag-it","tag-italia","tag-italy","tag-mps","tag-offerte","tag-scopre","tag-test"],"share_on_mastodon":{"url":"https:\/\/pubeurope.com\/@it\/116901253465372095","error":""},"_links":{"self":[{"href":"https:\/\/www.europesays.com\/it\/wp-json\/wp\/v2\/posts\/579957","targetHints":{"allow":["GET"]}}],"collection":[{"href":"https:\/\/www.europesays.com\/it\/wp-json\/wp\/v2\/posts"}],"about":[{"href":"https:\/\/www.europesays.com\/it\/wp-json\/wp\/v2\/types\/post"}],"author":[{"embeddable":true,"href":"https:\/\/www.europesays.com\/it\/wp-json\/wp\/v2\/users\/3"}],"replies":[{"embeddable":true,"href":"https:\/\/www.europesays.com\/it\/wp-json\/wp\/v2\/comments?post=579957"}],"version-history":[{"count":0,"href":"https:\/\/www.europesays.com\/it\/wp-json\/wp\/v2\/posts\/579957\/revisions"}],"wp:featuredmedia":[{"embeddable":true,"href":"https:\/\/www.europesays.com\/it\/wp-json\/wp\/v2\/media\/579958"}],"wp:attachment":[{"href":"https:\/\/www.europesays.com\/it\/wp-json\/wp\/v2\/media?parent=579957"}],"wp:term":[{"taxonomy":"category","embeddable":true,"href":"https:\/\/www.europesays.com\/it\/wp-json\/wp\/v2\/categories?post=579957"},{"taxonomy":"post_tag","embeddable":true,"href":"https:\/\/www.europesays.com\/it\/wp-json\/wp\/v2\/tags?post=579957"}],"curies":[{"name":"wp","href":"https:\/\/api.w.org\/{rel}","templated":true}]}}