{"id":579969,"date":"2026-07-11T12:20:10","date_gmt":"2026-07-11T12:20:10","guid":{"rendered":"https:\/\/www.europesays.com\/it\/579969\/"},"modified":"2026-07-11T12:20:10","modified_gmt":"2026-07-11T12:20:10","slug":"juve-il-raduno-spalletti-e-i-presenti-solo-5-titolari","status":"publish","type":"post","link":"https:\/\/www.europesays.com\/it\/579969\/","title":{"rendered":"Juve, il raduno: Spalletti e i presenti, solo 5 titolari"},"content":{"rendered":"<p>                                Il tecnico bianconero avr\u00e0 a disposizione un gruppo nutrito di calciatori, ma molti di questi sono di rientro dai prestiti o sono rimasti ai margini nell&#8217;ultima stagione<\/p>\n<p class=\"paragraph\" spellcheck=\"true\">Una squadra a met\u00e0. Un paradosso, se si pensa che nella Juve che si raduner\u00e0 luned\u00ec agli ordini di Luciano Spalletti per iniziare a preparare la stagione 2026-27, oltre <a href=\"https:\/\/www.gazzetta.it\/Calcio\/Serie-A\/Juventus\/storie\/02-07-2026\/juve-chi-sono-giovani-convocati-ritiro-spalletti\/\" title=\"Da Owusu a Gil Puche ed Elimoghale, chi sono gli otto giovani che andranno in ritiro con Spalletti\" rel=\"nofollow noopener\" target=\"_blank\">ai giovani aggregati<\/a>, ci saranno gi\u00e0 ben 22 calciatori. Un gruppo nutrito, che sarebbe un&#8217;ottima notizia per il tecnico, se non fosse che molti di questi giocatori torneranno alla Continassa dopo un periodo passato altrove in prestito o dopo un&#8217;annata deludente. E cos\u00ec, l&#8217;ex ct si ritrover\u00e0 con una rosa extralarge, ma con appena 5 potenziali titolari.\u00a0<\/p>\n<p>    juve, chi ci sar\u00e0 al raduno\u2014 \u00a0<\/p>\n<p class=\"paragraph is-inline\" spellcheck=\"true\">Luned\u00ec mattina varcheranno i cancelli del centro sportivo bianconero 3 portieri (Di Gregorio, Perin e Pinsoglio), 8 difensori (Kalulu, Joao Mario, Gatti, Kelly, Rugani, Cambiaso, Cabal e Rouhi), 6 centrocampisti (Locatelli, Thuram, Douglas Luiz, Arthur, Miretti e Adzic) e 5 attaccanti (Zhegrova, Boga, Openda, Milik ed Ekhator, l&#8217;unico volto nuovo).\u00a0Certo, pesano le assenze dei calciatori reduci dai Mondiali (Bremer, Concei\u00e7ao, David, Nico Gonzalez, Koopmeiners, McKennie e Yildiz), che godranno di vacanze extra, ma resta il fatto che, al primo giorno di lavoro, le certezze per Spalletti si conteranno sulle dita di una mano. D&#8217;altronde, il finale della scorsa stagione ha parlato abbastanza chiaro: da quando la sua Juve ha avuto soltanto una partita a settimana, tra coloro con cui potr\u00e0 lavorare da inizio ritiro l&#8217;ex ct ha utilizzato con continuit\u00e0 soltanto Kalulu, Kelly e Cambiaso in difesa e Locatelli e Thuram in mezzo al campo. Pi\u00f9 Boga, che, adattato a finto centravanti e che quest&#8217;anno dovrebbe stabilmente tornare a ricoprire il ruolo di vice-Yildiz.<\/p>\n<p>    le priorit\u00e0 di spalletti sul mercato\u2014 \u00a0<\/p>\n<p class=\"paragraph is-inline\" spellcheck=\"true\">Esclusi i prestiti, per tutti gli altri nelle 11 partite conclusive dell&#8217;ultima annata sono rimaste solo le briciole: 189&#8242; per Gatti, 113&#8242; per Miretti, 80&#8242; per Zhegrova, 4&#8242; per Openda, addirittura mai in campo Cabal e Adzic, complici anche alcuni problemi fisici. Certo, per la tourn\u00e9e asiatica di inizio agosto, al netto dei movimenti di mercato, torneranno altri &#8220;titolari&#8221; come Bremer, McKennie, Yildiz e Concei\u00e7ao, nella speranza, soprattutto di Spalletti, che nel frattempo siano state risolte anche le emergenze portiere e centravanti. Prima di altri 4\/5 rinforzi che il tecnico si aspetterebbe e che dovrebbero cambiare definitivamente il volto della sua Juve. Tra due giorni si parte, ma il cartello &#8220;lavori in corso&#8221; alla Continassa da luned\u00ec sar\u00e0 pi\u00f9 affisso che mai.<\/p>\n","protected":false},"excerpt":{"rendered":"Il tecnico bianconero avr\u00e0 a disposizione un gruppo nutrito di calciatori, ma molti di questi sono di rientro&hellip;\n","protected":false},"author":3,"featured_media":579970,"comment_status":"","ping_status":"","sticky":false,"template":"","format":"standard","meta":{"footnotes":"","_share_on_mastodon":"0"},"categories":[1452],"tags":[54487,8234,10575,168772,27704,75495,1952,721,36318,921,12837,7801,7521,5886,1740,12806,1302,1537,90,89,565,54738,3179,51882,319341,1691,57022,319342,1412,7186,1739,24806,245,244,577,3375,24173,10571],"class_list":["post-579969","post","type-post","status-publish","format-standard","has-post-thumbnail","category-calcio","tag-adzic","tag-annata","tag-bianconero","tag-boga","tag-bremer","tag-cabal","tag-calciatori","tag-calcio","tag-cambiaso","tag-campo","tag-centravanti","tag-conceicao","tag-continassa","tag-ct","tag-football","tag-gatti","tag-inizio","tag-it","tag-italia","tag-italy","tag-juve","tag-kalulu","tag-kelly","tag-locatelli","tag-locatelli-thuram","tag-lunedi","tag-mckennie","tag-mckennie-yildiz","tag-mercato","tag-miretti","tag-soccer","tag-spalletti","tag-sport","tag-sports","tag-stagione","tag-tecnico","tag-titolari","tag-yildiz"],"share_on_mastodon":{"url":"https:\/\/pubeurope.com\/@it\/116901316333269557","error":""},"_links":{"self":[{"href":"https:\/\/www.europesays.com\/it\/wp-json\/wp\/v2\/posts\/579969","targetHints":{"allow":["GET"]}}],"collection":[{"href":"https:\/\/www.europesays.com\/it\/wp-json\/wp\/v2\/posts"}],"about":[{"href":"https:\/\/www.europesays.com\/it\/wp-json\/wp\/v2\/types\/post"}],"author":[{"embeddable":true,"href":"https:\/\/www.europesays.com\/it\/wp-json\/wp\/v2\/users\/3"}],"replies":[{"embeddable":true,"href":"https:\/\/www.europesays.com\/it\/wp-json\/wp\/v2\/comments?post=579969"}],"version-history":[{"count":0,"href":"https:\/\/www.europesays.com\/it\/wp-json\/wp\/v2\/posts\/579969\/revisions"}],"wp:featuredmedia":[{"embeddable":true,"href":"https:\/\/www.europesays.com\/it\/wp-json\/wp\/v2\/media\/579970"}],"wp:attachment":[{"href":"https:\/\/www.europesays.com\/it\/wp-json\/wp\/v2\/media?parent=579969"}],"wp:term":[{"taxonomy":"category","embeddable":true,"href":"https:\/\/www.europesays.com\/it\/wp-json\/wp\/v2\/categories?post=579969"},{"taxonomy":"post_tag","embeddable":true,"href":"https:\/\/www.europesays.com\/it\/wp-json\/wp\/v2\/tags?post=579969"}],"curies":[{"name":"wp","href":"https:\/\/api.w.org\/{rel}","templated":true}]}}